{"id":41347,"date":"2011-10-19T12:03:24","date_gmt":"2011-10-19T09:03:24","guid":{"rendered":"http:\/\/www.korhanyilmaz.com\/?p=41347"},"modified":"2011-10-19T13:10:54","modified_gmt":"2011-10-19T10:10:54","slug":"basbakanlikta-kritik-zirve","status":"publish","type":"post","link":"http:\/\/www.korhanyilmaz.com\/?p=41347","title":{"rendered":"Ba\u015fbakanl\u0131kta kritik zirve"},"content":{"rendered":"<p style=\"text-align: justify;\"><a href=\"http:\/\/www.korhanyilmaz.com\/wp-content\/uploads\/2011\/10\/8128.jpg\"  class=\"lightview\"><img loading=\"lazy\" decoding=\"async\" class=\"aligncenter size-full wp-image-41348\" title=\"\" src=\"http:\/\/www.korhanyilmaz.com\/wp-content\/uploads\/2011\/10\/8128.jpg\" alt=\"\" width=\"312\" height=\"234\" \/><\/a><\/p>\n<p style=\"text-align: justify;\">Hakkari&#8217;nin \u00c7ukurca \u0130l\u00e7esi Kekliktepe b\u00f6lgesinde bulunan askeri birli\u011fe yap\u0131lan ve 24 askerin \u015fehit oldu\u011fu sald\u0131r\u0131n\u0131n ard\u0131ndan, Ba\u015fbakanl\u0131kta ter\u00f6r zirvesi topland\u0131.<\/p>\n<p style=\"text-align: justify;\">Hakkari&#8217;nin Y\u00fcksekova ve \u00c7ukurca il\u00e7elerindeki sald\u0131r\u0131larda 24 askerimizin \u015fehit olmas\u0131 nedeniyle Ba\u015fbakan Recep Tayyip Erdo\u011fan&#8217;\u0131n Kazakistan ziyaretini iptal etti.\u00a0<!--more--><\/p>\n<p style=\"text-align: justify;\">Kazakistan ziyaretini iptal eden Ba\u015fbakan Recep Tayyip Erdo\u011fan, \u0130\u00e7i\u015fleri Bakan\u0131 \u0130dris Naim \u015eahin ve Milli Savunma Bakan\u0131 \u0130smet Y\u0131lmaz ile Jandarma Genel Komutan\u0131 Orgeneral Bekir Kalyoncu sald\u0131r\u0131y\u0131 de\u011ferlendirmek \u00fczere bir araya geldi.<\/p>\n<p style=\"text-align: justify;\">Bu arada Adalet Bakan\u0131 Sadullah Ergin ile M\u0130T M\u00fcste\u015far\u0131 Hakan Fidan da ba\u015fbakanl\u0131kta haz\u0131r bulundu.<\/p>\n<p style=\"text-align: justify;\"><strong>DAVUTO\u011eLU, PROGRAMLARINI \u0130PTAL ETT\u0130 ANKARA&#8217;YA D\u00d6N\u00dcYOR<\/strong><\/p>\n<p style=\"text-align: justify;\">D\u0131\u015fi\u015fleri Bakan\u0131 Ahmet Davuto\u011flu, Hakkari \u00c7ukurca ve Y\u00fcksekova il\u00e7elerinde ter\u00f6ristlerin sald\u0131r\u0131s\u0131nda \u00e7ok say\u0131da \u015fehit haberleri \u00fczerine, Konya&#8217;daki b\u00fct\u00fcn programlar\u0131n\u0131 iptal etti. Bakan Davuto\u011flu, Ankara&#8217;ya d\u00f6nd\u00fc.<\/p>\n<p style=\"text-align: justify;\"><strong>MAL\u0130YE BAKANI \u015e\u0130M\u015eEK, HAKKAR\u0130&#8217;DEK\u0130 SALDIRI NEDEN\u0130YLE ABD PROGRAMINI \u0130PTAL ETT\u0130<\/strong><\/p>\n<p style=\"text-align: justify;\">Maliye Bakan\u0131 Mehmet \u015eim\u015fek&#8217;in, Hakkari \u00c7ukurca&#8217;daki ter\u00f6rist sald\u0131r\u0131lar\u0131n ard\u0131ndan ABD program\u0131n\u0131 iptal etti\u011fi bildirildi.<\/p>\n<p style=\"text-align: justify;\">Maliye Bakanl\u0131\u011f\u0131ndan yap\u0131lan a\u00e7\u0131klamaya g\u00f6re, \u015eim\u015fek, &#8221;Hakkari \u00c7ukurca&#8217;da ya\u015fanan ac\u0131 olay\u0131n ard\u0131ndan&#8221; bug\u00fcn gidece\u011fi ABD program\u0131n\u0131 iptal etti.<\/p>\n<p style=\"text-align: justify;\">Bakan \u015eim\u015fek, \u00e7e\u015fitli temaslarda bulunmak ve \u0130\u015f Yat\u0131r\u0131m&#8217;\u0131n d\u00fczenleyece\u011fi &#8221;T\u00fcrkiye Yat\u0131r\u0131mc\u0131 Konferans\u0131&#8221; ile D\u0131\u015f Ekonomik \u0130li\u015fkiler Kurulunun, T\u00fcrk-Amerikan \u0130\u015f Konseyi ve American Turkish Society i\u015fbirli\u011fiyle, Goldman Sachs ev sahipli\u011finde d\u00fczenleyece\u011fi &#8221;T\u00fcrkiye Yat\u0131r\u0131m Konferans\u0131&#8221;na kat\u0131lmak i\u00e7in New York&#8217;a gidecekti.<\/p>\n<p style=\"text-align: justify;\"><strong>BA\u015eBAKAN YARDIMCISI ARIN\u00c7, OHR\u0130&#8217;DEK\u0130 PROGRAMINI \u0130PTAL ETT\u0130<\/strong><\/p>\n<p style=\"text-align: justify;\">Bir dizi etkinlikte bulunmak \u00fczere Makedonya&#8217;ya giden Ba\u015fbakan Yard\u0131mc\u0131s\u0131 B\u00fclent Ar\u0131n\u00e7, Hakkari&#8217;nin \u00c7ukurca il\u00e7esinde meydana gelen ter\u00f6r sald\u0131r\u0131s\u0131 dolay\u0131s\u0131yla program\u0131n\u0131 yar\u0131da keserek \u00f6\u011fle saatlerinde T\u00fcrkiye&#8217;ye d\u00f6necek.<\/p>\n<p style=\"text-align: justify;\">Makedonya&#8217;da, Atat\u00fcrk Ara\u015ft\u0131rma Merkezi Ba\u015fkanl\u0131\u011f\u0131 ile Makedonya Bilimler ve Sanatlar Akademisi taraf\u0131ndan d\u00fczenlenen 7. Uluslararas\u0131 Atat\u00fcrk Kongresi&#8217;ne kat\u0131lan ve bug\u00fcn de Ohri&#8217;de \u015fehir turunun ard\u0131ndan Halveti Tekkesi, Tarihi \u00c7\u0131nar A\u011fac\u0131, Struga ve Manast\u0131r&#8217;da Atat\u00fcrk&#8217;\u00fcn okudu\u011fu Askeri \u0130dadi Binas\u0131&#8217;n\u0131 ziyaret etmeyi planlayan Ar\u0131n\u00e7, ge\u00e7 saatlerde T\u00fcrkiye&#8217;ye d\u00f6necekti.<\/p>\n<p style=\"text-align: justify;\">Ar\u0131n\u00e7, ya\u015fanan ter\u00f6r olay\u0131 dolay\u0131s\u0131yla ziyaret plan\u0131n\u0131 iptal ederek \u00f6\u011fle saatlerinde T\u00fcrkiye&#8217;ye gelecek.<\/p>\n<p style=\"text-align: justify;\"><strong>BAKAN ERG\u00dcN&#8217;\u00dcN \u0130SV\u0130\u00c7RE Z\u0130YARET\u0130 \u0130PTAL ED\u0130LD\u0130<\/strong><\/p>\n<p style=\"text-align: justify;\">Bilim Sanayi ve Teknoloji Bakan\u0131 Nihat Erg\u00fcn&#8217;\u00fcn, Avrupa N\u00fckleer Ara\u015ft\u0131rmalar Merkezi&#8217;nde (CERN) ara\u015ft\u0131rma yapan T\u00fcrk bilim insanlar\u0131n\u0131n daveti \u00fczerine, 20-21 Ekim 2011 tarihleri aras\u0131nda \u0130svi\u00e7re&#8217;ye yapmay\u0131 planlad\u0131\u011f\u0131 \u00e7al\u0131\u015fma ziyareti, ter\u00f6r sald\u0131r\u0131lar\u0131 nedeniyle iptal edildi.<\/p>\n<p style=\"text-align: justify;\"><a href=\"http:\/\/www.sabah.com.tr\/Gundem\/2011\/10\/19\/basbakan-kazakistana-gitmiyor\" target=\"_blank\">Kaynak : Sabah.com.tr<\/a><\/p>\n","protected":false},"excerpt":{"rendered":"<p style=\"text-align: justify;\">\n<p style=\"text-align: justify;\">Hakkari&#8217;nin \u00c7ukurca \u0130l\u00e7esi Kekliktepe b\u00f6lgesinde bulunan askeri birli\u011fe yap\u0131lan ve 24 askerin \u015fehit oldu\u011fu sald\u0131r\u0131n\u0131n ard\u0131ndan, Ba\u015fbakanl\u0131kta ter\u00f6r zirvesi topland\u0131.<\/p>\n<p style=\"text-align: justify;\">Hakkari&#8217;nin Y\u00fcksekova ve \u00c7ukurca il\u00e7elerindeki sald\u0131r\u0131larda 24 askerimizin \u015fehit olmas\u0131 nedeniyle Ba\u015fbakan Recep Tayyip Erdo\u011fan&#8217;\u0131n Kazakistan ziyaretini iptal etti. <\/p>\n","protected":false},"author":1,"featured_media":0,"comment_status":"open","ping_status":"open","sticky":false,"template":"","format":"standard","meta":{"footnotes":""},"categories":[105],"tags":[],"class_list":["post-41347","post","type-post","status-publish","format-standard","hentry","category-gundem","odd"],"_links":{"self":[{"href":"http:\/\/www.korhanyilmaz.com\/index.php?rest_route=\/wp\/v2\/posts\/41347","targetHints":{"allow":["GET"]}}],"collection":[{"href":"http:\/\/www.korhanyilmaz.com\/index.php?rest_route=\/wp\/v2\/posts"}],"about":[{"href":"http:\/\/www.korhanyilmaz.com\/index.php?rest_route=\/wp\/v2\/types\/post"}],"author":[{"embeddable":true,"href":"http:\/\/www.korhanyilmaz.com\/index.php?rest_route=\/wp\/v2\/users\/1"}],"replies":[{"embeddable":true,"href":"http:\/\/www.korhanyilmaz.com\/index.php?rest_route=%2Fwp%2Fv2%2Fcomments&post=41347"}],"version-history":[{"count":0,"href":"http:\/\/www.korhanyilmaz.com\/index.php?rest_route=\/wp\/v2\/posts\/41347\/revisions"}],"wp:attachment":[{"href":"http:\/\/www.korhanyilmaz.com\/index.php?rest_route=%2Fwp%2Fv2%2Fmedia&parent=41347"}],"wp:term":[{"taxonomy":"category","embeddable":true,"href":"http:\/\/www.korhanyilmaz.com\/index.php?rest_route=%2Fwp%2Fv2%2Fcategories&post=41347"},{"taxonomy":"post_tag","embeddable":true,"href":"http:\/\/www.korhanyilmaz.com\/index.php?rest_route=%2Fwp%2Fv2%2Ftags&post=41347"}],"curies":[{"name":"wp","href":"https:\/\/api.w.org\/{rel}","templated":true}]}}