{"id":41341,"date":"2011-10-19T08:23:26","date_gmt":"2011-10-19T05:23:26","guid":{"rendered":"http:\/\/www.korhanyilmaz.com\/?p=41341"},"modified":"2011-10-19T12:50:34","modified_gmt":"2011-10-19T09:50:34","slug":"o-11-filistinli-turkiyede","status":"publish","type":"post","link":"http:\/\/www.korhanyilmaz.com\/?p=41341","title":{"rendered":"O 11 Filistinli T\u00fcrkiye&#8217;de&#8230;"},"content":{"rendered":"<p><a href=\"http:\/\/www.korhanyilmaz.com\/wp-content\/uploads\/2011\/10\/8127.jpg\"  class=\"lightview\"><img loading=\"lazy\" decoding=\"async\" class=\"aligncenter size-full wp-image-41342\" title=\"\" src=\"http:\/\/www.korhanyilmaz.com\/wp-content\/uploads\/2011\/10\/8127.jpg\" alt=\"\" width=\"313\" height=\"240\" \/><\/a><\/p>\n<p>\u0130srail ile Hamas aras\u0131ndaki takas anla\u015fmas\u0131 \u00e7er\u00e7evesinde serbest b\u0131rak\u0131lan Filistinlilerden 11\u2019i M\u0131s\u0131r&#8217;\u0131n ba\u015fkenti Kahire\u2019den Ankara\u2019ya getirildi.<\/p>\n<p>Ortado\u011fu\u2019daki tarihi takas d\u00fcn ger\u00e7ekle\u015fti. Hamas\u2019\u0131n elindeki \u0130srailli asker Gilad \u015ealit kar\u015f\u0131l\u0131\u011f\u0131nda \u0130srail\u2019in serbest b\u0131rakmas\u0131 \u00f6ng\u00f6r\u00fclen 1027 Filistinliden 477\u2019si \u00f6zg\u00fcrl\u00fc\u011f\u00fcne kavu\u015ftu.<!--more--><\/p>\n<p>\u0130srail\u2019in, serbest b\u0131rak\u0131lanlardan 42\u2019sini s\u0131n\u0131rd\u0131\u015f\u0131 etme karar\u0131 almas\u0131 sonras\u0131, bu ki\u015filerden baz\u0131lar\u0131n\u0131n T\u00fcrkiye\u2019ye g\u00f6nderilmesi g\u00fcndeme gelmi\u015fti ve 1&#8217;i kad\u0131n 11 ki\u015fi T\u00fcrkiye&#8217;den g\u00f6nderilen u\u00e7akla d\u00fcn gece Kahire\u2019den Ankara&#8217;ya getirildi.<\/p>\n<p style=\"text-align: center;\"><a href=\"http:\/\/www.korhanyilmaz.com\/wp-content\/uploads\/2011\/10\/8126.jpg\"  class=\"lightview\"><img loading=\"lazy\" decoding=\"async\" class=\"aligncenter  wp-image-41343\" src=\"http:\/\/www.korhanyilmaz.com\/wp-content\/uploads\/2011\/10\/8126.jpg\" alt=\"\" width=\"464\" height=\"280\" \/><\/a><\/p>\n<p><strong>Topra\u011f\u0131 \u00f6pt\u00fcler&#8230;\u00a0<\/strong><\/p>\n<p>Esenbo\u011fa Havaliman\u0131&#8217;nda Filistin&#8217;in Ankara B\u00fcy\u00fckel\u00e7isi Nebil Maruf ve D\u0131\u015fi\u015fleri Bakanl\u0131\u011f\u0131&#8217;ndan baz\u0131 b\u00fcrokratlar taraf\u0131ndan kar\u015f\u0131lanan 11 ki\u015fi, u\u00e7aktan zafer i\u015fareti yaparak indi ve topra\u011f\u0131 \u00f6pt\u00fc.<\/p>\n<p>Filistinlilerin geceyi Ankara&#8217;da ge\u00e7irecekleri belirtilirken, g\u00fcvenlik gerek\u00e7esiyle, konaklayacaklar\u0131 yer ve sonras\u0131na ili\u015fkin bir a\u00e7\u0131klama yap\u0131lmad\u0131.<\/p>\n<p>\u0130srail&#8217;in s\u0131n\u0131r d\u0131\u015f\u0131 etme karar\u0131 ald\u0131\u011f\u0131 42 ki\u015fiden 31&#8217;i de Suriye ve Katar&#8217;a g\u00f6nderildi.<\/p>\n<p><strong>&#8220;T\u00fcrk h\u00fck\u00fcmeti&#8217;ne m\u00fcte\u015fekkiriz&#8221;\u00a0<\/strong><\/p>\n<p>Filistin B\u00fcy\u00fckel\u00e7isi Nebil Maruf, havaliman\u0131nda bir a\u00e7\u0131klama yapt\u0131.<\/p>\n<p>Filistin halk\u0131na ve Filistin H\u00fck\u00fcmeti&#8217;ne destekleri dolay\u0131s\u0131yla Filistin H\u00fck\u00fcmeti ve Devlet Ba\u015fkan\u0131 Mahmud Abbas ad\u0131na T\u00fcrkiye&#8217;ye te\u015fekk\u00fcrlerini sunan Maruf, &#8221;Filistinlilerin serbest b\u0131rak\u0131lmas\u0131 ve T\u00fcrkiye&#8217;ye getirilmesi s\u00fcrecinde destekleri nedeniyle T\u00fcrk H\u00fck\u00fcmeti&#8217;ne m\u00fcte\u015fekkiriz. \u0130n\u015fallah bundan sonra da Filistin \u00f6zg\u00fcrl\u00fc\u011f\u00fcne kavu\u015funcaya kadar T\u00fcrkiye&#8217;nin desteklerini g\u00f6rmeye devam edece\u011fiz&#8221; diye konu\u015ftu.<\/p>\n<p>Bir soru \u00fczerine Maruf, Filistinlilerin T\u00fcrkiye&#8217;de konaklayacaklar\u0131 yer konusunda T\u00fcrk H\u00fck\u00fcmeti&#8217;nin karar verece\u011fini, bu konudaki haz\u0131rl\u0131klar\u0131n T\u00fcrk yetkililer taraf\u0131ndan detayl\u0131 \u015fekilde yap\u0131ld\u0131\u011f\u0131n\u0131 s\u00f6yledi.<\/p>\n<p>Maruf, Filistinlilerin sa\u011fl\u0131k kontrol\u00fcnden ge\u00e7ece\u011fini de s\u00f6zlerine ekledi.<\/p>\n<p><a href=\"http:\/\/www.cnnturk.com\/2011\/turkiye\/10\/19\/o.11.filistinli.turkiyede\/633628.0\/index.html\" target=\"_blank\">Kaynak : CNN T\u00dcRK<\/a><\/p>\n","protected":false},"excerpt":{"rendered":"<\/p>\n<p>\u0130srail ile Hamas aras\u0131ndaki takas anla\u015fmas\u0131 \u00e7er\u00e7evesinde serbest b\u0131rak\u0131lan Filistinlilerden 11\u2019i M\u0131s\u0131r&#8217;\u0131n ba\u015fkenti Kahire\u2019den Ankara\u2019ya getirildi.<\/p>\n<p>Ortado\u011fu\u2019daki tarihi takas d\u00fcn ger\u00e7ekle\u015fti. Hamas\u2019\u0131n elindeki \u0130srailli asker Gilad \u015ealit kar\u015f\u0131l\u0131\u011f\u0131nda \u0130srail\u2019in serbest b\u0131rakmas\u0131 \u00f6ng\u00f6r\u00fclen 1027 Filistinliden 477\u2019si \u00f6zg\u00fcrl\u00fc\u011f\u00fcne kavu\u015ftu.<\/p>\n","protected":false},"author":1,"featured_media":0,"comment_status":"open","ping_status":"open","sticky":false,"template":"","format":"standard","meta":{"footnotes":""},"categories":[105],"tags":[],"class_list":["post-41341","post","type-post","status-publish","format-standard","hentry","category-gundem","odd"],"_links":{"self":[{"href":"http:\/\/www.korhanyilmaz.com\/index.php?rest_route=\/wp\/v2\/posts\/41341","targetHints":{"allow":["GET"]}}],"collection":[{"href":"http:\/\/www.korhanyilmaz.com\/index.php?rest_route=\/wp\/v2\/posts"}],"about":[{"href":"http:\/\/www.korhanyilmaz.com\/index.php?rest_route=\/wp\/v2\/types\/post"}],"author":[{"embeddable":true,"href":"http:\/\/www.korhanyilmaz.com\/index.php?rest_route=\/wp\/v2\/users\/1"}],"replies":[{"embeddable":true,"href":"http:\/\/www.korhanyilmaz.com\/index.php?rest_route=%2Fwp%2Fv2%2Fcomments&post=41341"}],"version-history":[{"count":0,"href":"http:\/\/www.korhanyilmaz.com\/index.php?rest_route=\/wp\/v2\/posts\/41341\/revisions"}],"wp:attachment":[{"href":"http:\/\/www.korhanyilmaz.com\/index.php?rest_route=%2Fwp%2Fv2%2Fmedia&parent=41341"}],"wp:term":[{"taxonomy":"category","embeddable":true,"href":"http:\/\/www.korhanyilmaz.com\/index.php?rest_route=%2Fwp%2Fv2%2Fcategories&post=41341"},{"taxonomy":"post_tag","embeddable":true,"href":"http:\/\/www.korhanyilmaz.com\/index.php?rest_route=%2Fwp%2Fv2%2Ftags&post=41341"}],"curies":[{"name":"wp","href":"https:\/\/api.w.org\/{rel}","templated":true}]}}