{"id":4133,"date":"2009-02-28T09:00:56","date_gmt":"2009-02-28T07:00:56","guid":{"rendered":"http:\/\/www.korhanyilmaz.com\/?p=4133"},"modified":"2026-04-21T09:15:20","modified_gmt":"2026-04-21T06:15:20","slug":"karadayinin-bir-ses-kaydi-daha","status":"publish","type":"post","link":"http:\/\/www.korhanyilmaz.com\/?p=4133","title":{"rendered":"Karaday\u0131&#8217;n\u0131n bir ses kayd\u0131 daha"},"content":{"rendered":"<p style=\"text-align: justify;\"><img loading=\"lazy\" decoding=\"async\" class=\"aligncenter size-full wp-image-4134\" title=\"Karaday\u0131'n\u0131n bir ses kayd\u0131 daha \" src=\"http:\/\/www.korhanyilmaz.com\/wp-content\/uploads\/2009\/02\/280220090500042661235.jpg\" alt=\"Karaday\u0131'n\u0131n bir ses kayd\u0131 daha \" width=\"376\" height=\"240\" \/><\/p>\n<p style=\"text-align: justify;\"><strong>Hoca&#8217;ya &#8216;ayr\u0131l&#8217; dedim ayr\u0131ld\u0131, Demirel benim s\u00f6z\u00fcmden \u00e7\u0131kmazd\u0131<\/strong><\/p>\n<p style=\"text-align: justify;\">Emekli Orgeneral \u0130smail Hakk\u0131 Karaday\u0131&#8217;n\u0131n 4&#8217;\u00fcnc\u00fc ses kayd\u0131 da internete d\u00fc\u015ft\u00fc. Karaday\u0131 bu ses kayd\u0131nda 27 May\u0131s, 12 Eyl\u00fcl ve 28 \u015eubat askeri m\u00fcdahalelerinde oynad\u0131\u011f\u0131 rolden bahsediyor. Tansu \u00c7iller, Mesut Y\u0131lmaz, Onur \u00d6ymen ve Necmettin Erbakan hakk\u0131nda \u00e7arp\u0131c\u0131 iddialarda bulunuyor<\/p>\n<p style=\"text-align: justify;\">Daha \u00f6nce \u00e7e\u015fitli aral\u0131klarla 3 ayr\u0131 ses kayd\u0131 internete d\u00fc\u015fen eski Genelkurmay Ba\u015fkanlar\u0131&#8217;ndan Emekli Orgeneral \u0130smail Hakk\u0131 Karaday\u0131&#8217;n\u0131n bir ses kayd\u0131 daha \u00e7\u0131kt\u0131. Bu kay\u0131tlara g\u00f6re Karaday\u0131, 27 May\u0131s&#8217;tan \u00f6nce ortal\u0131\u011f\u0131 kan g\u00f6l\u00fcne \u00e7evirenleri polislerin yakalay\u0131p cezaevine g\u00f6nderdi\u011fini, kendilerinin ise arka kap\u0131dan soka\u011fa b\u0131rakt\u0131klar\u0131n\u0131 s\u00f6yl\u00fcyor, darbeleri nas\u0131l olu\u015fturduklar\u0131n\u0131 da anlat\u0131yor. \u0130\u015fte kay\u0131ttan \u00e7arp\u0131c\u0131 b\u00f6l\u00fcmler: <!--more--><\/p>\n<p style=\"text-align: justify;\"><strong>27 MAYIS DARBES\u0130<\/strong><\/p>\n<p style=\"text-align: justify;\"><strong>Kamyon kamyon bize adam gelirdi<\/strong><\/p>\n<p style=\"text-align: justify;\">Ben 27 May\u0131s&#8217;a i\u015ftirak ettim fiilen. Davutpa\u015fa&#8217;dayd\u0131m, bana hemen ertesi g\u00fcn g\u00f6rev verdiler. Davutpa\u015fa&#8217;daki i\u015fleri bitirdik, o Zeki \u015eahin, B\u00fcmin Yamano\u011flu, Kemal Binatl\u0131 bunlar merkez komutan\u0131&#8230; Onlar\u0131 ald\u0131k. Davutpa\u015fa&#8217;ya bir s\u00fcr\u00fc insanlar al\u0131nd\u0131. Onlar\u0131 oradan Yass\u0131ada&#8217;ya g\u00f6nderdik. \u015eimdi bir de \u00fcniversiteler faaliyete ge\u00e7erdi. O zaman \u00fcniversitelerde muazzam bir kaynama vard\u0131. H\u00fck\u00fcmete kar\u015f\u0131yd\u0131lar. Polis, onlardan yakalarlard\u0131. Kamyon kamyon bize adam g\u00f6nderirlerdi. Davutpa\u015fa&#8217;y\u0131 hapishane zannediyorlard\u0131 herifler. Biz \u00e7ocuklarla ak\u015fam otururduk, top oynard\u0131k, yemekler yedirirdik, ak\u015fam arka kap\u0131dan g\u00f6nderirdik. Davutpa\u015fa&#8217;da i\u015f bittikten sonra irtibat b\u00fcrosuna ald\u0131lar, irtibat b\u00fcrosunda Yass\u0131ada ile irtibatl\u0131y\u0131z. Gittim geldim devaml\u0131. \u0130\u015fte o davalara falan girerdim.<\/p>\n<p style=\"text-align: justify;\"><strong>12 EYL\u00dcL DARBES\u0130<\/strong><\/p>\n<p style=\"text-align: justify;\"><strong>Ben sicili bozuk bir adam\u0131m, sab\u0131kam \u00e7ok<\/strong><\/p>\n<p style=\"text-align: justify;\">12 Eyl\u00fcl&#8217;de de vard\u0131m, planlama grubundayd\u0131m, sab\u0131kam\u0131z fazla. Mamak Tugay Komutan\u0131&#8217;yd\u0131m. Ankara&#8217;daki operasyonu yapan adamd\u0131m. \u0130htilal haz\u0131rlan\u0131rken, biliyordum ben. \u00c7\u00fcnk\u00fc tayin daire ba\u015fkan\u0131yd\u0131m. Nurettin Ersin biliyordu, Mehmet Pa\u015fa biliyordu kara kuvvetleri kurmay ba\u015fkan\u0131, Kenan Evren biliyordu tayinleri, bir de ben. Ben zaten 2 ay evvel \u00e7ocuklar\u0131 g\u00f6nderdim Antalya&#8217;ya. Allah rahmet eylesin E\u015fref Bitlis Bolu&#8217;dayd\u0131, oradan da 2 tabur getirdik, o da bana misafir oldu. Komando taburu getirdi. Sab\u0131kal\u0131 adam\u0131z, sicili bozuk bir adam\u0131m.<\/p>\n<p style=\"text-align: justify;\"><strong>28 \u015eUBAT DARBES\u0130<\/strong><\/p>\n<p style=\"text-align: justify;\"><strong>Hoca&#8217;n\u0131n mutlaka gitmesi laz\u0131md\u0131<\/strong><\/p>\n<p style=\"text-align: justify;\">Hocay\u0131 (Erbakan&#8217;\u0131), Demirel ile konu\u015ftum. &#8220;Mutlaka gitmesi laz\u0131m, biliyorsunuz dev gazeteler verdi nizamiyeden d\u00f6nd\u00fck&#8221; dedim.. Nizamiyeden d\u00f6nd\u00fck laf\u0131 enteresand\u0131r yani, bu demektir ki bir halt olmasayd\u0131 biz&#8230; Ne dersem onu yaparlard\u0131. Hoca&#8217;ya &#8220;Ayr\u0131l&#8221; dedim ayr\u0131ld\u0131. Daha ne olsun? Bunu cumhurba\u015fkan\u0131 dahil herkes kabul etti. Biz partiyi kapatt\u0131k yav. Valla ayn\u0131 kafadan gidiyorlar, kafalar\u0131n de\u011fi\u015fmesi laz\u0131m.<\/p>\n<p style=\"text-align: justify;\"><strong>\u00d6ymen bizim adam\u0131m\u0131zd\u0131<\/strong><\/p>\n<p style=\"text-align: justify;\">Onur \u00d6ymen gelecek bana, bakal\u0131m, bulu\u015faca\u011f\u0131z. Telefon etti Ankara&#8217;dan, g\u00f6r\u00fc\u015fmemiz laz\u0131m dedi. Peki dedim. G\u00f6r\u00fc\u015fece\u011fiz konu\u015faca\u011f\u0131z. D\u00fcr\u00fcst, kafas\u0131 \u00e7al\u0131\u015f\u0131r. Ben genelkurmay ba\u015fkan\u0131yken o d\u0131\u015fi\u015fleri bakan\u0131 m\u00fcste\u015far\u0131yd\u0131. Devaml\u0131 birlikte \u00e7al\u0131\u015f\u0131rd\u0131k. Son derece o karargahta, bizim gizli karargahta bizim 2. Ba\u015fkan ordayd\u0131. Gider gelirlerdi. \u0130rtibat sa\u011flard\u0131k ve birbirimizden haberimiz olmadan hi\u00e7bir siyasi \u015feylik yapmaz. O zaman \u00e7ok iyi i\u015fledi i\u015fler.<\/p>\n<p style=\"text-align: justify;\"><strong>Y\u0131lmaz&#8217;a alt\u0131n tepside iktidar teslim ettik<\/strong><\/p>\n<p style=\"text-align: justify;\">28 \u015eubat&#8217;tan sonra Bodrum&#8217;a gitmi\u015ftim. Hatta gazeteler yazd\u0131, man\u015fet att\u0131lar &#8220;Karaday\u0131 yoruldu da Bodrum&#8217;a gitti&#8221; falan diye. \u015eimdi orada Mesut Y\u0131lmaz ile bir araya geldik. Berna han\u0131m, benim han\u0131m, d\u00f6rd\u00fcm\u00fcz oturduk. Mesut Bey&#8217;e dedim ki; &#8220;Mesut Bey, size alt\u0131n tepside bir iktidar teslim ediyoruz. Alt\u0131n tepside \u00f6n\u00fcn\u00fcze kondu. Bunu iyi de\u011ferlendirin.&#8221; Kimin yan\u0131nda, e\u015finin yan\u0131nda. &#8220;Biz sizin arkan\u0131zday\u0131z, sizi sonuna kadar destekleyece\u011fiz, ama benim baz\u0131 taleplerim var, Bunlar 1: Siyasi partiler kanunu de\u011fi\u015ftireceksiniz, 2: Se\u00e7im kanunu mutlaka de\u011fi\u015feceksiniz, 3: Sekiz y\u0131ll\u0131k e\u011fitimi mutlaka sa\u011flayacaks\u0131n\u0131z, 4: Milletvekilli\u011fi dokunulmazl\u0131\u011f\u0131n\u0131 k\u00fcrs\u00fc dokunulmazl\u0131\u011f\u0131na \u00e7evireceksiniz.&#8221; Ondan sonra 7-8 \u015fey s\u00f6yledim. Hepsini s\u0131r\u0131tarak dinledi&#8230; \u015eimdi Y\u0131lmaz da kaypak.<\/p>\n<p style=\"text-align: justify;\"><strong>VATAN&#8217;IN NOTU: <\/strong>28 \u015eubat s\u00fcrecinde Refah-Yol koalisyonunun Ba\u015fbakan\u0131 Necmettin Erbakan&#8217;d\u0131. Koalisyon protokol\u00fcndeki zaman dolmadan gelen bask\u0131lar nedeniyle Erbakan g\u00f6revi b\u0131rakt\u0131. Asl\u0131nda temay\u00fcle g\u00f6re koalisyonun di\u011fer orta\u011f\u0131 DYP&#8217;nin genel ba\u015fkan\u0131 \u00c7iller&#8217;in ba\u015fbakan olmas\u0131 bekleniyordu. Ama d\u00f6nemin cumhurba\u015fkan\u0131 Demirel, h\u00fck\u00fcmeti kurma g\u00f6revini muhalefetteki ANAP&#8217;a verdi. Mesut Y\u0131lmaz ba\u015fbakan oldu.<\/p>\n<p style=\"text-align: justify;\"><strong>\u00c7iller beni g\u00f6revden almaya kalkt\u0131<\/strong><\/p>\n<p style=\"text-align: justify;\">Beni emekliye ay\u0131rmaya kalkt\u0131lar, 28 \u015eubat olmadan \u00f6nce, bunlar\u0131n bende belgeleri var. Bir pazar g\u00fcn\u00fc k\u00f6\u015fk\u00fcn nizamiyesine sivil bir adam gelmi\u015f, benim emir subay\u0131m Ahmet&#8217;e, &#8220;Ben komutan\u0131 \u00e7ok seviyorum, Tansu Han\u0131m&#8217;\u0131n yan\u0131nda \u00e7al\u0131\u015f\u0131yorum, onun korumas\u0131y\u0131m. Tansu Han\u0131m&#8217;\u0131n masas\u0131n\u0131 kar\u0131\u015ft\u0131r\u0131rken, g\u00f6z\u00fcnden \u015f\u00f6yle bir mektup buldum&#8221; demi\u015f. Bakt\u0131m okudum, \u015f\u00f6yle yaz\u0131yor. &#8220;Genelkurmay ba\u015fkan\u0131n\u0131 emekliye ay\u0131ral\u0131m , kararname haz\u0131rlayal\u0131m, cumhurba\u015fkan\u0131na g\u00f6t\u00fcrelim. Diyelim ki &#8216;Sen askerden yana m\u0131s\u0131n, sivilden yana m\u0131s\u0131n, demokrasiden yana m\u0131s\u0131n?&#8221; Onu zorlayal\u0131m imzalatal\u0131m cumhurba\u015fkan\u0131na \u00e7\u00fcnk\u00fc genelkurmay ba\u015fkan\u0131n\u0131n tayini cumhurba\u015fkan\u0131 karar veriyor.&#8221;&#8230; Bunlar\u0131n hepsi g\u00f6zda\u011f\u0131, ne yapabilirler, bir halt yapamazlar, yani bizim alternatiflerimiz var. Alternatifsiz bir i\u015f yapmam&#8230;<\/p>\n<p style=\"text-align: justify;\"><strong>Demirel ne dersem onu yapard\u0131<\/strong><\/p>\n<p style=\"text-align: justify;\">(&#8230;) Hemen gittim cumhurba\u015fkan\u0131na hepsini aynen anlatt\u0131m, birinci sefer ne dediyse anlatt\u0131m. Cumhurba\u015fkan\u0131 kalkt\u0131, &#8220;Ben deli miyim&#8221; dedi. &#8220;Bu adamlar\u0131n sa\u00e7ma sa\u00e7ma \u015feyiyle sizin emeklili\u011finizi nas\u0131l onaylar\u0131m&#8221; falan dedi. Demirel cumhurba\u015fkanl\u0131\u011f\u0131n\u0131 fevkalade iyi yapt\u0131, ili\u015fkilerimiz de fevkalade iyiydi. Hatta bir gazeteye beyanat verdi, &#8220;Darbeyi Karaday\u0131 \u00f6nledi&#8221; diye. Tabii \u00e7ok iyi ili\u015fkilerimiz vard\u0131, ben ne dersem onu yapard\u0131. Mesela Adana&#8217;ya gidecek efendim \u015fu mesaj\u0131 verirseniz iyi olur, kesinlikle, bir de bir birimizden hi\u00e7bir \u015feyi saklamazd\u0131k.<\/p>\n<p style=\"text-align: justify;\"><strong>Sincan&#8217;da tanklar y\u00fcr\u00fcd\u00fc<\/strong><\/p>\n<p style=\"text-align: justify;\">REFAH Partisi Genel Ba\u015fkan\u0131 Necmettin Erbakan&#8217;\u0131n Ba\u015fbakan, Do\u011fru Yol Partisi Genel Ba\u015fkan\u0131 Tansu \u00c7iller&#8217;in ise D\u0131\u015fi\u015fleri Bakan\u0131 oldu\u011fu bir d\u00f6nemdir. Sincan&#8217;da d\u00fczenlenen Kud\u00fcs gecesinde L\u00fcbnan&#8217;daki Hizbullah liderlerinin posterlerinin as\u0131lmas\u0131 ve \u0130ran B\u00fcy\u00fckel\u00e7isi&#8217;nin de bu t\u00f6rene kat\u0131lmas\u0131 \u00fczerine tatbikattan d\u00f6nen tanklar Sincan&#8217;dan ge\u00e7irilmi\u015ftir. 28 \u015eubat 1997&#8217;de ola\u011fan olarak toplanan MGK&#8217;da askeri kanat, 8 y\u0131ll\u0131k zorunlu e\u011fitim gibi baz\u0131 kararlar\u0131n hayata ge\u00e7irilmesini istedi. Genelkurmay&#8217;\u0131n Bat\u0131 \u00c7al\u0131\u015fma Grubu&#8217;nu kurmas\u0131 \u00fczerine bir darbe beklentisi olu\u015ftu. Sonras\u0131nda Ba\u015fbakan Erbakan&#8217;\u0131n; Tansu \u00c7iller&#8217;e h\u00fck\u00fcmeti teslim etmesi gerekirken d\u00f6nemin Cumhurba\u015fkan\u0131 S\u00fcleyman Demirel, anayasada b\u00f6yle bir \u015fey olmad\u0131\u011f\u0131n\u0131 belirterek g\u00f6revi Mesut Y\u0131lmaz&#8217;a vermi\u015ftir. Sonu\u00e7ta sessiz bir darbe ger\u00e7ekle\u015ftirildi. Ayr\u0131ca bu olay, &#8216;postmodern darbe&#8217;kavram\u0131yla tan\u0131\u015fmam\u0131za da neden oldu.<\/p>\n<p style=\"text-align: justify;\"><span style=\"color: #888888;\">Kaynak : Vatan Gazetesi<\/span><\/p>\n","protected":false},"excerpt":{"rendered":"<p style=\"text-align: justify;\">\n<p style=\"text-align: justify;\">Hoca&#8217;ya &#8216;ayr\u0131l&#8217; dedim ayr\u0131ld\u0131, Demirel benim s\u00f6z\u00fcmden \u00e7\u0131kmazd\u0131<\/p>\n<p style=\"text-align: justify;\">Emekli Orgeneral \u0130smail Hakk\u0131 Karaday\u0131&#8217;n\u0131n 4&#8217;\u00fcnc\u00fc ses kayd\u0131 da internete d\u00fc\u015ft\u00fc. Karaday\u0131 bu ses kayd\u0131nda 27 May\u0131s, 12 Eyl\u00fcl ve 28 \u015eubat askeri m\u00fcdahalelerinde oynad\u0131\u011f\u0131 rolden bahsediyor. Tansu \u00c7iller, Mesut Y\u0131lmaz, Onur \u00d6ymen ve Necmettin Erbakan hakk\u0131nda \u00e7arp\u0131c\u0131 iddialarda bulunuyor<\/p>\n","protected":false},"author":1,"featured_media":0,"comment_status":"open","ping_status":"closed","sticky":false,"template":"","format":"standard","meta":{"footnotes":""},"categories":[105],"tags":[],"class_list":["post-4133","post","type-post","status-publish","format-standard","hentry","category-gundem","odd"],"_links":{"self":[{"href":"http:\/\/www.korhanyilmaz.com\/index.php?rest_route=\/wp\/v2\/posts\/4133","targetHints":{"allow":["GET"]}}],"collection":[{"href":"http:\/\/www.korhanyilmaz.com\/index.php?rest_route=\/wp\/v2\/posts"}],"about":[{"href":"http:\/\/www.korhanyilmaz.com\/index.php?rest_route=\/wp\/v2\/types\/post"}],"author":[{"embeddable":true,"href":"http:\/\/www.korhanyilmaz.com\/index.php?rest_route=\/wp\/v2\/users\/1"}],"replies":[{"embeddable":true,"href":"http:\/\/www.korhanyilmaz.com\/index.php?rest_route=%2Fwp%2Fv2%2Fcomments&post=4133"}],"version-history":[{"count":1,"href":"http:\/\/www.korhanyilmaz.com\/index.php?rest_route=\/wp\/v2\/posts\/4133\/revisions"}],"predecessor-version":[{"id":2308184,"href":"http:\/\/www.korhanyilmaz.com\/index.php?rest_route=\/wp\/v2\/posts\/4133\/revisions\/2308184"}],"wp:attachment":[{"href":"http:\/\/www.korhanyilmaz.com\/index.php?rest_route=%2Fwp%2Fv2%2Fmedia&parent=4133"}],"wp:term":[{"taxonomy":"category","embeddable":true,"href":"http:\/\/www.korhanyilmaz.com\/index.php?rest_route=%2Fwp%2Fv2%2Fcategories&post=4133"},{"taxonomy":"post_tag","embeddable":true,"href":"http:\/\/www.korhanyilmaz.com\/index.php?rest_route=%2Fwp%2Fv2%2Ftags&post=4133"}],"curies":[{"name":"wp","href":"https:\/\/api.w.org\/{rel}","templated":true}]}}