{"id":41325,"date":"2011-10-19T07:17:43","date_gmt":"2011-10-19T04:17:43","guid":{"rendered":"http:\/\/www.korhanyilmaz.com\/?p=41325"},"modified":"2011-10-19T12:22:44","modified_gmt":"2011-10-19T09:22:44","slug":"yuregimizi-yakan-anlar","status":"publish","type":"post","link":"http:\/\/www.korhanyilmaz.com\/?p=41325","title":{"rendered":"\u00dc\u00e7 \u0130lde Karakol Sald\u0131r\u0131s\u0131"},"content":{"rendered":"<p style=\"text-align: center;\"><a href=\"http:\/\/www.korhanyilmaz.com\/wp-content\/uploads\/2011\/10\/8122.jpg\"  class=\"lightview\"><img loading=\"lazy\" decoding=\"async\" class=\"aligncenter  wp-image-41326\" src=\"http:\/\/www.korhanyilmaz.com\/wp-content\/uploads\/2011\/10\/8122.jpg\" alt=\"\" width=\"396\" height=\"180\" \/><\/a><\/p>\n<p style=\"text-align: justify;\">HAKKAR\u0130 &#8211; Hakkari&#8217;nin \u00c7ukurca \u0130l\u00e7esi&#8217;nde bir grup PKK&#8217;l\u0131 ter\u00f6rist ile g\u00fcvenlik g\u00fc\u00e7leri aras\u0131nda \u00e7at\u0131\u015fma \u00e7\u0131kt\u0131. PKK&#8217;l\u0131 ter\u00f6rist grubu saat 01.00 s\u0131ralar\u0131nda \u00c7ukurca&#8217;da g\u00fcvenlik g\u00fc\u00e7lerinin bulundu\u011fu binalar\u0131 uzun namlulu silahlarla yo\u011fun ate\u015f alt\u0131na tuttu. Ter\u00f6ristlere polis ve askerler de an\u0131nda kar\u015f\u0131l\u0131k vermesiyle \u00e7at\u0131\u015fma \u00e7\u0131kt\u0131. Saat 05.00 s\u0131ralar\u0131na kadar aral\u0131klarla devam eden \u00e7at\u0131\u015fmada a\u011f\u0131r silahlar kullan\u0131l\u0131rken Hakkari&#8217;den de skorsk helikopterlerle takviye birlikler getirildi.<!--more--><\/p>\n<p style=\"text-align: justify;\">Sabah saatlerinde ise \u00e7at\u0131\u015fman\u0131n a\u011f\u0131r bilan\u00e7osu a\u00e7\u0131kland\u0131: 26 \u015fehit 22 yaral\u0131.<\/p>\n<p style=\"text-align: justify;\"><strong>T\u00dcM GECE SALDIRDILAR<\/strong><\/p>\n<p style=\"text-align: justify;\">PKK&#8217;l\u0131 ter\u00f6ristler Bitlis&#8217;teki bombal\u0131 sald\u0131r\u0131n\u0131n d\u0131\u015f\u0131nda 3 ayr\u0131 ildeki karakollara roketatar ve uzun namlulu silahlarla sald\u0131r\u0131lar ger\u00e7ekle\u015ftirdi.<\/p>\n<p style=\"text-align: justify;\"><strong>TUNCEL\u0130&#8217;DE JANDARMA KARAKOLUNA SALDIRI<\/strong><\/p>\n<p style=\"text-align: justify;\">Tunceli&#8217;nin Nazimiye \u0130l\u00e7esi&#8217;nde Dereova Jandarma Karakolu&#8217;na uzun namlulu silahlarla sald\u0131r\u0131 d\u00fczenleyen PKK&#8217;l\u0131lar, karakoldaki askerlerin an\u0131nda kar\u015f\u0131l\u0131k vermesiyle ka\u00e7t\u0131. PKK&#8217;l\u0131lar\u0131n ka\u00e7\u0131\u015f noktalar\u0131na Kobra helikopterler yo\u011fun ate\u015f alt\u0131na ald\u0131.<\/p>\n<p style=\"text-align: justify;\">Nazimiye&#8217;ye 15 kilometre mesafede bulunan Dereova K\u00f6y\u00fc Jandarma Karakolu&#8217;na bir grup PKK&#8217;l\u0131 ter\u00f6rist taraf\u0131ndan bug\u00fcn saat 16.00 s\u0131ralar\u0131nda uzun namlulu silahlarla sald\u0131r\u0131da bulundu.<\/p>\n<p style=\"text-align: justify;\">Ormanl\u0131k alan i\u00e7ine gizlenen PKK&#8217;l\u0131lar karakol binas\u0131 ve etraf\u0131ndaki n\u00f6bet\u00e7i noktalar\u0131na ate\u015f a\u00e7t\u0131.<\/p>\n<p style=\"text-align: justify;\">Karakoldaki askerlerin an\u0131nda kar\u015f\u0131l\u0131k verip a\u011f\u0131r silahlarla ate\u015f a\u00e7mas\u0131 sonucu yo\u011fun ate\u015f alt\u0131nda kalan PKK&#8217;l\u0131lar ormanl\u0131k alana do\u011fru ka\u00e7t\u0131.<\/p>\n<p style=\"text-align: justify;\">\u00d6len ya da yaralanan\u0131n olmad\u0131\u011f\u0131 sald\u0131r\u0131da ka\u00e7an PKK&#8217;l\u0131lar\u0131n etkisiz hale getirilmesi i\u00e7in hava destekli operasyon ba\u015flat\u0131ld\u0131. B\u00f6lgeye Sikorsky helikopterlerle \u00f6zel e\u011fitimli komandolar indirilirken, 2 Kobra helikopter PKK&#8217;l\u0131lar\u0131n bulundu\u011fu alanlar ve ka\u00e7\u0131\u015f yollar\u0131n\u0131 yo\u011fun ate\u015f alt\u0131na ald\u0131. B\u00f6lgede operasyonlar\u0131n B\u00fcy\u00fckyurt, Ramazan, Do\u011fanta\u015f k\u00f6ylerinin da\u011fl\u0131k alanlar\u0131nda s\u00fcrd\u00fc\u011f\u00fc belirtildi.<\/p>\n<p style=\"text-align: justify;\"><strong>KARAKOLA ROKETATARLI SALDIRI<\/strong><\/p>\n<p style=\"text-align: justify;\">A\u011fr\u0131\u2019n\u0131n Do\u011fubayaz\u0131t il\u00e7esi Uluyol Mahallesindeki polis karakoluna roketli sald\u0131r\u0131 d\u00fczenlendi. Bir vatanda\u015f\u0131n evine isabet eden roket hasara yol a\u00e7arken b\u00fcy\u00fck bir \u015fans eseri yaralanma veya can kayb\u0131 olmad\u0131.<\/p>\n<p style=\"text-align: justify;\">Olay bug\u00fcn saat 20.45 s\u0131ralar\u0131nda il\u00e7edeki B\u00fcy\u00fck A\u011fr\u0131 Caddesinde bulunan Uluyol Polis karakolunda meydana geldi. Karanl\u0131ktan istifade ederek karakola yakla\u015fan ter\u00f6ristler taciz ate\u015finde bulunduktan sonra roketatarla sald\u0131rd\u0131. Karakola yak\u0131n bir eve isabet eden roket maddi hasara yol a\u00e7t\u0131. Evde b\u00fcy\u00fck bir \u015fans eseri yaralanma veya can kayb\u0131 ya\u015fanmad\u0131. K\u0131sa s\u00fcreli \u00e7at\u0131\u015fma sonras\u0131 ter\u00f6ristler plakas\u0131 al\u0131namayan bir ara\u00e7la ka\u00e7t\u0131.<\/p>\n<p style=\"text-align: justify;\">\u0130l\u00e7ede geni\u015f g\u00fcvenlik \u00f6nlemi alan polis, sald\u0131rganlar\u0131n yakalanmas\u0131 i\u00e7in \u00e7al\u0131\u015fma ba\u015flatt\u0131. Do\u011fubayaz\u0131t Kaymakam\u0131 H\u00fcseyin Y\u0131lmaz, B\u00fcy\u00fck A\u011fr\u0131 Caddesi \u00fczerinde bulunan Uluyol Polis Karakoluna y\u00f6nelik sald\u0131r\u0131da polislerin kar\u015f\u0131l\u0131k vermesi \u00fczerine ter\u00f6ristlerin bir roketatar\u0131 ate\u015fleyerek ka\u00e7t\u0131klar\u0131n\u0131 bildirdi. Kaymakam Y\u0131lmaz, roketin bir vatanda\u015f\u0131n evin duvar\u0131na isabet etti\u011fini, olayda \u00f6len ya da yaralanan olmad\u0131\u011f\u0131n\u0131 a\u00e7\u0131klad\u0131.<\/p>\n<p style=\"text-align: justify;\"><strong>VAL\u0130 T\u00dcRKER &#8220;E\u015e ZAMANLI SALDIRI D\u00dcZENLEND\u0130&#8221;<\/strong><\/p>\n<p style=\"text-align: justify;\">Hakkari Valisi Muammer T\u00fcrker, sald\u0131r\u0131n\u0131n e\u015f zamanl\u0131 ger\u00e7ekleytirildi\u011fini s\u00f6yledi. Sald\u0131r\u0131n\u0131n polis ve askeri noktalara ayn\u0131 anda yap\u0131ld\u0131\u011f\u0131n\u0131 belirten Vali T\u00fcrker, g\u00fcvenlik g\u00fc\u00e7lerinin de anda kar\u015f\u0131l\u0131k verdi\u011fini, kendisine ula\u015fan son bilgilere g\u00f6re de \u015fehit ve yaral\u0131 olmad\u0131\u011f\u0131n\u0131, ancak \u00e7at\u0131\u015fman\u0131n s\u00fcrd\u00fc\u011f\u00fcn\u00fc bildirdi.<\/p>\n<p style=\"text-align: justify;\"><a href=\"http:\/\/www.gazeteport.com.tr\/haber\/58367\/uc_ilde_karakol_saldirisi\" target=\"_blank\">Kaynak : GAZETEPORT<\/a><\/p>\n","protected":false},"excerpt":{"rendered":"<p style=\"text-align: center;\">\n<p style=\"text-align: justify;\">HAKKAR\u0130 &#8211; Hakkari&#8217;nin \u00c7ukurca \u0130l\u00e7esi&#8217;nde bir grup PKK&#8217;l\u0131 ter\u00f6rist ile g\u00fcvenlik g\u00fc\u00e7leri aras\u0131nda \u00e7at\u0131\u015fma \u00e7\u0131kt\u0131. PKK&#8217;l\u0131 ter\u00f6rist grubu saat 01.00 s\u0131ralar\u0131nda \u00c7ukurca&#8217;da g\u00fcvenlik g\u00fc\u00e7lerinin bulundu\u011fu binalar\u0131 uzun namlulu silahlarla yo\u011fun ate\u015f alt\u0131na tuttu. Ter\u00f6ristlere polis ve askerler de an\u0131nda kar\u015f\u0131l\u0131k vermesiyle \u00e7at\u0131\u015fma \u00e7\u0131kt\u0131. Saat 05.00 s\u0131ralar\u0131na kadar aral\u0131klarla devam eden <\/p>\n","protected":false},"author":1,"featured_media":0,"comment_status":"open","ping_status":"open","sticky":false,"template":"","format":"standard","meta":{"footnotes":""},"categories":[105],"tags":[],"class_list":["post-41325","post","type-post","status-publish","format-standard","hentry","category-gundem","odd"],"_links":{"self":[{"href":"http:\/\/www.korhanyilmaz.com\/index.php?rest_route=\/wp\/v2\/posts\/41325","targetHints":{"allow":["GET"]}}],"collection":[{"href":"http:\/\/www.korhanyilmaz.com\/index.php?rest_route=\/wp\/v2\/posts"}],"about":[{"href":"http:\/\/www.korhanyilmaz.com\/index.php?rest_route=\/wp\/v2\/types\/post"}],"author":[{"embeddable":true,"href":"http:\/\/www.korhanyilmaz.com\/index.php?rest_route=\/wp\/v2\/users\/1"}],"replies":[{"embeddable":true,"href":"http:\/\/www.korhanyilmaz.com\/index.php?rest_route=%2Fwp%2Fv2%2Fcomments&post=41325"}],"version-history":[{"count":0,"href":"http:\/\/www.korhanyilmaz.com\/index.php?rest_route=\/wp\/v2\/posts\/41325\/revisions"}],"wp:attachment":[{"href":"http:\/\/www.korhanyilmaz.com\/index.php?rest_route=%2Fwp%2Fv2%2Fmedia&parent=41325"}],"wp:term":[{"taxonomy":"category","embeddable":true,"href":"http:\/\/www.korhanyilmaz.com\/index.php?rest_route=%2Fwp%2Fv2%2Fcategories&post=41325"},{"taxonomy":"post_tag","embeddable":true,"href":"http:\/\/www.korhanyilmaz.com\/index.php?rest_route=%2Fwp%2Fv2%2Ftags&post=41325"}],"curies":[{"name":"wp","href":"https:\/\/api.w.org\/{rel}","templated":true}]}}