{"id":41321,"date":"2011-10-19T09:52:21","date_gmt":"2011-10-19T06:52:21","guid":{"rendered":"http:\/\/www.korhanyilmaz.com\/?p=41321"},"modified":"2011-10-19T12:15:56","modified_gmt":"2011-10-19T09:15:56","slug":"gul-misliyle-karsilik-verecegiz","status":"publish","type":"post","link":"http:\/\/www.korhanyilmaz.com\/?p=41321","title":{"rendered":"G\u00fcl: Misliyle kar\u015f\u0131l\u0131k verece\u011fiz"},"content":{"rendered":"<p style=\"text-align: center;\"><a href=\"http:\/\/www.korhanyilmaz.com\/wp-content\/uploads\/2011\/10\/8121.jpg\"  class=\"lightview\"><img loading=\"lazy\" decoding=\"async\" class=\"aligncenter  wp-image-41322\" src=\"http:\/\/www.korhanyilmaz.com\/wp-content\/uploads\/2011\/10\/8121.jpg\" alt=\"\" width=\"393\" height=\"210\" \/><\/a><\/p>\n<p style=\"text-align: justify;\">Hakkari&#8217;deki sald\u0131r\u0131ya ilk tepki Cumhurba\u015fkan\u0131 G\u00fcl&#8217;den gelirken, Ba\u015fbakan Erdo\u011fan yurt d\u0131\u015f\u0131 gezisini iptal etti.<\/p>\n<p style=\"text-align: justify;\">ANKARA- Hakkari&#8217;deki kanl\u0131 sald\u0131r\u0131n\u0131n ard\u0131ndan ilk a\u00e7\u0131klama Cumhurba\u015fkan\u0131 G\u00fcl&#8217;den geldi. \u0130stanbul&#8217;daki 27. \u0130SEDAK toplant\u0131s\u0131n\u0131n \u00f6ncesinde a\u00e7\u0131klama yapan G\u00fcl, &#8220;Bize bu ac\u0131y\u0131 \u00e7ektirenler misliyle \u00e7ekecektir. Bu sald\u0131r\u0131lar\u0131n intikam\u0131 \u00e7ok b\u00fcy\u00fck olacakt\u0131r&#8221; \u015feklinde konu\u015ftu.\u00a0<!--more--><\/p>\n<p style=\"text-align: justify;\">G\u00fcl, &#8220;Ter\u00f6r kar\u015f\u0131 taviz verilmeyecektir. Kararl\u0131l\u0131\u011f\u0131m\u0131z kesindindir. Demokratik geli\u015fmeleri ter\u00f6r nedeniyle yapt\u0131\u011f\u0131m\u0131z\u0131 d\u00fc\u015f\u00fcn\u00fcyorlarsa b\u00fcy\u00fck yan\u0131lg\u0131 i\u00e7indedir&#8221; diye konu\u015ftu.<\/p>\n<p style=\"text-align: justify;\"><strong>GEZ\u0130S\u0130N\u0130 \u0130PTAL ETT\u0130<\/strong><\/p>\n<p style=\"text-align: justify;\">Ba\u015fbakan Erdo\u011fan bug\u00fcn Kazakistan&#8217;a ger\u00e7ekle\u015ftirece\u011fi 3 g\u00fcnl\u00fck geziyi iptal etti. Bir iptal de S\u0131rbistan&#8217;a gitmesi beklenen D\u0131\u015fi\u015fleri Bakan\u0131 Davuto\u011flu&#8217;ndan geldi.<\/p>\n<p style=\"text-align: justify;\"><strong>&#8220;EN \u015e\u0130DDETL\u0130 \u015eEK\u0130LDE CEZALANDIRILACAKLAR&#8221;<\/strong><\/p>\n<p style=\"text-align: justify;\">D\u0131\u015fi\u015fleri Bakan\u0131 Ahmet Davuto\u011flu, Hakkari&#8217;nin \u00c7ukurca il\u00e7esindeki ter\u00f6rist sald\u0131r\u0131ya ili\u015fkin, &#8221;Ger\u00e7ekten \u00fcz\u00fcc\u00fc bir olay. Aziz milletimiz, bu sald\u0131r\u0131lar\u0131 yapanlar\u0131 mutlaka en \u015fiddetli \u015fekilde cezaland\u0131racaklard\u0131r&#8221; dedi.<\/p>\n<p style=\"text-align: justify;\">Davuto\u011flu, Konya&#8217;daki ter\u00f6rist sald\u0131r\u0131 sebebiyle Konya&#8217;daki programlar\u0131n\u0131 iptal etti\u011fini belirterek, &#8221;Ger\u00e7ekten \u00fcz\u00fcc\u00fc bir olay. \u015eehitlerimize rahmet, yak\u0131nlar\u0131na ba\u015fsa\u011fl\u0131\u011f\u0131 diliyorum. Konya&#8217;daki programlar\u0131m\u0131z\u0131 iptal ettik. Ankara&#8217;ya ge\u00e7iyorum. Aziz milletimiz, bu sald\u0131r\u0131lar\u0131 yapanlar\u0131 mutlaka en \u015fiddetli \u015fekilde cezaland\u0131r\u0131lacaklard\u0131r&#8221; diye konu\u015ftu.<\/p>\n<p style=\"text-align: justify;\"><strong>&#8220;Y\u00dcRE\u011e\u0130M\u0130Z YANIYOR&#8221;<\/strong><\/p>\n<p style=\"text-align: justify;\">CHP Genel Ba\u015fkan Yard\u0131mc\u0131s\u0131 G\u00fcrsel Tekin: Y\u00fcre\u011fimiz yan\u0131yor. Bu ac\u0131lar\u0131n art\u0131k bitmesi gerekiyor. Siyaset bunu \u00e7\u00f6zmek i\u00e7in var. Sald\u0131r\u0131y\u0131 \u015fiddetle k\u0131n\u0131yorum. \u015eehitlerimize Allahtan Rahmet, ailelerine b\u00fcy\u00fck sab\u0131r diliyorum.. Biliyorum ne desek onlar\u0131n ac\u0131s\u0131n\u0131 hafifletemeyiz.. Ama dualar\u0131m\u0131z onlarla.<\/p>\n<p style=\"text-align: justify;\"><a href=\"http:\/\/www.gazeteport.com.tr\/haber\/58406\/gul_misliyle_karsilik_verecegiz\" target=\"_blank\">Kaynak : GAZETEPORT<\/a><\/p>\n","protected":false},"excerpt":{"rendered":"<p style=\"text-align: center;\">\n<p style=\"text-align: justify;\">Hakkari&#8217;deki sald\u0131r\u0131ya ilk tepki Cumhurba\u015fkan\u0131 G\u00fcl&#8217;den gelirken, Ba\u015fbakan Erdo\u011fan yurt d\u0131\u015f\u0131 gezisini iptal etti.<\/p>\n<p style=\"text-align: justify;\">ANKARA- Hakkari&#8217;deki kanl\u0131 sald\u0131r\u0131n\u0131n ard\u0131ndan ilk a\u00e7\u0131klama Cumhurba\u015fkan\u0131 G\u00fcl&#8217;den geldi. \u0130stanbul&#8217;daki 27. \u0130SEDAK toplant\u0131s\u0131n\u0131n \u00f6ncesinde a\u00e7\u0131klama yapan G\u00fcl, &#8220;Bize bu ac\u0131y\u0131 \u00e7ektirenler misliyle \u00e7ekecektir. Bu sald\u0131r\u0131lar\u0131n intikam\u0131 \u00e7ok b\u00fcy\u00fck olacakt\u0131r&#8221; \u015feklinde konu\u015ftu. <\/p>\n","protected":false},"author":1,"featured_media":0,"comment_status":"open","ping_status":"open","sticky":false,"template":"","format":"standard","meta":{"footnotes":""},"categories":[105],"tags":[],"class_list":["post-41321","post","type-post","status-publish","format-standard","hentry","category-gundem","odd"],"_links":{"self":[{"href":"http:\/\/www.korhanyilmaz.com\/index.php?rest_route=\/wp\/v2\/posts\/41321","targetHints":{"allow":["GET"]}}],"collection":[{"href":"http:\/\/www.korhanyilmaz.com\/index.php?rest_route=\/wp\/v2\/posts"}],"about":[{"href":"http:\/\/www.korhanyilmaz.com\/index.php?rest_route=\/wp\/v2\/types\/post"}],"author":[{"embeddable":true,"href":"http:\/\/www.korhanyilmaz.com\/index.php?rest_route=\/wp\/v2\/users\/1"}],"replies":[{"embeddable":true,"href":"http:\/\/www.korhanyilmaz.com\/index.php?rest_route=%2Fwp%2Fv2%2Fcomments&post=41321"}],"version-history":[{"count":0,"href":"http:\/\/www.korhanyilmaz.com\/index.php?rest_route=\/wp\/v2\/posts\/41321\/revisions"}],"wp:attachment":[{"href":"http:\/\/www.korhanyilmaz.com\/index.php?rest_route=%2Fwp%2Fv2%2Fmedia&parent=41321"}],"wp:term":[{"taxonomy":"category","embeddable":true,"href":"http:\/\/www.korhanyilmaz.com\/index.php?rest_route=%2Fwp%2Fv2%2Fcategories&post=41321"},{"taxonomy":"post_tag","embeddable":true,"href":"http:\/\/www.korhanyilmaz.com\/index.php?rest_route=%2Fwp%2Fv2%2Ftags&post=41321"}],"curies":[{"name":"wp","href":"https:\/\/api.w.org\/{rel}","templated":true}]}}