{"id":41314,"date":"2011-10-19T11:19:04","date_gmt":"2011-10-19T08:19:04","guid":{"rendered":"http:\/\/www.korhanyilmaz.com\/?p=41314"},"modified":"2011-10-19T16:55:50","modified_gmt":"2011-10-19T13:55:50","slug":"cukurcada-26-asker-sehit","status":"publish","type":"post","link":"http:\/\/www.korhanyilmaz.com\/?p=41314","title":{"rendered":"\u00c7ukurca&#8217;da 24 asker \u015fehit!"},"content":{"rendered":"<p style=\"text-align: center;\"><a href=\"http:\/\/www.korhanyilmaz.com\/wp-content\/uploads\/2011\/10\/8119.jpg\"  class=\"lightview\"><img loading=\"lazy\" decoding=\"async\" class=\"aligncenter  wp-image-41315\" src=\"http:\/\/www.korhanyilmaz.com\/wp-content\/uploads\/2011\/10\/8119.jpg\" alt=\"\" width=\"361\" height=\"232\" \/><\/a><\/p>\n<p style=\"text-align: justify;\">Ter\u00f6r \u00f6rg\u00fct\u00fc PKK, Hakkari&#8217;nin \u00c7ukurca \u0130l\u00e7esi Kekliktepe b\u00f6lgesinde bulunan askeri birli\u011fe sald\u0131rd\u0131. PKK&#8217;l\u0131 ter\u00f6ristlerle g\u00fcvenlik g\u00fc\u00e7leri aras\u0131nda \u00e7at\u0131\u015fma \u00e7\u0131kt\u0131. \u00c7\u0131kan \u00e7at\u0131\u015fmada 26 asker \u015fehit oldu, 22 asker de yaraland\u0131. Sald\u0131r\u0131lar\u0131n 200 ki\u015filik bir PKK&#8217;l\u0131 grup taraf\u0131ndan ger\u00e7ekle\u015ftirildi\u011fi \u00f6\u011frenildi.\u00a0<!--more--><\/p>\n<p style=\"text-align: justify;\">PKK&#8217;l\u0131 ter\u00f6rist grubu saat 01.00 s\u0131ralar\u0131nda \u00c7ukurca&#8217;da g\u00fcvenlik g\u00fc\u00e7lerinin bulundu\u011fu binalar\u0131 uzun namlulu silahlarla yo\u011fun ate\u015f alt\u0131na tuttu. Ter\u00f6ristlere polis ve askerler de an\u0131nda kar\u015f\u0131l\u0131k verdi.<\/p>\n<p style=\"text-align: justify;\">A\u011f\u0131r silahlar\u0131n kullan\u0131ld\u0131\u011f\u0131 il\u00e7e merkezindeki \u00e7at\u0131\u015fma 30 dakikay\u0131 a\u015fk\u0131n s\u00fcredir aral\u0131ks\u0131z devam etti.<\/p>\n<p style=\"text-align: justify;\">DHA&#8217;ya g\u00f6re, gece saatlerinde ba\u015flayan sald\u0131r\u0131larda 26 asker \u015fehit oldu, 22 asker de yaraland\u0131.<\/p>\n<p style=\"text-align: justify;\">\u0130l\u00e7enin her kesiminden duyulan yo\u011fun silah sesleri halk aras\u0131nda b\u00fcy\u00fck endi\u015feye neden oldu.<\/p>\n<p style=\"text-align: justify;\">Bu arada, Hakkari&#8217;deki polis telsizlerinden t\u00fcm polislerin \u00e7elik yelek giymeleri ve tam tecizatl\u0131 olmalar\u0131 talimat\u0131 verilirken, \u00c7ukurca&#8217;daki \u00e7at\u0131\u015fmaya destek i\u00e7in de haz\u0131r durumda beklenmeleri istendi.<\/p>\n<p style=\"text-align: justify;\"><strong>&#8220;E\u015f zamanl\u0131 sald\u0131r\u0131 d\u00fczenlendi&#8221;\u00a0<\/strong><\/p>\n<p style=\"text-align: justify;\">Hakkari Valisi Muammer T\u00fcrker, sald\u0131r\u0131n\u0131n e\u015f zamanl\u0131 ger\u00e7ekle\u015fti\u011fini s\u00f6yledi.<\/p>\n<p style=\"text-align: justify;\">Sald\u0131r\u0131n\u0131n polis ve askeri noktalara ayn\u0131 anda yap\u0131ld\u0131\u011f\u0131n\u0131 belirten Vali T\u00fcrker, g\u00fcvenlik g\u00fc\u00e7lerinin de an\u0131nda kar\u015f\u0131l\u0131k verdi\u011fini, \u00e7at\u0131\u015fman\u0131n s\u00fcrd\u00fc\u011f\u00fcn\u00fc bildirdi.<\/p>\n<p style=\"text-align: justify;\"><strong>&#8220;200 PKK&#8217;l\u0131 sald\u0131rd\u0131&#8221;\u00a0<\/strong><\/p>\n<p style=\"text-align: justify;\">Sald\u0131r\u0131n\u0131n detaylar\u0131 da yava\u015f yava\u015f netle\u015fiyor.<\/p>\n<p style=\"text-align: justify;\">PKK&#8217;l\u0131 ter\u00f6ristlerin \u00f6nce \u00c7ukurca il\u00e7e merkezindeki polis ve askeri alanlara, ard\u0131ndan da s\u0131n\u0131r\u0131n s\u0131f\u0131r noktas\u0131nda bulunan askeri birlik ve karakollara sald\u0131r\u0131 d\u00fczenledi\u011fi belirtildi. \u0130l\u00e7e merkezi ile karakollara yap\u0131lan sald\u0131r\u0131n\u0131n 200 ki\u015filik bir PKK&#8217;l\u0131 grup taraf\u0131ndan ger\u00e7ekle\u015ftirildi\u011fi \u00f6\u011frenildi.<\/p>\n<p style=\"text-align: justify;\"><strong>Genelkurmay Ba\u015fkan\u0131 b\u00f6lgeye gitti\u00a0<\/strong><\/p>\n<p style=\"text-align: justify;\">Sald\u0131r\u0131n\u0131n ard\u0131ndan Genelkurmay Ba\u015fkan\u0131 Orgeneral Necdet \u00d6zel ve kuvvet komutanlar\u0131 b\u00f6lgeye hareket etti.<\/p>\n<p style=\"text-align: justify;\">Ba\u015fbakan ve D\u0131\u015fi\u015fleri Bakan\u0131&#8217;n\u0131n gezileri iptal<\/p>\n<p style=\"text-align: justify;\">Ba\u015fbakan Erdo\u011fan bug\u00fcnk\u00fc Kazakistan gezisini iptal etti.<\/p>\n<p style=\"text-align: justify;\">D\u0131\u015fi\u015fleri Bakan\u0131 Ahmet Davuto\u011flu da S\u0131rbistan&#8217;a yapmay\u0131 planlad\u0131\u011f\u0131 \u00e7al\u0131\u015fma ziyaretini iptal etti.<\/p>\n<p style=\"text-align: justify;\">Bir ziyaret iptali de Maliye Bakan\u0131&#8217;ndan geldi. Maliye Bakan\u0131 Mehmet \u015eim\u015fek sald\u0131r\u0131lar nedeniyle ABD program\u0131n\u0131 iptal etti.<\/p>\n<p style=\"text-align: justify;\"><strong>BA\u015eBAKANLIK&#8217;TA TER\u00d6R Z\u0130RVES\u0130\u00a0<\/strong><\/p>\n<p style=\"text-align: justify;\">Sald\u0131r\u0131n\u0131n ard\u0131ndan Ba\u015fbakan Erdo\u011fan ba\u015fkanl\u0131\u011f\u0131nda bir ter\u00f6r toplant\u0131s\u0131 yap\u0131ld\u0131.<\/p>\n<p style=\"text-align: justify;\">Ba\u015fbakanl\u0131k Merkez Bina&#8217;daki toplant\u0131ya Ba\u015fbakan Yard\u0131mc\u0131s\u0131 Be\u015fir Atalay, \u0130\u00e7i\u015fleri Bakan\u0131 \u0130dris Naim \u015eahin, Milli Savunma Bakan\u0131 \u0130smet Y\u0131lmaz da\u00a0kat\u0131l\u0131yor.<\/p>\n<p style=\"text-align: justify;\">Bu arada Adalet Bakan\u0131 Sadullah Ergin ile M\u0130T M\u00fcste\u015far\u0131 Hakan Fidan da Ba\u015fbakanl\u0131k&#8217;a geldi.<\/p>\n<p style=\"text-align: justify;\">Toplant\u0131n\u0131n ard\u0131ndan \u0130\u00e7i\u015fleri Bakan\u0131&#8217;n\u0131n b\u00f6lgeye hareket etmesi bekleniyor.<\/p>\n<p style=\"text-align: justify;\"><strong>Hakkari&#8217;de hava hareketlili\u011fi\u00a0<\/strong><\/p>\n<p style=\"text-align: justify;\">\u00d6te yandan Hakkari ile \u0130ran ve Irak&#8217;a s\u0131n\u0131r\u0131 olan \u015eemdinli \u0130l\u00e7esi&#8217;nde de yo\u011fun hava hareketlili\u011fi ya\u015fand\u0131.<\/p>\n<p style=\"text-align: justify;\">Hakkari ve \u015eemdinli&#8217;nin Derecik Beldesi&#8217;den ge\u00e7en u\u00e7aklar, Irak s\u0131n\u0131r\u0131na do\u011fru gitti. Askeri hareketili\u011fin yo\u011fun s\u00fcrd\u00fc\u011f\u00fc b\u00f6lgede d\u00fcn ak\u015fam saatlerinde ya\u015fanan hava hareketlili\u011fi bug\u00fcn de ak\u015fam saatlerinde devam etti. D\u00fcn saat 20.30&#8217;da Hakkari ile \u015eemdinli il\u00e7esi&#8217;nin Derecik Beldesi semalar\u0131nda pe\u015f pe\u015fe ge\u00e7en u\u00e7aklar\u0131n, Irak s\u0131n\u0131r\u0131na do\u011fru gittikleri g\u00f6r\u00fcld\u00fc.<\/p>\n<p style=\"text-align: justify;\"><a href=\"http:\/\/www.cnnturk.com\/2011\/turkiye\/10\/19\/cukurcada.26.asker.sehit\/633660.0\/index.html\" target=\"_blank\">Kaynak : CNN T\u00dcRK<\/a><\/p>\n","protected":false},"excerpt":{"rendered":"<p style=\"text-align: center;\">\n<p style=\"text-align: justify;\">Ter\u00f6r \u00f6rg\u00fct\u00fc PKK, Hakkari&#8217;nin \u00c7ukurca \u0130l\u00e7esi Kekliktepe b\u00f6lgesinde bulunan askeri birli\u011fe sald\u0131rd\u0131. PKK&#8217;l\u0131 ter\u00f6ristlerle g\u00fcvenlik g\u00fc\u00e7leri aras\u0131nda \u00e7at\u0131\u015fma \u00e7\u0131kt\u0131. \u00c7\u0131kan \u00e7at\u0131\u015fmada 26 asker \u015fehit oldu, 22 asker de yaraland\u0131. Sald\u0131r\u0131lar\u0131n 200 ki\u015filik bir PKK&#8217;l\u0131 grup taraf\u0131ndan ger\u00e7ekle\u015ftirildi\u011fi \u00f6\u011frenildi. <\/p>\n","protected":false},"author":1,"featured_media":0,"comment_status":"open","ping_status":"open","sticky":false,"template":"","format":"standard","meta":{"footnotes":""},"categories":[105],"tags":[],"class_list":["post-41314","post","type-post","status-publish","format-standard","hentry","category-gundem","odd"],"_links":{"self":[{"href":"http:\/\/www.korhanyilmaz.com\/index.php?rest_route=\/wp\/v2\/posts\/41314","targetHints":{"allow":["GET"]}}],"collection":[{"href":"http:\/\/www.korhanyilmaz.com\/index.php?rest_route=\/wp\/v2\/posts"}],"about":[{"href":"http:\/\/www.korhanyilmaz.com\/index.php?rest_route=\/wp\/v2\/types\/post"}],"author":[{"embeddable":true,"href":"http:\/\/www.korhanyilmaz.com\/index.php?rest_route=\/wp\/v2\/users\/1"}],"replies":[{"embeddable":true,"href":"http:\/\/www.korhanyilmaz.com\/index.php?rest_route=%2Fwp%2Fv2%2Fcomments&post=41314"}],"version-history":[{"count":0,"href":"http:\/\/www.korhanyilmaz.com\/index.php?rest_route=\/wp\/v2\/posts\/41314\/revisions"}],"wp:attachment":[{"href":"http:\/\/www.korhanyilmaz.com\/index.php?rest_route=%2Fwp%2Fv2%2Fmedia&parent=41314"}],"wp:term":[{"taxonomy":"category","embeddable":true,"href":"http:\/\/www.korhanyilmaz.com\/index.php?rest_route=%2Fwp%2Fv2%2Fcategories&post=41314"},{"taxonomy":"post_tag","embeddable":true,"href":"http:\/\/www.korhanyilmaz.com\/index.php?rest_route=%2Fwp%2Fv2%2Ftags&post=41314"}],"curies":[{"name":"wp","href":"https:\/\/api.w.org\/{rel}","templated":true}]}}