{"id":41310,"date":"2011-10-18T22:41:02","date_gmt":"2011-10-18T19:41:02","guid":{"rendered":"http:\/\/www.korhanyilmaz.com\/?p=41310"},"modified":"2011-10-19T06:25:27","modified_gmt":"2011-10-19T03:25:27","slug":"mecliste-darbe-tartismasi","status":"publish","type":"post","link":"http:\/\/www.korhanyilmaz.com\/?p=41310","title":{"rendered":"Meclis&#8217;te darbe tart\u0131\u015fmas\u0131"},"content":{"rendered":"<p style=\"text-align: center;\"><a href=\"http:\/\/www.korhanyilmaz.com\/wp-content\/uploads\/2011\/10\/8118.jpg\"  class=\"lightview\"><img loading=\"lazy\" decoding=\"async\" class=\"aligncenter  wp-image-41311\" src=\"http:\/\/www.korhanyilmaz.com\/wp-content\/uploads\/2011\/10\/8118.jpg\" alt=\"\" width=\"396\" height=\"180\" \/><\/a><\/p>\n<p style=\"text-align: justify;\">CHP\u2019li Emine \u00dclker Tarhan\u2019\u0131n, 12 Eyl\u00fcl referandumu ile yap\u0131lan de\u011fi\u015fikliklere ili\u015fkin &#8216;darbe&#8217; de\u011ferlendirmesine, Adalet Bakan\u0131 Sadullah Ergin yan\u0131t verdi.<\/p>\n<p style=\"text-align: justify;\">ANKARA &#8211; Meclis Genel Kurulu\u2019nda darbe gerginli\u011fi ya\u015fand\u0131.<\/p>\n<p style=\"text-align: justify;\">CHP&#8217;li Emine \u00dclker Tarhan, 12 Eyl\u00fcl 2010&#8217;da yap\u0131lan anayasa de\u011fi\u015fikli\u011fini darbe olarak yorumlay\u0131nca Genel Kurul&#8217;da gergin anlar ya\u015fand\u0131. Tarhan ayr\u0131ca, &#8220;Deniz Feneri savc\u0131lar\u0131 komplolarla y\u0131ld\u0131r\u0131lmaya \u00e7al\u0131\u015f\u0131l\u0131yor&#8221; dedi.\u00a0<!--more--><\/p>\n<p style=\"text-align: justify;\">CHP&#8217;li vekilin s\u00f6zlerine Adalet Bakan\u0131 Sadullah Ergin Yan\u0131t verdi: &#8220;Bu \u00fclkede biten \u015fey vesayet sistemidir&#8221; dedi.<\/p>\n<p style=\"text-align: justify;\">Ergin, Deniz Feneri soru\u015fturmas\u0131na y\u00f6nelik ele\u015ftirilere de, &#8220;12 Eyl\u00fcl 2010&#8217;dan sonra 812 inceleme dosyas\u0131 geldi, hepsine olur verdim&#8221; ifadesini kulland\u0131.<\/p>\n<p style=\"text-align: justify;\"><strong>ERG\u0130N&#8217;E Z\u0130YARET<\/strong><\/p>\n<p style=\"text-align: justify;\">Meclis\u2019te ya\u015fanan bu polemi\u011fin ard\u0131ndan, CHP&#8217;nin hukuk\u00e7u milletvekilleri, anayasay\u0131 ihlal etti\u011fini savunduklar\u0131 Bakan Ergin\u2019i ziyaret etti.<\/p>\n<p style=\"text-align: justify;\">CHP&#8217;liler, Ergin&#8217;i kendi sorumluluk alanlar\u0131ndaki konularda g\u00f6reve \u00e7a\u011f\u0131r\u0131rken, g\u00f6r\u00fc\u015fmede tutuklu milletvekillerinin durumu da g\u00fcndeme geldi.<\/p>\n<p style=\"text-align: justify;\">CHP&#8217;liler Bakan Ergin&#8217;e, aralar\u0131nda Deniz Feneri ve Oda tv soru\u015fturmalar\u0131n\u0131n da oldu\u011fu 7 maddelik bir dosya sundu. CHP&#8217;liler g\u00f6r\u00fc\u015fmede, cumhuriyet savc\u0131lar\u0131n\u0131n h\u00fck\u00fcmetin telkinlerine g\u00f6re hareket eti\u011fini savunarak, &#8220;Savc\u0131lar art\u0131k cumhuru temsil etmiyor&#8221; \u015fikayetinde bulundu.<\/p>\n<p style=\"text-align: justify;\">Bu iddialar\u0131n ara\u015ft\u0131r\u0131laca\u011f\u0131n\u0131 s\u00f6yleyen Bakan Ergin&#8217;e, tutuklu milletvekillerinin durumu da soruldu. Ergin, komplikasyon \u00fcretmeyecek bir form\u00fcl\u00fc de\u011ferlendirdiklerini ancak CHP&#8217;nin bu konuda bir teklif getirmedi\u011fini s\u00f6yledi. Ergin, sorunun yarg\u0131lamalar\u0131n uzun s\u00fcrmesi oldu\u011funu belirterek, bu y\u00f6ndeki \u00e7al\u0131\u015fmalar\u0131n devam etti\u011fini hat\u0131rlatt\u0131.<\/p>\n<p style=\"text-align: justify;\"><a href=\"http:\/\/www.gazeteport.com.tr\/haber\/58354\/mecliste_darbe_tartismasi\" target=\"_blank\">Kaynak : GAZETEPORT<\/a><\/p>\n","protected":false},"excerpt":{"rendered":"<p style=\"text-align: center;\">\n<p style=\"text-align: justify;\">CHP\u2019li Emine \u00dclker Tarhan\u2019\u0131n, 12 Eyl\u00fcl referandumu ile yap\u0131lan de\u011fi\u015fikliklere ili\u015fkin &#8216;darbe&#8217; de\u011ferlendirmesine, Adalet Bakan\u0131 Sadullah Ergin yan\u0131t verdi.<\/p>\n<p style=\"text-align: justify;\">ANKARA &#8211; Meclis Genel Kurulu\u2019nda darbe gerginli\u011fi ya\u015fand\u0131.<\/p>\n<p style=\"text-align: justify;\">CHP&#8217;li Emine \u00dclker Tarhan, 12 Eyl\u00fcl 2010&#8217;da yap\u0131lan anayasa de\u011fi\u015fikli\u011fini darbe olarak yorumlay\u0131nca Genel Kurul&#8217;da gergin anlar ya\u015fand\u0131. Tarhan <\/p>\n","protected":false},"author":1,"featured_media":0,"comment_status":"open","ping_status":"open","sticky":false,"template":"","format":"standard","meta":{"footnotes":""},"categories":[105],"tags":[],"class_list":["post-41310","post","type-post","status-publish","format-standard","hentry","category-gundem","odd"],"_links":{"self":[{"href":"http:\/\/www.korhanyilmaz.com\/index.php?rest_route=\/wp\/v2\/posts\/41310","targetHints":{"allow":["GET"]}}],"collection":[{"href":"http:\/\/www.korhanyilmaz.com\/index.php?rest_route=\/wp\/v2\/posts"}],"about":[{"href":"http:\/\/www.korhanyilmaz.com\/index.php?rest_route=\/wp\/v2\/types\/post"}],"author":[{"embeddable":true,"href":"http:\/\/www.korhanyilmaz.com\/index.php?rest_route=\/wp\/v2\/users\/1"}],"replies":[{"embeddable":true,"href":"http:\/\/www.korhanyilmaz.com\/index.php?rest_route=%2Fwp%2Fv2%2Fcomments&post=41310"}],"version-history":[{"count":0,"href":"http:\/\/www.korhanyilmaz.com\/index.php?rest_route=\/wp\/v2\/posts\/41310\/revisions"}],"wp:attachment":[{"href":"http:\/\/www.korhanyilmaz.com\/index.php?rest_route=%2Fwp%2Fv2%2Fmedia&parent=41310"}],"wp:term":[{"taxonomy":"category","embeddable":true,"href":"http:\/\/www.korhanyilmaz.com\/index.php?rest_route=%2Fwp%2Fv2%2Fcategories&post=41310"},{"taxonomy":"post_tag","embeddable":true,"href":"http:\/\/www.korhanyilmaz.com\/index.php?rest_route=%2Fwp%2Fv2%2Ftags&post=41310"}],"curies":[{"name":"wp","href":"https:\/\/api.w.org\/{rel}","templated":true}]}}