{"id":41305,"date":"2011-10-18T07:59:03","date_gmt":"2011-10-18T04:59:03","guid":{"rendered":"http:\/\/www.korhanyilmaz.com\/?p=41305"},"modified":"2011-10-19T06:16:28","modified_gmt":"2011-10-19T03:16:28","slug":"star-tvde-imzalar-atildi","status":"publish","type":"post","link":"http:\/\/www.korhanyilmaz.com\/?p=41305","title":{"rendered":"Star TV&#8217;de imzalar at\u0131ld\u0131"},"content":{"rendered":"<p style=\"text-align: center;\"><a href=\"http:\/\/www.korhanyilmaz.com\/wp-content\/uploads\/2011\/10\/8117.jpg\"  class=\"lightview\"><img loading=\"lazy\" decoding=\"async\" class=\"aligncenter  wp-image-41306\" src=\"http:\/\/www.korhanyilmaz.com\/wp-content\/uploads\/2011\/10\/8117.jpg\" alt=\"\" width=\"396\" height=\"180\" \/><\/a><\/p>\n<p style=\"text-align: justify;\">Do\u011fan Yay\u0131n Holding, b\u00fcnyesinde Star TV&#8217;ye ait t\u00fcm haklar\u0131n, devri konusunda Do\u011fu\u015f Yay\u0131n Grubu ile anla\u015fma sa\u011flad\u0131.<\/p>\n<p style=\"text-align: justify;\">Do\u011fan Yay\u0131n Holding, b\u00fcnyesinde Star TV&#8217;ye ait t\u00fcm haklar\u0131, yay\u0131n lisans ve ruhsatlar\u0131n\u0131, marka (Star TV, Eurostar vb.) ve isim haklar\u0131 ile \u0130nternet Sitesi alan adlar\u0131n\u0131 vb. bar\u0131nd\u0131ran dolayl\u0131 ba\u011fl\u0131 ortakl\u0131\u011f\u0131 I\u015f\u0131l Televizyon Yay\u0131nc\u0131l\u0131k A.\u015e.&#8217;nin tamam\u0131 \u00f6denmi\u015f 391.500.000,TL olan sermayesinin %99,99&#8217;unu temsil eden hisse senetlerinin sat\u0131\u015f\u0131 ve devri konusunda Do\u011fu\u015f Yay\u0131n Grubu ile anla\u015fma sa\u011flad\u0131.\u00a0<!--more--><\/p>\n<p style=\"text-align: justify;\">\u015eirketten KAP&#8217;a yap\u0131lan a\u00e7\u0131klamada \u015fu bilgiler verildi:<\/p>\n<p style=\"text-align: justify;\">&#8220;I\u015f\u0131l Televizyon Yay\u0131nc\u0131l\u0131k A.\u015e.&#8217;nin 391.500.000,-TL olan \u00f6denmi\u015f sermayesinin %99,99&#8217;unu temsil eden beheri 1,-TL nominal de\u011ferli 391.500.000 adet hisse senetlerinin 327.000.000,-ABD Dolar\u0131 bedel \u00fczerinden Do\u011fu\u015f Yay\u0131n Grubu&#8217;na sat\u0131\u015f\u0131 ve devri konusunda, Grubumuz ile Do\u011fu\u015f Yay\u0131n Grubu aras\u0131nda &#8220;Hisse Al\u0131m ve Sat\u0131m Esaslar\u0131na \u0130li\u015fkin S\u00f6zle\u015fme&#8221;si (&#8220;S\u00f6zle\u015fme&#8221;), bu ak\u015fam saat 19:00 itibariyle imzalanm\u0131\u015ft\u0131r.<\/p>\n<p style=\"text-align: justify;\">S\u00f6z konusu sat\u0131\u015f bedelinin 151.000.000,-ABD Dolarl\u0131k k\u0131sm\u0131, gerekli yasal izinlerin al\u0131nmas\u0131n\u0131 takiben, hisse senetlerinin sat\u0131\u015f ve devir i\u015fleminin kapan\u0131\u015f\u0131n\u0131n yap\u0131ld\u0131\u011f\u0131 tarihte nakden ve pe\u015fin olarak kalan\u0131 (176.000.000,-ABD Dolar\u0131) ise 2 y\u0131l vadeli \u00f6denecektir.<\/p>\n<p style=\"text-align: justify;\">Hisse senedi sat\u0131\u015f ve devir i\u015fleminin sonu\u00e7lanmas\u0131 Radyo ve Televizyon \u00dcst Kurulu ve Rekabet Kurumu izinlerine tabidir.<\/p>\n<p style=\"text-align: justify;\">\u015eirketimiz &#8220;S\u00f6zle\u015fme&#8221;ye, Sat\u0131c\u0131lar\u0131n S\u00f6zle\u015fme taht\u0131ndaki tazmin de dahil t\u00fcm sorumluluklardan Sat\u0131c\u0131larla birlikte mesul olmak amac\u0131yla M\u00fc\u015fterek M\u00fcteselsil Kefil ve Garant\u00f6r s\u0131fat\u0131yla taraf olmu\u015ftur.<\/p>\n<p style=\"text-align: justify;\">I\u015f\u0131l Televizyon Yay\u0131nc\u0131l\u0131k A.\u015e.&#8217;nin &#8220;\u00d6n Mali Kapan\u0131\u015f&#8221; tarihine (31.10.2011) kadar elde edece\u011fi her t\u00fcrl\u00fc gelir ve gider Do\u011fan Grubu&#8217;na ait olacakt\u0131r. Di\u011fer taraftan, &#8220;\u00d6n Mali Kapan\u0131\u015f&#8221; tarihi itibariyle, I\u015f\u0131l Televizyon Yay\u0131nc\u0131l\u0131k A.\u015e.&#8217;nin alacak ve bor\u00e7lar\u0131n\u0131n m\u00fcmk\u00fcn oldu\u011funca e\u015fitlenmesi sa\u011flanacakt\u0131r. Bunun m\u00fcmk\u00fcn olamamas\u0131\u00a0durumunda taraflar, alacaklardan kar\u015f\u0131lanamayan bor\u00e7 tutarlar\u0131n\u0131n hisse senedi devir bedelinden tenzilini veya alacaklar\u0131n bor\u00e7lardan daha fazla olmas\u0131 halinde ise, alacaklar ile bor\u00e7lar aras\u0131nda bakiye tutar\u0131n\u0131n sat\u0131\u015f bedeline ilave edilmesini kabul ve taahh\u00fct etmi\u015flerdir. Sat\u0131\u015f bedeli bu \u00e7er\u00e7evede revize edilebilecektir.<\/p>\n<p style=\"text-align: justify;\">I\u015f\u0131l Televizyon Yay\u0131nc\u0131l\u0131k A.\u015e. hisse senetlerinin devri sonras\u0131nda, ilgili ba\u011fl\u0131 ortakl\u0131\u011f\u0131m\u0131z\u0131n yasal kay\u0131tlar\u0131nda, &#8220;kapan\u0131\u015f&#8221; tarihindeki d\u00f6viz kuruna ba\u011fl\u0131 olarak belirlenen ilk sat\u0131\u015f has\u0131lat\u0131na g\u00f6re yakla\u015f\u0131k 215.000.000,-TL tutar\u0131nda &#8220;i\u015ftirak hissesi sat\u0131\u015f kar\u0131&#8221; (%75 Kurumlar Vergisi istisnas\u0131na tabidir) olu\u015faca\u011f\u0131 hesaplanmakta olup hisse senedi sat\u0131\u015f ve devir i\u015fleminin SPK d\u00fczenlemeleri do\u011frultusunda UFRS&#8217;ye uygun olarak haz\u0131rlanan konsolide finansal tablolar\u0131m\u0131za etkisi ise &#8220;kapan\u0131\u015f\u0131 takiben&#8221; kamuya a\u00e7\u0131klanacak ilk finansal tablolar\u0131m\u0131zda yer alacakt\u0131r. &#8220;<\/p>\n<p style=\"text-align: justify;\">Star TV Ana Haber Genel Yay\u0131n Y\u00f6netmeni ve anchormani U\u011fur D\u00fcndar, Star TV\u2019nin Do\u011fu\u015f Grubu\u2019na sat\u0131\u015f\u0131 ile ilgili olarak Radyo D\u2019de her sabah konu\u011fu oldu\u011fu &#8220;Hakan G\u00fcnd\u00fcz ile Radyo Arenas\u0131&#8221; program\u0131nda konu\u015ftu.<\/p>\n<p style=\"text-align: justify;\"><strong>PATRONUM AYDIN DO\u011eAN&#8217;DIR<\/strong><\/p>\n<p style=\"text-align: justify;\">Star TV\u2019nin d\u00fcn gece itibariyle Do\u011fu\u015f Grubu\u2019nun oldu\u011funu belirten D\u00fcndar, &#8220;Sevgili arkada\u015f\u0131m Y\u0131lmaz \u00d6zdil ile benim patronum Ayd\u0131n Do\u011fan\u2019d\u0131r.Biz Star TV\u2019ye Ayd\u0131n Do\u011fan\u2019\u0131n kanal\u0131 oldu\u011fu i\u00e7in geldik. Bug\u00fcne kadar da hi\u00e7bir \u015fekilde yay\u0131n \u00e7izgimize m\u00fcdahalede bulunulmad\u0131&#8221; dedi.<\/p>\n<p style=\"text-align: justify;\"><strong>EKRANLARA VEDA ED\u0130YORUM<\/strong><\/p>\n<p style=\"text-align: justify;\">U\u011fur D\u00fcndar, sat\u0131\u015f s\u00fcreci sona erinceye kadar Star Ana Haber B\u00fclteninde ekranda olmayaca\u011f\u0131n\u0131 a\u00e7\u0131klad\u0131.<\/p>\n<p style=\"text-align: justify;\">Sat\u0131\u015f s\u00fcreci Do\u011fan Grubu\u2019nun Star TV\u2019yi Do\u011fu\u015f Grubu\u2019na satt\u0131\u011f\u0131n\u0131 a\u00e7\u0131klamas\u0131ndan itibaren ba\u015fl\u0131yor ve kanal\u0131n sat\u0131\u015f\u0131na SPK taraf\u0131ndan onay verilmesine kadar ge\u00e7ecek s\u00fcreyi kaps\u0131yor.<\/p>\n<p style=\"text-align: justify;\"><strong>\u00c7ALI\u015eANLAR MERAK \u0130\u00c7\u0130NDE<\/strong><\/p>\n<p style=\"text-align: justify;\">D\u00fcndar&#8217;\u0131n bu a\u00e7\u0131klamas\u0131n\u0131n ard\u0131ndan Star TV \u00e7al\u0131\u015fanlar\u0131n\u0131 merak sard\u0131. D\u00fcndar Star \u00e7al\u0131\u015fanlar\u0131na bug\u00fcn saat 12.00 ile 13.00 aras\u0131nda ald\u0131\u011f\u0131 &#8220;ekranlara veda&#8221; karar\u0131 ile birlikte sat\u0131\u015f ve sonras\u0131yla ilgili merak edilenleri a\u00e7\u0131klayacak.<\/p>\n<p style=\"text-align: justify;\"><a href=\"http:\/\/www.gazeteport.com.tr\/haber\/58205\/star_tvde_imzalar_atildi\" target=\"_blank\">Kaynak : GAZETEPORT<\/a><\/p>\n","protected":false},"excerpt":{"rendered":"<p style=\"text-align: center;\">\n<p style=\"text-align: justify;\">Do\u011fan Yay\u0131n Holding, b\u00fcnyesinde Star TV&#8217;ye ait t\u00fcm haklar\u0131n, devri konusunda Do\u011fu\u015f Yay\u0131n Grubu ile anla\u015fma sa\u011flad\u0131.<\/p>\n<p style=\"text-align: justify;\">Do\u011fan Yay\u0131n Holding, b\u00fcnyesinde Star TV&#8217;ye ait t\u00fcm haklar\u0131, yay\u0131n lisans ve ruhsatlar\u0131n\u0131, marka (Star TV, Eurostar vb.) ve isim haklar\u0131 ile \u0130nternet Sitesi alan adlar\u0131n\u0131 vb. bar\u0131nd\u0131ran dolayl\u0131 ba\u011fl\u0131 ortakl\u0131\u011f\u0131 <\/p>\n","protected":false},"author":1,"featured_media":0,"comment_status":"open","ping_status":"open","sticky":false,"template":"","format":"standard","meta":{"footnotes":""},"categories":[105],"tags":[440,439,441,442],"class_list":["post-41305","post","type-post","status-publish","format-standard","hentry","category-gundem","tag-dogan-yayin-holding","tag-dogus-yayin-grubu","tag-isil-televizyon-yayincilik-a-s","tag-ugur-dundar","odd"],"_links":{"self":[{"href":"http:\/\/www.korhanyilmaz.com\/index.php?rest_route=\/wp\/v2\/posts\/41305","targetHints":{"allow":["GET"]}}],"collection":[{"href":"http:\/\/www.korhanyilmaz.com\/index.php?rest_route=\/wp\/v2\/posts"}],"about":[{"href":"http:\/\/www.korhanyilmaz.com\/index.php?rest_route=\/wp\/v2\/types\/post"}],"author":[{"embeddable":true,"href":"http:\/\/www.korhanyilmaz.com\/index.php?rest_route=\/wp\/v2\/users\/1"}],"replies":[{"embeddable":true,"href":"http:\/\/www.korhanyilmaz.com\/index.php?rest_route=%2Fwp%2Fv2%2Fcomments&post=41305"}],"version-history":[{"count":0,"href":"http:\/\/www.korhanyilmaz.com\/index.php?rest_route=\/wp\/v2\/posts\/41305\/revisions"}],"wp:attachment":[{"href":"http:\/\/www.korhanyilmaz.com\/index.php?rest_route=%2Fwp%2Fv2%2Fmedia&parent=41305"}],"wp:term":[{"taxonomy":"category","embeddable":true,"href":"http:\/\/www.korhanyilmaz.com\/index.php?rest_route=%2Fwp%2Fv2%2Fcategories&post=41305"},{"taxonomy":"post_tag","embeddable":true,"href":"http:\/\/www.korhanyilmaz.com\/index.php?rest_route=%2Fwp%2Fv2%2Ftags&post=41305"}],"curies":[{"name":"wp","href":"https:\/\/api.w.org\/{rel}","templated":true}]}}