{"id":41301,"date":"2011-10-18T22:22:51","date_gmt":"2011-10-18T19:22:51","guid":{"rendered":"http:\/\/www.korhanyilmaz.com\/?p=41301"},"modified":"2011-10-19T06:04:30","modified_gmt":"2011-10-19T03:04:30","slug":"serbest-kalan-filistinliler-turkiyeye-geliyor","status":"publish","type":"post","link":"http:\/\/www.korhanyilmaz.com\/?p=41301","title":{"rendered":"Serbest kalan Filistinliler T\u00fcrkiye&#8217;ye geliyor"},"content":{"rendered":"<p style=\"text-align: justify;\"><a href=\"http:\/\/www.korhanyilmaz.com\/wp-content\/uploads\/2011\/10\/8116.jpg\"  class=\"lightview\"><img loading=\"lazy\" decoding=\"async\" class=\"aligncenter size-full wp-image-41302\" title=\"\" src=\"http:\/\/www.korhanyilmaz.com\/wp-content\/uploads\/2011\/10\/8116.jpg\" alt=\"\" width=\"292\" height=\"278\" \/><\/a><\/p>\n<p style=\"text-align: justify;\">D\u0131\u015fi\u015fleri Bakan\u0131 Ahmet Davuto\u011flu, \u0130srail ile Hamas aras\u0131nda var\u0131lan tutuklu takas\u0131 anla\u015fmas\u0131 dolay\u0131s\u0131yla serbest kalan baz\u0131 Filistinlilerin T\u00fcrkiye&#8217;ye getirilmesi amac\u0131yla u\u00e7a\u011f\u0131n Kahire&#8217;ye gidece\u011fini s\u00f6yledi.<\/p>\n<p style=\"text-align: justify;\">D\u0131\u015fi\u015fleri Bakan\u0131 Davuto\u011flu, Konya&#8217;da \u0130srail ile Hamas aras\u0131nda var\u0131lan tutuklu takas\u0131 anla\u015fmas\u0131 ve Filistinlilerin T\u00fcrkiye&#8217;ye getirilmesiyle ilgili gazetecilerin sorular\u0131n\u0131 yan\u0131tlad\u0131.\u00a0<!--more--><\/p>\n<p style=\"text-align: justify;\">Davuto\u011flu, Filistinli bir heyetin d\u00fcn Ankara&#8217;ya gelerek temaslarda bulundu\u011funu, T\u00fcrkiye&#8217;nin meseleye insani olarak yakla\u015ft\u0131\u011f\u0131n\u0131 belirterek, &#8220;Bizim i\u00e7in insani bir meseledir. \u015eu anda da u\u00e7a\u011f\u0131m\u0131z zannediyorum \u015fu dakikalarda hareket etmi\u015f ya da hareket etmek \u00fczere Kahire&#8217;ye gidecekler&#8221; dedi.<\/p>\n<p style=\"text-align: justify;\">Bakan Davuto\u011flu, &#8220;Orada bulunan temsilcilerin ve serbest b\u0131rak\u0131lanlar\u0131n da kanaatleri al\u0131nacak. Hangi \u00fclkeye gitmek istedikleri, bunlar da konu\u015fulacak. Giden heyetimiz de bunlar\u0131 alarak T\u00fcrkiye&#8217;ye getirecekler&#8221; diye konu\u015ftu.<\/p>\n<p style=\"text-align: justify;\">B\u00fct\u00fcn Filistinliler i\u00e7in, b\u00fct\u00fcn Ortado\u011fu&#8217;daki halklar i\u00e7in T\u00fcrkiye&#8217;nin zaten kendi vatanlar\u0131 gibi g\u00f6r\u00fclmesi gerekti\u011fi bir \u00fclke oldu\u011funun alt\u0131n\u0131 \u00e7izen Davuto\u011flu, Bunda bir ola\u011fan\u00fcst\u00fc durumun olmad\u0131\u011f\u0131n\u0131, bunun T\u00fcrkiye&#8217;nin bar\u0131\u015fa bir katk\u0131s\u0131 oldu\u011funu s\u00f6yledi.<\/p>\n<p style=\"text-align: justify;\">Davuto\u011flu, &#8220;Bu katk\u0131 ne zaman gerekirse o zaman veririz. Sa\u011f salim \u00fclkeye ula\u015ft\u0131klar\u0131nda da gerekli a\u00e7\u0131klamalar\u0131 yapar\u0131z&#8221; ifadesini kulland\u0131.<\/p>\n<p style=\"text-align: justify;\">Davuto\u011flu, &#8220;Bizden resmen ba\u015fvuruda bulunarak, Filistin&#8217;e ve kom\u015fu \u00fclkelere d\u00f6nmesi uygun g\u00f6r\u00fclmeyen, kar\u015f\u0131l\u0131kl\u0131 anla\u015fmayla uygun g\u00f6r\u00fclmeyen, sadece \u0130srail&#8217;in talebi de\u011fil, iki taraf\u0131n da anla\u015farak \u00fczerinde mutab\u0131k kald\u0131klar\u0131 42 ki\u015fiden bir k\u0131sm\u0131n\u0131 da biz alaca\u011f\u0131z&#8221; dedi.<\/p>\n<p style=\"text-align: justify;\">D\u0131\u015fi\u015fleri Bakan\u0131 Davuto\u011flu, Kahire&#8217;de bulunan temsilcilerin ve serbest kalan tutuklular\u0131n da istekleri g\u00f6z \u00f6n\u00fcne al\u0131narak 10 civar\u0131nda bir Filistinlinin T\u00fcrkiye&#8217;ye getirilmesinin \u00f6ng\u00f6r\u00fcld\u00fc\u011f\u00fcn\u00fc ifade etti.<\/p>\n<p style=\"text-align: justify;\"><a href=\"http:\/\/www.cnnturk.com\/2011\/turkiye\/10\/18\/serbest.kalan.filistinliler.turkiyeye.geliyor\/633628.0\/index.html\" target=\"_blank\">Kaynak : CNN T\u00dcRK<\/a><\/p>\n","protected":false},"excerpt":{"rendered":"<p style=\"text-align: justify;\">\n<p style=\"text-align: justify;\">D\u0131\u015fi\u015fleri Bakan\u0131 Ahmet Davuto\u011flu, \u0130srail ile Hamas aras\u0131nda var\u0131lan tutuklu takas\u0131 anla\u015fmas\u0131 dolay\u0131s\u0131yla serbest kalan baz\u0131 Filistinlilerin T\u00fcrkiye&#8217;ye getirilmesi amac\u0131yla u\u00e7a\u011f\u0131n Kahire&#8217;ye gidece\u011fini s\u00f6yledi.<\/p>\n<p style=\"text-align: justify;\">D\u0131\u015fi\u015fleri Bakan\u0131 Davuto\u011flu, Konya&#8217;da \u0130srail ile Hamas aras\u0131nda var\u0131lan tutuklu takas\u0131 anla\u015fmas\u0131 ve Filistinlilerin T\u00fcrkiye&#8217;ye getirilmesiyle ilgili gazetecilerin sorular\u0131n\u0131 yan\u0131tlad\u0131. <\/p>\n","protected":false},"author":1,"featured_media":0,"comment_status":"open","ping_status":"open","sticky":false,"template":"","format":"standard","meta":{"footnotes":""},"categories":[105],"tags":[],"class_list":["post-41301","post","type-post","status-publish","format-standard","hentry","category-gundem","odd"],"_links":{"self":[{"href":"http:\/\/www.korhanyilmaz.com\/index.php?rest_route=\/wp\/v2\/posts\/41301","targetHints":{"allow":["GET"]}}],"collection":[{"href":"http:\/\/www.korhanyilmaz.com\/index.php?rest_route=\/wp\/v2\/posts"}],"about":[{"href":"http:\/\/www.korhanyilmaz.com\/index.php?rest_route=\/wp\/v2\/types\/post"}],"author":[{"embeddable":true,"href":"http:\/\/www.korhanyilmaz.com\/index.php?rest_route=\/wp\/v2\/users\/1"}],"replies":[{"embeddable":true,"href":"http:\/\/www.korhanyilmaz.com\/index.php?rest_route=%2Fwp%2Fv2%2Fcomments&post=41301"}],"version-history":[{"count":0,"href":"http:\/\/www.korhanyilmaz.com\/index.php?rest_route=\/wp\/v2\/posts\/41301\/revisions"}],"wp:attachment":[{"href":"http:\/\/www.korhanyilmaz.com\/index.php?rest_route=%2Fwp%2Fv2%2Fmedia&parent=41301"}],"wp:term":[{"taxonomy":"category","embeddable":true,"href":"http:\/\/www.korhanyilmaz.com\/index.php?rest_route=%2Fwp%2Fv2%2Fcategories&post=41301"},{"taxonomy":"post_tag","embeddable":true,"href":"http:\/\/www.korhanyilmaz.com\/index.php?rest_route=%2Fwp%2Fv2%2Ftags&post=41301"}],"curies":[{"name":"wp","href":"https:\/\/api.w.org\/{rel}","templated":true}]}}