{"id":41297,"date":"2011-10-18T22:33:48","date_gmt":"2011-10-18T19:33:48","guid":{"rendered":"http:\/\/www.korhanyilmaz.com\/?p=41297"},"modified":"2011-10-19T05:59:06","modified_gmt":"2011-10-19T02:59:06","slug":"okul-mudurune-oyle-bir-firca-atti-ki","status":"publish","type":"post","link":"http:\/\/www.korhanyilmaz.com\/?p=41297","title":{"rendered":"Okul m\u00fcd\u00fcr\u00fcne \u00f6yle bir f\u0131r\u00e7a att\u0131 ki!"},"content":{"rendered":"<p style=\"text-align: center;\"><a href=\"http:\/\/www.korhanyilmaz.com\/wp-content\/uploads\/2011\/10\/8115.jpg\"  class=\"lightview\"><img loading=\"lazy\" decoding=\"async\" class=\"aligncenter  wp-image-41298\" src=\"http:\/\/www.korhanyilmaz.com\/wp-content\/uploads\/2011\/10\/8115.jpg\" alt=\"\" width=\"307\" height=\"236\" \/><\/a><\/p>\n<p style=\"text-align: justify;\">Kahramanmara\u015f Valisi \u015e\u00fckr\u00fc Kocatepe, e\u011fitimcilere y\u00f6nelik d\u00fczenlenen seminerde kendisini dinlemedi\u011fini ileri s\u00fcrd\u00fc\u011f\u00fc okul m\u00fcd\u00fcr\u00fcn\u00fc f\u0131r\u00e7alad\u0131.<\/p>\n<p style=\"text-align: justify;\">\u00d6\u011fretmenler Akademisi Vakf\u0131 taraf\u0131ndan Kahramanmara\u015f&#8217;taki Kipa\u015f E\u011fitim Kurumlar\u0131&#8217;nda d\u00fczenlenen &#8217;21&#8217;inci Y\u00fczy\u0131l\u0131n Okulu ve \u00d6\u011frenme&#8217; konulu konferansa Vali \u015e\u00fckr\u00fc Kocatepe, Kipa\u015f Holding Y\u00f6netim Kurulu Ba\u015fkan\u0131 Hanefi \u00d6ks\u00fcz, \u00d6\u011fretmen Akademisi Vakf\u0131 Genel M\u00fcd\u00fcr\u00fc Kayhan Karl\u0131, H\u00fcrriyet Gazetesi e\u011fitim edit\u00f6r\u00fc Nuran \u00c7akmak\u00e7\u0131, okul m\u00fcd\u00fcrleri ve y\u00f6neticileri ile \u00f6\u011fretmenler kat\u0131ld\u0131.\u00a0<!--more--><\/p>\n<p style=\"text-align: justify;\">Burada konu\u015fma yapan Vali Kocatepe, geli\u015fmelere uyman\u0131n herkesin g\u00f6revi oldu\u011funu belirterek \u015funlar\u0131 s\u00f6yledi: &#8220;Kahramanmara\u015f&#8217;\u0131n gelece\u011fi kimlerin elinde diye sorsak vali, belediye ba\u015fkan\u0131 gibi d\u00fc\u015f\u00fcnebilirler ama \u00f6yle de\u011fil. Kahramanmara\u015f&#8217;\u0131n gelece\u011fi okul m\u00fcd\u00fcrlerimizin elinde. Sizlerin sorumlulu\u011funu hat\u0131rlatmak istiyorum. Sadece bu toplant\u0131larda dilekte bulunmakla ba\u015far\u0131 ger\u00e7ekle\u015fmiyor. L\u00fctfen \u00f6\u011fretmenlerinizin derslere haz\u0131rl\u0131kl\u0131 gelip gelmedi\u011fini kontrol edin. \u00d6\u011fretmenlerinizi iyi takip edin. \u00c7\u00fcnk\u00fc her \u015feyin ba\u015f\u0131 \u00f6\u011fretmen.&#8221;<\/p>\n<p style=\"text-align: justify;\"><strong>&#8220;En son ne dedim, tekrarlay\u0131n&#8221;\u00a0<\/strong><\/p>\n<p style=\"text-align: justify;\">Bu s\u0131rada Vali Kocatepe, salonda bulunan iki okul m\u00fcd\u00fcr\u00fcne, &#8220;\u0130kiniz beni dinliyorsunuz de\u011fil mi hocam? Ne dedim en son, ne s\u00f6yledim? L\u00fctfen tekrarlay\u0131n, hangi okulun m\u00fcd\u00fcr\u00fcs\u00fcn\u00fcz?&#8221; diye \u00e7\u0131k\u0131\u015ft\u0131.<\/p>\n<p style=\"text-align: justify;\">Kocatepe, Nurullah Cavl\u0131 ad\u0131ndaki okul m\u00fcd\u00fcr\u00fcn\u00fcn &#8220;Kavlakl\u0131 \u0130lk\u00f6\u011fretim Okulu&#8221; yan\u0131t\u0131n\u0131 vermesi \u00fczerine sinirlenerek \u015funlar\u0131 s\u00f6yledi: &#8220;Kavlakl\u0131 okulu bundan sonra g\u00f6z\u00fcm\u00fcn \u00f6n\u00fcnde olacak. Okulunuzun ba\u015far\u0131s\u0131n\u0131 ve ba\u015far\u0131s\u0131zl\u0131\u011f\u0131n\u0131 iyi denetleyece\u011fim, bilginiz olsun. Milli E\u011fitim M\u00fcd\u00fcr\u00fcn\u00fcz de bilir, okullar\u0131m\u0131za gitti\u011fimde okulun penceresinden s\u0131n\u0131flara kadar eksi\u011fine bakar\u0131m. Gitti\u011fimiz okullarda neler yapt\u0131\u011f\u0131m\u0131z\u0131 Milli E\u011fitim M\u00fcd\u00fcr\u00fcn\u00fcz size ifade etsin. E\u011fer \u00f6\u011frenciler ba\u015far\u0131l\u0131 olam\u0131yorsa, ben sordu\u011fumda &#8216;Kaymakam olmak istiyor musunuz?&#8217; deyince boynunu b\u00fck\u00fcyorsa, &#8216;\u0130stiyorum ama&#8217; diyerek boynunu b\u00fck\u00fcyorsa, i\u015fte bundan sorumlu sizlersiniz. Bunu yat\u0131n kalk\u0131n d\u00fc\u015f\u00fcn\u00fcn. E\u011fer ba\u015far\u0131m\u0131z 60&#8217;l\u0131 s\u0131ralarda kal\u0131rsa bunun hesab\u0131n\u0131 sizden sorar\u0131m.&#8221;<\/p>\n<p style=\"text-align: justify;\"><a href=\"http:\/\/www.cnnturk.com\/2011\/guncel\/10\/18\/okul.mudurune.oyle.bir.firca.atti.ki\/633637.0\/index.html\" target=\"_blank\">Kaynak : CNN T\u00dcRK<\/a><\/p>\n","protected":false},"excerpt":{"rendered":"<p style=\"text-align: center;\">\n<p style=\"text-align: justify;\">Kahramanmara\u015f Valisi \u015e\u00fckr\u00fc Kocatepe, e\u011fitimcilere y\u00f6nelik d\u00fczenlenen seminerde kendisini dinlemedi\u011fini ileri s\u00fcrd\u00fc\u011f\u00fc okul m\u00fcd\u00fcr\u00fcn\u00fc f\u0131r\u00e7alad\u0131.<\/p>\n<p style=\"text-align: justify;\">\u00d6\u011fretmenler Akademisi Vakf\u0131 taraf\u0131ndan Kahramanmara\u015f&#8217;taki Kipa\u015f E\u011fitim Kurumlar\u0131&#8217;nda d\u00fczenlenen &#8217;21&#8217;inci Y\u00fczy\u0131l\u0131n Okulu ve \u00d6\u011frenme&#8217; konulu konferansa Vali \u015e\u00fckr\u00fc Kocatepe, Kipa\u015f Holding Y\u00f6netim Kurulu Ba\u015fkan\u0131 Hanefi \u00d6ks\u00fcz, \u00d6\u011fretmen Akademisi Vakf\u0131 Genel M\u00fcd\u00fcr\u00fc Kayhan Karl\u0131, <\/p>\n","protected":false},"author":1,"featured_media":0,"comment_status":"open","ping_status":"open","sticky":false,"template":"","format":"standard","meta":{"footnotes":""},"categories":[105],"tags":[],"class_list":["post-41297","post","type-post","status-publish","format-standard","hentry","category-gundem","odd"],"_links":{"self":[{"href":"http:\/\/www.korhanyilmaz.com\/index.php?rest_route=\/wp\/v2\/posts\/41297","targetHints":{"allow":["GET"]}}],"collection":[{"href":"http:\/\/www.korhanyilmaz.com\/index.php?rest_route=\/wp\/v2\/posts"}],"about":[{"href":"http:\/\/www.korhanyilmaz.com\/index.php?rest_route=\/wp\/v2\/types\/post"}],"author":[{"embeddable":true,"href":"http:\/\/www.korhanyilmaz.com\/index.php?rest_route=\/wp\/v2\/users\/1"}],"replies":[{"embeddable":true,"href":"http:\/\/www.korhanyilmaz.com\/index.php?rest_route=%2Fwp%2Fv2%2Fcomments&post=41297"}],"version-history":[{"count":0,"href":"http:\/\/www.korhanyilmaz.com\/index.php?rest_route=\/wp\/v2\/posts\/41297\/revisions"}],"wp:attachment":[{"href":"http:\/\/www.korhanyilmaz.com\/index.php?rest_route=%2Fwp%2Fv2%2Fmedia&parent=41297"}],"wp:term":[{"taxonomy":"category","embeddable":true,"href":"http:\/\/www.korhanyilmaz.com\/index.php?rest_route=%2Fwp%2Fv2%2Fcategories&post=41297"},{"taxonomy":"post_tag","embeddable":true,"href":"http:\/\/www.korhanyilmaz.com\/index.php?rest_route=%2Fwp%2Fv2%2Ftags&post=41297"}],"curies":[{"name":"wp","href":"https:\/\/api.w.org\/{rel}","templated":true}]}}