{"id":41293,"date":"2011-10-18T17:07:02","date_gmt":"2011-10-18T14:07:02","guid":{"rendered":"http:\/\/www.korhanyilmaz.com\/?p=41293"},"modified":"2011-10-19T05:54:42","modified_gmt":"2011-10-19T02:54:42","slug":"gozler-yalan-soylemez","status":"publish","type":"post","link":"http:\/\/www.korhanyilmaz.com\/?p=41293","title":{"rendered":"&#8220;G\u00f6zler yalan s\u00f6ylemez&#8221;"},"content":{"rendered":"<p style=\"text-align: center;\"><a href=\"http:\/\/www.korhanyilmaz.com\/wp-content\/uploads\/2011\/10\/8114.jpg\"  class=\"lightview\"><img loading=\"lazy\" decoding=\"async\" class=\"aligncenter  wp-image-41294\" src=\"http:\/\/www.korhanyilmaz.com\/wp-content\/uploads\/2011\/10\/8114.jpg\" alt=\"\" width=\"346\" height=\"266\" \/><\/a><\/p>\n<p style=\"text-align: justify;\">CHP lideri K\u0131l\u0131\u00e7daro\u011flu, Ba\u015fbakan Yard\u0131mc\u0131s\u0131 Be\u015fir Atalay&#8217;\u0131n hakk\u0131ndaki iddialara ili\u015fkin verdi\u011fi yan\u0131t\u0131 ele\u015ftirerek, &#8220;Be\u015fir Atalay yaz\u0131l\u0131 bir a\u00e7\u0131klama yapt\u0131. Dedi ki &#8216;bunlar\u0131n tamam\u0131 k\u00fclliyen yaland\u0131r&#8217;. Vallahi de billahi de anlatt\u0131klar\u0131m\u0131n tamam\u0131 k\u00fclliyen do\u011fru&#8221; dedi.<!--more--><\/p>\n<p style=\"text-align: justify;\">K\u0131l\u0131\u00e7dardo\u011flu, partisinin grup toplant\u0131s\u0131nda yapt\u0131\u011f\u0131 konu\u015fmada g\u00fcndemdeki konulara ili\u015fkin de\u011ferlendirmelerde bulundu.<\/p>\n<p style=\"text-align: justify;\">Ge\u00e7en hafta yapt\u0131\u011f\u0131 Karaman ziyareti hakk\u0131nda bilgi veren K\u0131l\u0131\u00e7daro\u011flu, vatanda\u015flarla bir araya gelerek onlar\u0131n sorunlar\u0131n\u0131 ve taleplerini dinlediklerini s\u00f6yledi. Milletvekillerinin de il ve il\u00e7eleri gezerek bu ziyaretlere ili\u015fkin raporlar haz\u0131rlad\u0131klar\u0131n\u0131 anlatan K\u0131l\u0131\u00e7daro\u011flu, &#8220;Se\u00e7im yok ama biz sanki se\u00e7im varm\u0131\u015f gibi \u00e7al\u0131\u015fmalar\u0131m\u0131z\u0131 g\u00f6t\u00fcr\u00fcyoruz&#8221; dedi.<\/p>\n<p style=\"text-align: justify;\">Ge\u00e7en hafta partisinin grup toplant\u0131s\u0131nda &#8220;Deniz Feneri e.V.&#8221; ba\u011flant\u0131l\u0131 soru\u015fturmayla ilgili a\u00e7\u0131klamalar yapt\u0131\u011f\u0131n\u0131 ve &#8220;k\u00f6stebe\u011fi&#8221; kim oldu\u011funu s\u00f6yledi\u011fini ifade eden K\u0131l\u0131\u00e7daro\u011flu, bu a\u00e7\u0131klamalar\u0131n\u0131n televizyon kanallar\u0131nda b\u00fcy\u00fck \u00f6l\u00e7\u00fcde sans\u00fcrlendi\u011fini savundu.<\/p>\n<p style=\"text-align: justify;\">\u0130ddialar\u0131n\u0131 yeniden \u00f6zetleyen K\u0131l\u0131\u00e7daro\u011flu, bu iddialar\u0131na ili\u015fkin H\u00fck\u00fcmetten gelecek a\u00e7\u0131klamalar\u0131 bekledi\u011fini kaydetti. K\u0131l\u0131\u00e7daro\u011flu, s\u00f6zlerini \u015f\u00f6yle s\u00fcrd\u00fcrd\u00fc:<\/p>\n<p style=\"text-align: justify;\">&#8220;\u00d6nce Say\u0131n Be\u015fir Atalay yaz\u0131l\u0131 bir a\u00e7\u0131klama yapt\u0131. Dedi ki &#8216;bunlar\u0131n tamam\u0131 k\u00fclliyen yaland\u0131r&#8217;. Anlad\u0131m ki tamam\u0131 k\u00fclliyen do\u011frudur. \u00c7\u00fcnk\u00fc bana demesi laz\u0131m &#8216;\u015furas\u0131 yanl\u0131\u015f, \u015furas\u0131 yalan&#8217; demesi laz\u0131m. Diyemiyor. Ne diyor, &#8216;k\u00fclliyen yalan&#8217;. Vallahi de billahi de anlatt\u0131klar\u0131m\u0131n tamam\u0131 k\u00fclliyen do\u011fru. Yaz\u0131l\u0131 a\u00e7\u0131klamadan sonra ak\u015fam eve bir arkada\u015f\u0131m telefon etti. Kanal 24&#8217;de Say\u0131n Be\u015fir Atalay canl\u0131 televizyon program\u0131na \u00e7\u0131kacak ve benim iddialar\u0131ma yan\u0131t verecek diye. Ben de hemen Kanal 24&#8217;\u00fc a\u00e7t\u0131m, bekledim. Olur ya bizim bilmedi\u011fimiz bir \u015fey olur diye. Size bir medya klasi\u011finden, yanda\u015f medya klasi\u011finden \u00f6rnek verece\u011fim. Haberler veriliyor. \u00d6nce Say\u0131n Ba\u015fbakan&#8217;\u0131n haberi uzun uzun veriliyor, arkas\u0131ndan MHP liderinin, arkas\u0131ndan BDP lideri Say\u0131n Demirta\u015f&#8217;\u0131n haberi verildi. S\u0131ra bana gelince bir c\u00fcmle edildi, bir c\u00fcmle bak\u0131n iki c\u00fcmle de\u011fil, ard\u0131ndan Say\u0131n Bakan\u0131n yapt\u0131\u011f\u0131 a\u00e7\u0131klama ekrana sat\u0131r sat\u0131r konuldu. \u00d6nemli de\u011fil biz bunlara al\u0131\u015f\u0131\u011f\u0131z.<\/p>\n<p style=\"text-align: justify;\">Do\u011fru habere \u00f6zlem duyuyoruz ama yanda\u015f medyan\u0131n do\u011fru haber vermedi\u011fini de \u00e7ok iyi biliyoruz. Sonra Say\u0131n Atalay canl\u0131 yay\u0131nda, kar\u015f\u0131s\u0131nda spiker oturmu\u015f, \u00f6yle bir tablo ki birisi ne soraca\u011f\u0131n\u0131 bilmiyor, \u00f6b\u00fcr\u00fc nas\u0131l yan\u0131t verece\u011fini bilmiyor. Birbirlerini kolluyorlar&#8230;<\/p>\n<p style=\"text-align: justify;\">&#8216;Ben o tarihte b\u00f6lgenin milletvekiliyim, benim ofisimden elbette telefon edilebilir&#8217; diyor. Sanki birisi senin ofisinden telefon edilemez demi\u015f gibi.<\/p>\n<p style=\"text-align: justify;\">Bir\u015fey daha s\u00f6yleyeyim, do\u011fruyu da s\u00f6ylemiyor. \u00c7\u00fcnk\u00fc kendisini o telefon g\u00f6r\u00fc\u015fmelerinin yap\u0131ld\u0131\u011f\u0131 tarihte K\u0131r\u0131kkale milletvekili bile de\u011fil. Ondan bile haberi yok. Onu kullanarak milleti aldataca\u011f\u0131n\u0131 zannediyor. Unutmas\u0131n ki kar\u015f\u0131s\u0131nda CHP var.&#8221;<\/p>\n<p style=\"text-align: justify;\"><strong>&#8220;\u0130tiraf bu&#8230;&#8221;\u00a0<\/strong><\/p>\n<p style=\"text-align: justify;\">Atalay&#8217;\u0131n kendisine y\u00f6nelik iddialar\u0131 yan\u0131tlayamad\u0131\u011f\u0131n\u0131 ileri s\u00fcren K\u0131l\u0131\u00e7daro\u011flu, &#8220;Bir peri\u015fanl\u0131k. Zaten g\u00f6zlerine bak\u0131nca do\u011fruyu s\u00f6ylemedi\u011fini g\u00f6zlerden anl\u0131yorsunuz. \u00c7\u00fcnk\u00fc g\u00f6zler yalan s\u00f6ylemez, o g\u00f6zler Be\u015fir Atalay&#8217;\u0131n g\u00f6zleri olsa dahi&#8221; diye konu\u015ftu.<\/p>\n<p style=\"text-align: justify;\">Gazeteci Ahmet Hakan&#8217;\u0131n 14 Ekim 2011 tarihli yaz\u0131s\u0131nda &#8220;oda\u011f\u0131n merkezindeki belediye ba\u015fkan\u0131yla&#8221; konu\u015ftu\u011funu ifade eden K\u0131l\u0131\u00e7daro\u011flu, \u015funlar\u0131 kaydetti:<\/p>\n<p style=\"text-align: justify;\">&#8220;Diyor ki &#8216;2 y\u0131l \u00f6nce sizi \u0130\u00e7i\u015fleri Bakan\u0131&#8217;n\u0131n telefonundan kim arad\u0131? Koruma m\u00fcd\u00fcr\u00fc m\u00fc? \u00d6zel kalem m\u00fcd\u00fcr\u00fc m\u00fc?&#8217; Veli Korkmaz diyor ki &#8216;d\u00f6nemin milletvekili Be\u015fir Atalay, bizim ilimizin milletvekili&#8217; Birinci yalan bu. O tarihte senin ilinin milletvekili de\u011fil. Daha c\u00fcmleye yalanla ba\u015fl\u0131yor. Sen koskoca belediye ba\u015fkan\u0131s\u0131n, senin b\u00f6lgende \u015fu anda milletvekili olan\u0131n o tarihte milletvekili olmad\u0131\u011f\u0131n\u0131 bilmiyor musun? Biliyor. Ama san\u0131yor ki ben bunu s\u00f6ylerim, kimse bunun \u00fczerinde durmaz. Ve diyor ki &#8216;Say\u0131n Bakan\u0131n gerek \u00f6zel kalem m\u00fcd\u00fcr\u00fc, gerek koruma m\u00fcd\u00fcr\u00fc beni s\u0131k s\u0131k arar ve Bakan\u0131n taleplerini iletirler&#8217; \u0130tiraf bu. &#8216;Arama yap\u0131lacak haz\u0131rl\u0131kl\u0131 olun&#8217; Bakan\u0131n talebini iletecekler. Kime iletecekler? K\u0131r\u0131kkale Belediye Ba\u015fkan\u0131na iletecekler.&#8221;<\/p>\n<p style=\"text-align: justify;\">Koruma ve \u00f6zel kalem m\u00fcd\u00fcrlerinin g\u00f6rev tan\u0131mlar\u0131n\u0131n bu konuda \u00f6nemli bir ayr\u0131nt\u0131 oldu\u011funu belirten K\u0131l\u0131\u00e7daro\u011flu, &#8220;Koruma m\u00fcd\u00fcr\u00fc bakan\u0131, darba kar\u015f\u0131 ya da herhangi bir yasad\u0131\u015f\u0131 olaya kar\u015f\u0131 korumakla g\u00f6revli ki\u015fidir, e\u011fitimi bunun \u00fczerinedir. \u00d6zel kalem m\u00fcd\u00fcr\u00fc ise bakan\u0131n her t\u00fcrl\u00fc faaliyetini, gezilerini organize eden, g\u00f6r\u00fc\u015fmelerini ayarlayan, telefonlar\u0131n\u0131 ba\u011flayan o konudaki bakanla yak\u0131n ili\u015fkide olan ki\u015fidir. Dolay\u0131s\u0131yla koruma m\u00fcd\u00fcrleri bakanlar\u0131n taleplerini bildirmezler. Bakanlar\u0131n talepleri varsa bildirecek olan \u00f6zel kalem m\u00fcd\u00fcr\u00fcd\u00fcr.<\/p>\n<p style=\"text-align: justify;\">Sanki biz bu ayr\u0131nt\u0131lar\u0131, devleti bilmiyormu\u015fuz gibi. Sanki milleti enayi yerine koyarak bu yapt\u0131klar\u0131n\u0131, bizi aldatacaklar\u0131n\u0131 san\u0131yorlarm\u0131\u015f gibi. Biz aldanmay\u0131z, biz do\u011frular\u0131 her yerde, her ortamda \u0131srarla s\u00f6yleyece\u011fiz&#8221; diye konu\u015ftu.<\/p>\n<p style=\"text-align: justify;\"><strong>&#8220;Ba\u015fbakan ekmek bulamayanlara da pasta yesinler diyecek &#8221;\u00a0<\/strong><\/p>\n<p style=\"text-align: justify;\">K\u0131l\u0131\u00e7daro\u011flu, &#8220;Daha yeni zamlar gelecek. H\u00fck\u00fcmet hem zam yap\u0131yor hem de milletle alay ediyor. H\u00fck\u00fcmet bu zam tsunamisinden suyun \u00fczerine \u00e7\u0131k\u0131p halk\u0131 da azarlayarak, \u201cBen zam yap\u0131yoruz sesinizi kesin&#8221; deme noktas\u0131na geldi. Ba\u015fbakan da milletin g\u00f6z\u00fcn\u00fcn i\u00e7ine baka baka s\u0131k\u0131lmadan Porsche yerine Fiat\u2019a binin diyor. Senin \u00e7ocuklar\u0131n senin yedi g\u00f6be\u011fin bu pastadan pay\u0131n\u0131 ald\u0131. Siz d\u00fcnyal\u0131\u011f\u0131n\u0131z\u0131 yapt\u0131n\u0131z k\u00f6\u015feyi d\u00f6nd\u00fcn\u00fcz bu millet bilmiyor mu bunu. Fakiri ilgilendirmeyen zam bunlar diyorlar. Sen do\u011falgaza elektri\u011fe zam yap\u0131yorsun vatanda\u015f bu faturay\u0131 nas\u0131l \u00f6deyecek. Siz y\u0131rt\u0131k ayakkab\u0131 ile siyasete girip \u015fimdi nerelerde oturuyorsunuz. Bir ba\u015fkas\u0131 s\u0131k\u0131lmadan zamlara g\u00fcncelleme yapt\u0131k dedi. Ba\u015fbakan ekmek bulamayanlara da pasta yesinler diyecek bundan eminim. Bu h\u00fck\u00fcmet halka yabanc\u0131la\u015fm\u0131\u015f bir h\u00fck\u00fcmettir. Gerek\u00e7eleri cari a\u00e7\u0131k varm\u0131\u015f. Bu cari a\u00e7\u0131\u011f\u0131 da siz \u00e7\u0131karmad\u0131n\u0131z m\u0131&#8221;dedi.<\/p>\n<p style=\"text-align: justify;\"><a href=\"http:\/\/www.cnnturk.com\/2011\/turkiye\/10\/18\/gozler.yalan.soylemez\/633601.0\/index.html\" target=\"_blank\">Kaynak : CNN T\u00dcRK\u00a0<\/a><\/p>\n","protected":false},"excerpt":{"rendered":"<p style=\"text-align: center;\">\n<p style=\"text-align: justify;\">CHP lideri K\u0131l\u0131\u00e7daro\u011flu, Ba\u015fbakan Yard\u0131mc\u0131s\u0131 Be\u015fir Atalay&#8217;\u0131n hakk\u0131ndaki iddialara ili\u015fkin verdi\u011fi yan\u0131t\u0131 ele\u015ftirerek, &#8220;Be\u015fir Atalay yaz\u0131l\u0131 bir a\u00e7\u0131klama yapt\u0131. Dedi ki &#8216;bunlar\u0131n tamam\u0131 k\u00fclliyen yaland\u0131r&#8217;. Vallahi de billahi de anlatt\u0131klar\u0131m\u0131n tamam\u0131 k\u00fclliyen do\u011fru&#8221; dedi.<\/p>\n","protected":false},"author":1,"featured_media":0,"comment_status":"open","ping_status":"open","sticky":false,"template":"","format":"standard","meta":{"footnotes":""},"categories":[105],"tags":[],"class_list":["post-41293","post","type-post","status-publish","format-standard","hentry","category-gundem","odd"],"_links":{"self":[{"href":"http:\/\/www.korhanyilmaz.com\/index.php?rest_route=\/wp\/v2\/posts\/41293","targetHints":{"allow":["GET"]}}],"collection":[{"href":"http:\/\/www.korhanyilmaz.com\/index.php?rest_route=\/wp\/v2\/posts"}],"about":[{"href":"http:\/\/www.korhanyilmaz.com\/index.php?rest_route=\/wp\/v2\/types\/post"}],"author":[{"embeddable":true,"href":"http:\/\/www.korhanyilmaz.com\/index.php?rest_route=\/wp\/v2\/users\/1"}],"replies":[{"embeddable":true,"href":"http:\/\/www.korhanyilmaz.com\/index.php?rest_route=%2Fwp%2Fv2%2Fcomments&post=41293"}],"version-history":[{"count":0,"href":"http:\/\/www.korhanyilmaz.com\/index.php?rest_route=\/wp\/v2\/posts\/41293\/revisions"}],"wp:attachment":[{"href":"http:\/\/www.korhanyilmaz.com\/index.php?rest_route=%2Fwp%2Fv2%2Fmedia&parent=41293"}],"wp:term":[{"taxonomy":"category","embeddable":true,"href":"http:\/\/www.korhanyilmaz.com\/index.php?rest_route=%2Fwp%2Fv2%2Fcategories&post=41293"},{"taxonomy":"post_tag","embeddable":true,"href":"http:\/\/www.korhanyilmaz.com\/index.php?rest_route=%2Fwp%2Fv2%2Ftags&post=41293"}],"curies":[{"name":"wp","href":"https:\/\/api.w.org\/{rel}","templated":true}]}}