{"id":41288,"date":"2011-10-18T20:29:19","date_gmt":"2011-10-18T17:29:19","guid":{"rendered":"http:\/\/www.korhanyilmaz.com\/?p=41288"},"modified":"2011-10-19T05:50:56","modified_gmt":"2011-10-19T02:50:56","slug":"chpli-vekillerden-adalet-bakanina-ziyaret","status":"publish","type":"post","link":"http:\/\/www.korhanyilmaz.com\/?p=41288","title":{"rendered":"CHP&#8217;li vekillerden Adalet Bakan\u0131&#8217;na ziyaret"},"content":{"rendered":"<p style=\"text-align: justify;\">\n<p style=\"text-align: justify;\"><a href=\"http:\/\/www.korhanyilmaz.com\/wp-content\/uploads\/2011\/10\/81131.jpg\"  class=\"lightview\"><img loading=\"lazy\" decoding=\"async\" class=\"aligncenter size-full wp-image-41290\" title=\"\" src=\"http:\/\/www.korhanyilmaz.com\/wp-content\/uploads\/2011\/10\/81131.jpg\" alt=\"\" width=\"313\" height=\"208\" \/><\/a><\/p>\n<p style=\"text-align: justify;\">CHP Milletvekili Atilla Kart, Adalet Bakan\u0131 Sadullah Ergin&#8217;e, do\u011frudan bakanl\u0131\u011f\u0131n\u0131n sorumlulu\u011funda olan bir tak\u0131m olaylar\u0131 anlatt\u0131klar\u0131n\u0131 belirterek, &#8220;Adalet Bakanl\u0131\u011f\u0131n\u0131 bir anlamda uyard\u0131k, bir anlamda g\u00f6reve davet ettik&#8221; dedi.\u00a0<!--more--><\/p>\n<p style=\"text-align: justify;\">CHP milletvekilleri Atilla Kart, Levent G\u00f6k, Ahmet Topta\u015f, Ay\u015fe Nedret Akova, Dilek Y\u0131lmaz, Ali \u0130hsan K\u00f6kta\u015f ve U\u011fur Bayraktutan, Adalet Bakan\u0131 Sadullah Ergin&#8217;i makam\u0131nda ziyaret ederek, 1,5 saat g\u00f6r\u00fc\u015ft\u00fcler.<\/p>\n<p style=\"text-align: justify;\">G\u00f6r\u00fc\u015fmenin ard\u0131ndan gazetecilere a\u00e7\u0131klamalarda bulunan Atilla Kart, Adalet Bakan\u0131 Ergin&#8217;e b\u00f6ylesine geni\u015f bir zaman diliminde g\u00f6r\u00fc\u015fme ortam\u0131 sa\u011flad\u0131\u011f\u0131 i\u00e7in te\u015fekk\u00fcr ederek, rahat bir g\u00f6r\u00fc\u015fme ortam\u0131nda d\u00fc\u015f\u00fcncelerini, kayg\u0131lar\u0131n\u0131 aktard\u0131klar\u0131n\u0131 belirterek, &#8220;Adaletin geli\u015fiminden duydu\u011fumuz kayg\u0131lar\u0131, toplumsal bar\u0131\u015f\u0131n zedelenmesinden duydu\u011fumuz kayg\u0131lar\u0131 ve ayr\u0131\u015fma s\u00fcrecinden duydu\u011fumuz kayg\u0131lar\u0131 ifade ettik&#8221; diye konu\u015ftu.<\/p>\n<p style=\"text-align: justify;\">Kart, &#8220;Burada H\u00fck\u00fcmetin uygulamalar\u0131ndan do\u011fan, genel anlamdaki sak\u0131ncalar\u0131 anlatmad\u0131k. Bunlar\u0131n anlat\u0131laca\u011f\u0131 zemin ayr\u0131 bir zemin, o konulara hi\u00e7 girmedik, ama do\u011frudan Adalet Bakanl\u0131\u011f\u0131n\u0131n sorumlulu\u011funda olan bir tak\u0131m olaylar\u0131 dile getirerek, Adalet Bakanl\u0131\u011f\u0131n\u0131 bir anlamda uyard\u0131k, bir anlamda g\u00f6reve davet ettik&#8221; dedi.<\/p>\n<p style=\"text-align: justify;\">Atilla Kart, bir cumhuriyet savc\u0131s\u0131 taraf\u0131ndan k\u00f6m\u00fcr yard\u0131m\u0131 yolsuzlu\u011fu dosyas\u0131n\u0131n s\u00fcmen alt\u0131 edildi\u011fi iddialar\u0131, Oda TV iddianamesindeki uygulamalar, Telekom&#8217;un \u00f6zelle\u015ftirme s\u00fcrecindeki geli\u015fmeler, Kayseri B\u00fcy\u00fck\u015fehir Belediyesi hakk\u0131ndaki yolsuzluk iddialar\u0131 ve \u00f6nceki d\u00f6nem milletvekilleri hakk\u0131ndaki fezlekelerin durumunu Adalet Bakan\u0131 Ergin&#8217;e sorduklar\u0131n\u0131 s\u00f6yledi.<\/p>\n<p style=\"text-align: justify;\"><strong>&#8220;Savc\u0131lar\u0131n bir b\u00f6l\u00fcm\u00fc cumhuru temsil etmiyor&#8221;\u00a0<\/strong><\/p>\n<p style=\"text-align: justify;\">Tutukluluk s\u00fcreleriyle ilgili konuyu da dile getirdiklerini ifade eden Kart, Adalet Bakan\u0131&#8217;n\u0131n bu konuda sorunu \u00fcstlenmesi ve Meclis Ba\u015fkan\u0131&#8217;na bu konuyla ilgili \u00e7\u00f6z\u00fcm \u00f6nerisi g\u00f6t\u00fcrmesi gerekti\u011fini ifade etiklerini aktard\u0131.<\/p>\n<p style=\"text-align: justify;\">Kart, &#8220;Geldi\u011fimiz noktada T\u00fcrkiye Cumhuriyeti&#8217;nde g\u00f6rev yapan savc\u0131lar\u0131n bir b\u00f6l\u00fcm\u00fc, ki bu savc\u0131lar genellikle Ankara ve \u0130stanbul Cumhuriyet Ba\u015fsavc\u0131l\u0131klar\u0131nda kritik soru\u015fturmalar\u0131 s\u00fcrd\u00fcren savc\u0131lar, art\u0131k cumhuru temsil etmiyor, art\u0131k Cumhuriyeti korumuyor, art\u0131k hukuku korumuyor. H\u00fck\u00fcmeti ilgilendiren, h\u00fck\u00fcmetin do\u011frudan taraf haline geldi\u011fi, h\u00fck\u00fcmetin m\u00fcdahil oldu\u011fu b\u00f6ylesine kritik olaylarda tavsiye, telkin, kanunsuz emirler yoluyla g\u00f6rev yapan b\u00fcrokratlar haline gelmi\u015ftir, bunlar\u0131 anlatt\u0131k. Bunlardan duydu\u011fumuz kayg\u0131lar\u0131 anlatt\u0131k&#8221; diye konu\u015ftu.<\/p>\n<p style=\"text-align: justify;\">CHP&#8217;lilerin adliyelere yapt\u0131\u011f\u0131 ziyaretlerin ele\u015ftirildi\u011fini s\u00f6yleyen Kart, &#8220;G\u00f6revini yapmayan cumhuriyet savc\u0131lar\u0131na g\u00f6revlerini hat\u0131rlatmak i\u00e7in adliyeleri ziyaret ediyoruz&#8221; dedi.<\/p>\n<p style=\"text-align: justify;\">Bir gazetecinin &#8220;Adalet Bakan\u0131 Ergin&#8217;in tepkisi nas\u0131l oldu&#8221; sorusunu Kart, &#8220;Bu konular\u0131 yaz\u0131l\u0131 bir metin halinde de Bakan Ergin&#8217;e sunduk. Konular\u0131n bir k\u0131sm\u0131ndan haberi olmad\u0131\u011f\u0131n\u0131 belirten Ergin de konular\u0131 inceleyip, gerekli ara\u015ft\u0131rmay\u0131 yapaca\u011f\u0131n\u0131 ifade etti&#8221; \u015feklinde yan\u0131tlad\u0131.<\/p>\n<p style=\"text-align: justify;\">Tutuklu milletvekillerinin durumunun da g\u00fcndeme geldi\u011fini s\u00f6yleyen Kart, &#8220;Bu konuda Say\u0131n Bakan, yap\u0131lacak d\u00fczenlemenin bir komplikasyona yol a\u00e7mamas\u0131 noktas\u0131ndaki hassasiyetini ifade etti. Say\u0131n Bakan&#8217;\u0131n bu hassasiyeti belli bir noktaya kadar anla\u015f\u0131labilir, ama ger\u00e7ekten bu konuya \u00e7\u00f6z\u00fcm bulmak noktas\u0131nda siyasi iktidar\u0131n bir irade sahibi olup olmamas\u0131 \u00f6nemlidir. Siyasi iktidarda bu irade var ise Meclis Ba\u015fkanl\u0131\u011f\u0131na destek vermek suretiyle bu konuya istedi\u011fi takdirde hemen bir hafta i\u00e7inde \u00e7\u00f6z\u00fcm getirilmesinin m\u00fcmk\u00fcn oldu\u011funu da Say\u0131n Bakan&#8217;a ifade ettik&#8221; diye konu\u015ftu.<\/p>\n<p style=\"text-align: justify;\"><a href=\"http:\/\/www.cnnturk.com\/2011\/turkiye\/10\/18\/chpli.vekillerden.adalet.bakanina.ziyaret\/633632.0\/index.html\" target=\"_blank\">Kaynak : CNN T\u00dcRK<\/a><\/p>\n","protected":false},"excerpt":{"rendered":"<p style=\"text-align: justify;\">\n<p style=\"text-align: justify;\">\n<p style=\"text-align: justify;\">CHP Milletvekili Atilla Kart, Adalet Bakan\u0131 Sadullah Ergin&#8217;e, do\u011frudan bakanl\u0131\u011f\u0131n\u0131n sorumlulu\u011funda olan bir tak\u0131m olaylar\u0131 anlatt\u0131klar\u0131n\u0131 belirterek, &#8220;Adalet Bakanl\u0131\u011f\u0131n\u0131 bir anlamda uyard\u0131k, bir anlamda g\u00f6reve davet ettik&#8221; dedi. <\/p>\n","protected":false},"author":1,"featured_media":0,"comment_status":"open","ping_status":"open","sticky":false,"template":"","format":"standard","meta":{"footnotes":""},"categories":[105],"tags":[],"class_list":["post-41288","post","type-post","status-publish","format-standard","hentry","category-gundem","odd"],"_links":{"self":[{"href":"http:\/\/www.korhanyilmaz.com\/index.php?rest_route=\/wp\/v2\/posts\/41288","targetHints":{"allow":["GET"]}}],"collection":[{"href":"http:\/\/www.korhanyilmaz.com\/index.php?rest_route=\/wp\/v2\/posts"}],"about":[{"href":"http:\/\/www.korhanyilmaz.com\/index.php?rest_route=\/wp\/v2\/types\/post"}],"author":[{"embeddable":true,"href":"http:\/\/www.korhanyilmaz.com\/index.php?rest_route=\/wp\/v2\/users\/1"}],"replies":[{"embeddable":true,"href":"http:\/\/www.korhanyilmaz.com\/index.php?rest_route=%2Fwp%2Fv2%2Fcomments&post=41288"}],"version-history":[{"count":0,"href":"http:\/\/www.korhanyilmaz.com\/index.php?rest_route=\/wp\/v2\/posts\/41288\/revisions"}],"wp:attachment":[{"href":"http:\/\/www.korhanyilmaz.com\/index.php?rest_route=%2Fwp%2Fv2%2Fmedia&parent=41288"}],"wp:term":[{"taxonomy":"category","embeddable":true,"href":"http:\/\/www.korhanyilmaz.com\/index.php?rest_route=%2Fwp%2Fv2%2Fcategories&post=41288"},{"taxonomy":"post_tag","embeddable":true,"href":"http:\/\/www.korhanyilmaz.com\/index.php?rest_route=%2Fwp%2Fv2%2Ftags&post=41288"}],"curies":[{"name":"wp","href":"https:\/\/api.w.org\/{rel}","templated":true}]}}