{"id":41283,"date":"2011-10-17T21:25:14","date_gmt":"2011-10-17T18:25:14","guid":{"rendered":"http:\/\/www.korhanyilmaz.com\/?p=41283"},"modified":"2011-10-18T01:44:49","modified_gmt":"2011-10-17T22:44:49","slug":"kizilcahamamda-kck-tartismasi","status":"publish","type":"post","link":"http:\/\/www.korhanyilmaz.com\/?p=41283","title":{"rendered":"K\u0131z\u0131lcahamam&#8217;da KCK tart\u0131\u015fmas\u0131"},"content":{"rendered":"<p style=\"text-align: center;\"><a href=\"http:\/\/www.korhanyilmaz.com\/wp-content\/uploads\/2011\/10\/8112.jpg\"  class=\"lightview\"><img loading=\"lazy\" decoding=\"async\" class=\"aligncenter  wp-image-41284\" src=\"http:\/\/www.korhanyilmaz.com\/wp-content\/uploads\/2011\/10\/8112.jpg\" alt=\"\" width=\"336\" height=\"223\" \/><\/a><\/p>\n<p style=\"text-align: justify;\">K\u0131z\u0131lcahamam kap\u0131n\u0131n son g\u00fcn\u00fcnde yeni anayasa \u00e7al\u0131\u015fmalar\u0131 g\u00fcndeme gelirken, KCK tutuklamalar\u0131 \u0130\u00e7i\u015fleri Bakan\u0131 \u015eahin ile milletvekili Mehmet Metiner&#8217;i kar\u015f\u0131 kar\u015f\u0131ya getirdi.<!--more--><\/p>\n<p style=\"text-align: justify;\">a\u015fkanl\u0131k etti\u011fi son g\u00fcn toplant\u0131s\u0131nda &#8216;K\u00f6stebek&#8217; iddias\u0131 nedeniyle CHP Genel Ba\u015fkan\u0131 Kemal K\u0131l\u0131\u00e7daro\u011flu\u2019na y\u00fcklenen Ba\u015fbakan Erdo\u011fan\u2019\u0131n g\u00fcndemindeki bir di\u011fer konu yeni anayasayd\u0131. Erdo\u011fan, aralar\u0131nda Be\u015fir Atalay, Sadullah Ergin, \u00d6mer \u00c7elik ve Burhan Kuzu\u2019nun da bulundu\u011fu baz\u0131 vekillerle biraraya gelirken, partinin MYK\u2019s\u0131 da topland\u0131.<\/p>\n<p style=\"text-align: justify;\">Kamptaki son g\u00fcn toplant\u0131s\u0131nda, vekillerin yeni anayasada k\u0131r\u0131m\u0131z\u0131 \u00e7izgilerin olup olmad\u0131\u011f\u0131n\u0131 sorduklar\u0131, Ba\u015fbakan Yard\u0131mc\u0131s\u0131 Bekir Bozda\u011f\u2019\u0131n, &#8220;K\u0131rm\u0131z \u00e7izgimiz yok. Hi\u00e7bir konuyu tart\u0131\u015fmay\u0131z diyemeyiz. Devletin ve cumhuriyetin temel nitelikleriyle sorunumuz yok ancak bunlar\u0131 dile getiren olursa da konu\u015fur ve tart\u0131\u015f\u0131r\u0131z; masadan kakmay\u0131z&#8221; dedi\u011fi \u00f6\u011frenildi. Ba\u015fbakan Erdo\u011fan\u2019\u0131n da, &#8220;K\u0131rm\u0131z\u0131 \u00e7izgilerimizi halk belirler&#8221; ifadesini kulland\u0131\u011f\u0131 kaydedilirken, toplant\u0131da KCK gerginli\u011finin ya\u015fand\u0131\u011f\u0131 belirtildi. Ad\u0131yaman Miletvekili Mehmet Metiner\u2019le \u0130\u00e7i\u015fleri Bakan\u0131 \u0130dris Naim \u015eahin aras\u0131nda, KCK tutuklamalar\u0131yla igili sert tart\u0131\u015fma ya\u015fad\u0131\u011f\u0131n\u0131 \u00f6\u011frenildi.<\/p>\n<p style=\"text-align: justify;\"><a href=\"http:\/\/www.radikal.com.tr\/Radikal.aspx?aType=RadikalDetayV3&amp;ArticleID=1066679&amp;Date=18.10.2011&amp;CategoryID=78\" target=\"_blank\">Kaynak : Radikal.com.tr<\/a><\/p>\n","protected":false},"excerpt":{"rendered":"<p style=\"text-align: center;\">\n<p style=\"text-align: justify;\">K\u0131z\u0131lcahamam kap\u0131n\u0131n son g\u00fcn\u00fcnde yeni anayasa \u00e7al\u0131\u015fmalar\u0131 g\u00fcndeme gelirken, KCK tutuklamalar\u0131 \u0130\u00e7i\u015fleri Bakan\u0131 \u015eahin ile milletvekili Mehmet Metiner&#8217;i kar\u015f\u0131 kar\u015f\u0131ya getirdi.<\/p>\n","protected":false},"author":1,"featured_media":0,"comment_status":"open","ping_status":"open","sticky":false,"template":"","format":"standard","meta":{"footnotes":""},"categories":[105],"tags":[],"class_list":["post-41283","post","type-post","status-publish","format-standard","hentry","category-gundem","odd"],"_links":{"self":[{"href":"http:\/\/www.korhanyilmaz.com\/index.php?rest_route=\/wp\/v2\/posts\/41283","targetHints":{"allow":["GET"]}}],"collection":[{"href":"http:\/\/www.korhanyilmaz.com\/index.php?rest_route=\/wp\/v2\/posts"}],"about":[{"href":"http:\/\/www.korhanyilmaz.com\/index.php?rest_route=\/wp\/v2\/types\/post"}],"author":[{"embeddable":true,"href":"http:\/\/www.korhanyilmaz.com\/index.php?rest_route=\/wp\/v2\/users\/1"}],"replies":[{"embeddable":true,"href":"http:\/\/www.korhanyilmaz.com\/index.php?rest_route=%2Fwp%2Fv2%2Fcomments&post=41283"}],"version-history":[{"count":0,"href":"http:\/\/www.korhanyilmaz.com\/index.php?rest_route=\/wp\/v2\/posts\/41283\/revisions"}],"wp:attachment":[{"href":"http:\/\/www.korhanyilmaz.com\/index.php?rest_route=%2Fwp%2Fv2%2Fmedia&parent=41283"}],"wp:term":[{"taxonomy":"category","embeddable":true,"href":"http:\/\/www.korhanyilmaz.com\/index.php?rest_route=%2Fwp%2Fv2%2Fcategories&post=41283"},{"taxonomy":"post_tag","embeddable":true,"href":"http:\/\/www.korhanyilmaz.com\/index.php?rest_route=%2Fwp%2Fv2%2Ftags&post=41283"}],"curies":[{"name":"wp","href":"https:\/\/api.w.org\/{rel}","templated":true}]}}