{"id":41278,"date":"2011-10-17T18:00:53","date_gmt":"2011-10-17T15:00:53","guid":{"rendered":"http:\/\/www.korhanyilmaz.com\/?p=41278"},"modified":"2011-10-18T01:31:50","modified_gmt":"2011-10-17T22:31:50","slug":"karayilan-tutuklanmadim","status":"publish","type":"post","link":"http:\/\/www.korhanyilmaz.com\/?p=41278","title":{"rendered":"Karay\u0131lan: Tutuklanmad\u0131m"},"content":{"rendered":"<p style=\"text-align: center;\"><a href=\"http:\/\/www.korhanyilmaz.com\/wp-content\/uploads\/2011\/10\/8111.jpg\"  class=\"lightview\"><img loading=\"lazy\" decoding=\"async\" class=\"aligncenter  wp-image-41279\" src=\"http:\/\/www.korhanyilmaz.com\/wp-content\/uploads\/2011\/10\/8111.jpg\" alt=\"\" width=\"324\" height=\"216\" \/><\/a><\/p>\n<p style=\"text-align: justify;\">\u0130ran taraf\u0131ndan yakaland\u0131\u011f\u0131 iddia edilen PKK&#8217;n\u0131n Kuzey Irak&#8217;taki y\u00f6neticisi Murat Karay\u0131lan, &#8220;Kendi \u00fcs alanlar\u0131mday\u0131m ve hi\u00e7bir yere gitmi\u015f de\u011filim. Bizi herhangi bir g\u00fcc\u00fcn tutuklamas\u0131 \u00f6yle kolay de\u011fildir&#8221; dedi.<!--more--><\/p>\n<p style=\"text-align: justify;\">Murat Karay\u0131lan, PKK\u2019ya yak\u0131nl\u0131\u011f\u0131yla bilinen F\u0131rat Haber Ajans\u0131\u2019nda yay\u0131nlanan a\u00e7\u0131klamas\u0131nda \u0130ran taraf\u0131ndan yakaland\u0131\u011f\u0131 iddialar\u0131n\u0131 yalaland\u0131. Karay\u0131lan, 1.5 ay \u00f6nce \u0130ran ile PJAK aras\u0131nda \u00e7at\u0131\u015fmalar \u00e7\u0131kt\u0131\u011f\u0131n\u0131 bunun kendilerini de do\u011frudan etkiledi\u011fini belirtirken, &#8220;S\u00f6zde ben \u0130ran\u2019da tutuklanm\u0131\u015f\u0131m, daha sonra da biz birbirimizle ittifak yapm\u0131\u015f\u0131z. B\u00f6yle bir \u015fey yaymak istiyorlar. Bu haberin hi\u00e7bir temeli yoktur. PKK olarak Ortado\u011fu\u2019da kendi \u00f6z g\u00fcc\u00fcm\u00fcze dayanarak m\u00fccadele y\u00fcr\u00fcten bir hareketiz. B\u00f6lge halklar\u0131n\u0131n aralar\u0131ndaki sorunlar\u0131n\u0131 d\u0131\u015f g\u00fc\u00e7leri kar\u0131\u015ft\u0131rmadan kendi i\u00e7inde \u00e7\u00f6zmeleri gerekti\u011fini d\u00fc\u015f\u00fcnmekteyiz. Biz ba\u011f\u0131ms\u0131z bir hareketiz&#8221; iddialar\u0131nda bulundu.<\/p>\n<p style=\"text-align: justify;\"><a href=\"http:\/\/www.radikal.com.tr\/Radikal.aspx?aType=RadikalDetayV3&amp;ArticleID=1066637&amp;Date=18.10.2011&amp;CategoryID=77\" target=\"_blank\">Kaynak : Radikal.com.tr<\/a><\/p>\n","protected":false},"excerpt":{"rendered":"<p style=\"text-align: center;\">\n<p style=\"text-align: justify;\">\u0130ran taraf\u0131ndan yakaland\u0131\u011f\u0131 iddia edilen PKK&#8217;n\u0131n Kuzey Irak&#8217;taki y\u00f6neticisi Murat Karay\u0131lan, &#8220;Kendi \u00fcs alanlar\u0131mday\u0131m ve hi\u00e7bir yere gitmi\u015f de\u011filim. Bizi herhangi bir g\u00fcc\u00fcn tutuklamas\u0131 \u00f6yle kolay de\u011fildir&#8221; dedi.<\/p>\n","protected":false},"author":1,"featured_media":0,"comment_status":"open","ping_status":"open","sticky":false,"template":"","format":"standard","meta":{"footnotes":""},"categories":[105],"tags":[],"class_list":["post-41278","post","type-post","status-publish","format-standard","hentry","category-gundem","odd"],"_links":{"self":[{"href":"http:\/\/www.korhanyilmaz.com\/index.php?rest_route=\/wp\/v2\/posts\/41278","targetHints":{"allow":["GET"]}}],"collection":[{"href":"http:\/\/www.korhanyilmaz.com\/index.php?rest_route=\/wp\/v2\/posts"}],"about":[{"href":"http:\/\/www.korhanyilmaz.com\/index.php?rest_route=\/wp\/v2\/types\/post"}],"author":[{"embeddable":true,"href":"http:\/\/www.korhanyilmaz.com\/index.php?rest_route=\/wp\/v2\/users\/1"}],"replies":[{"embeddable":true,"href":"http:\/\/www.korhanyilmaz.com\/index.php?rest_route=%2Fwp%2Fv2%2Fcomments&post=41278"}],"version-history":[{"count":0,"href":"http:\/\/www.korhanyilmaz.com\/index.php?rest_route=\/wp\/v2\/posts\/41278\/revisions"}],"wp:attachment":[{"href":"http:\/\/www.korhanyilmaz.com\/index.php?rest_route=%2Fwp%2Fv2%2Fmedia&parent=41278"}],"wp:term":[{"taxonomy":"category","embeddable":true,"href":"http:\/\/www.korhanyilmaz.com\/index.php?rest_route=%2Fwp%2Fv2%2Fcategories&post=41278"},{"taxonomy":"post_tag","embeddable":true,"href":"http:\/\/www.korhanyilmaz.com\/index.php?rest_route=%2Fwp%2Fv2%2Ftags&post=41278"}],"curies":[{"name":"wp","href":"https:\/\/api.w.org\/{rel}","templated":true}]}}