{"id":41275,"date":"2011-10-17T17:36:26","date_gmt":"2011-10-17T14:36:26","guid":{"rendered":"http:\/\/www.korhanyilmaz.com\/?p=41275"},"modified":"2011-10-18T01:28:03","modified_gmt":"2011-10-17T22:28:03","slug":"kahinlere-sapka-cikarttilar","status":"publish","type":"post","link":"http:\/\/www.korhanyilmaz.com\/?p=41275","title":{"rendered":"Kahinlere \u015fapka \u00e7\u0131kartt\u0131lar!"},"content":{"rendered":"<p style=\"text-align: justify;\"><a href=\"http:\/\/www.korhanyilmaz.com\/wp-content\/uploads\/2011\/10\/8110.jpg\"  class=\"lightview\"><img loading=\"lazy\" decoding=\"async\" class=\"aligncenter size-full wp-image-41276\" title=\"\" src=\"http:\/\/www.korhanyilmaz.com\/wp-content\/uploads\/2011\/10\/8110.jpg\" alt=\"\" width=\"292\" height=\"224\" \/><\/a><\/p>\n<p style=\"text-align: justify;\">D\u00fcnya finans\u0131n\u0131n sembol caddesi ve New York Menkul K\u0131ymetler Borsas\u0131&#8217;n\u0131n bulundu\u011fu Wall Street&#8217;in yak\u0131n\u0131ndaki Zuccotti Park&#8217;a kamp kuran &#8220;Wall Street&#8217;i \u0130\u015fgal Et&#8221; adl\u0131 sivil giri\u015fim hareketinin eylemleri birinci ay\u0131n\u0131 doldururken, Bursa&#8217;daki 2 gen\u00e7 \u00f6\u011fretmen, bu protestolar\u0131, \u00f6nceden hissetmi\u015fcesine, 2 y\u0131l \u00f6nce kaleme ald\u0131klar\u0131 romanlar\u0131nda detayl\u0131 \u015fekilde yazd\u0131klar\u0131 ortaya \u00e7\u0131kt\u0131.\u00a0<!--more--><\/p>\n<p style=\"text-align: justify;\">&#8220;Provokat\u00f6r\/Paran\u0131n Olmad\u0131\u011f\u0131 G\u00fcn&#8221; roman\u0131n\u0131n yazarlar\u0131 H\u00fcseyin G\u00fcmrah Eralp (29) ve Ahmet Tahsin Erta\u015f (32), AA muhabirine, kitab\u0131n yaz\u0131l\u0131\u015f s\u00fcreci ve i\u00e7eri\u011finde \u00e7izilen tablonun bug\u00fcn ger\u00e7ekle\u015fmesi hakk\u0131nda a\u00e7\u0131klamalarda bulundu.<\/p>\n<p style=\"text-align: justify;\">Kitapta yaz\u0131lanlar\u0131n ger\u00e7ekle\u015fece\u011fini tahmin etmediklerini belirten ikili, ilk ba\u015fta \u00e7al\u0131\u015fmay\u0131 sinema projesi olarak d\u00fc\u015f\u00fcnd\u00fcklerini ancak bu konuda deneyimsiz olduklar\u0131 i\u00e7in romana d\u00f6n\u00fc\u015ft\u00fcrd\u00fcklerini kaydetti.<\/p>\n<p style=\"text-align: justify;\">Roman\u0131n i\u00e7eri\u011fi hakk\u0131nda bilgi veren Eralp, global para s\u0131k\u0131nt\u0131s\u0131 hakk\u0131nda konu\u015furken, &#8220;Bunu ortadan kald\u0131ran bir kahraman ortaya \u00e7\u0131karal\u0131m&#8221; dediklerini ve bu d\u00fc\u015f\u00fcnceyle kitab\u0131 yazmaya karar verdiklerini belirtti.<\/p>\n<p style=\"text-align: justify;\">\u0130ki y\u0131l \u00f6nce kitapta yazd\u0131klar\u0131 olaylar\u0131n bug\u00fcn ger\u00e7ekle\u015fti\u011fine dikkat \u00e7eken Eralp, &#8220;Bu \u00f6ng\u00f6r\u00fclm\u00fc\u015f bir \u015fey de\u011fil belki ama, biz bu hislerle bunu yazd\u0131k. Belki bug\u00fcn Wall Street&#8217;te ya\u015fananlar\u0131 o g\u00fcn istedik ve yazd\u0131k&#8221; dedi.<\/p>\n<p style=\"text-align: justify;\">Som Kitap&#8217;tan \u00e7\u0131kan &#8220;Provokat\u00f6r\/Paran\u0131n Olmad\u0131\u011f\u0131 G\u00fcn&#8221; ismin verdikleri roman\u0131 2009&#8217;da yazmaya ba\u015flad\u0131klar\u0131n\u0131 belirten Eralp, yaz\u0131m\u0131n\u0131 8 ayda bitirdikleri kitab\u0131n 2011 \u015eubat ay\u0131nda yay\u0131mland\u0131\u011f\u0131n\u0131 ifade etti.<\/p>\n<p style=\"text-align: justify;\"><strong>&#8220;Kitaptaki olaylar banka ya\u011fmas\u0131na do\u011fru gidiyor&#8221;\u00a0<\/strong><\/p>\n<p style=\"text-align: justify;\">Eralp, \u015funlar\u0131 kaydetti: &#8220;Romanda i\u015fledi\u011fimiz konu, neredeyse bug\u00fcn Wall Street&#8217;teki olaylarla birebir \u00f6rt\u00fc\u015f\u00fcyor. Bu tabii ki suya bak\u0131lm\u0131\u015f bir tahmin de\u011fildi. Bunu kimse tahmin edemedi zaten. Bu bir tahmin de\u011fil, belki de global krizin herkese ya\u015fatt\u0131\u011f\u0131 ac\u0131lardan, bizim i\u00e7imizde do\u011fan bir hikayeydi. Parayla s\u0131k\u0131nt\u0131s\u0131 olan bir karakterimiz var, ismi &#8216;Vedat Warrington&#8217;, yar\u0131 T\u00fcrk yar\u0131 Amerikal\u0131. Bu adam bir deha, iyi e\u011fitim alm\u0131\u015f bir provokat\u00f6r.<\/p>\n<p style=\"text-align: justify;\">Paran\u0131n kalbi olan New York&#8217;a gidiyor ve oradaki gen\u00e7leri, i\u015fsizleri toplayarak, b\u00fcy\u00fck kitleler halinde sokak eylemlerine te\u015fvik ediyor. Amac\u0131 kan d\u00f6kmek de\u011fil, sadece toplumlar\u0131n uyanmas\u0131n\u0131 istiyor. &#8216;Siz \u00e7o\u011funluksunuz. Daha fazla kazananlar size h\u00fckmediyor. Onlar pastadan b\u00fcy\u00fck pay\u0131 al\u0131yorlar. Siz de art\u0131k sokaklar\u0131n hakimisiniz. Onlara ger\u00e7ekten bu d\u00fcnyan\u0131n kimin oldu\u011funu g\u00f6sterin&#8217; diyor. Ard\u0131ndan olaylar geli\u015fiyor. Ger\u00e7ekte ya\u015fanan olaylar\u0131n kanla neticelenmesini istemiyoruz. Dileriz k\u00f6t\u00fc bir durum ya\u015fanmaz, \u00e7\u00fcnk\u00fc kitab\u0131m\u0131zda bu s\u00fcrecin sonras\u0131, banka ya\u011fmalar\u0131na gidiyor.&#8221;<\/p>\n<p style=\"text-align: justify;\"><strong>&#8220;Pankartlar bile ayn\u0131&#8221;\u00a0<\/strong><\/p>\n<p style=\"text-align: justify;\">Kitapta ge\u00e7en olaylarla bug\u00fcn ya\u015fananlar\u0131 kar\u015f\u0131la\u015ft\u0131ran Eralp, &#8220;Kitapta eylemciler Brooklyn K\u00f6pr\u00fcs\u00fc&#8217;n\u00fc i\u015fgal ediyor. Olaylara bakt\u0131\u011f\u0131m\u0131z zaman da eylemciler bu k\u00f6pr\u00fcy\u00fc i\u015fgal ediyor ve 700 ki\u015fi g\u00f6zalt\u0131na al\u0131n\u0131yor. Pankartlar\u0131yla bizim kitaptaki pankartlar bile ayn\u0131. &#8216;Adil bir devlet d\u00fczeni istiyoruz&#8217;, &#8216;\u0130\u015fsizli\u011fe son&#8217;, &#8216;Zenginlerin y\u00fcz\u00fcne bu kadar g\u00fclmeye son&#8217; diye pankartlar var, bunlar bile ayn\u0131. Protestocular\u0131n ana merkezi Manhattan, kitab\u0131n kapa\u011f\u0131nda da Manhattan foto\u011fraf\u0131 var zaten&#8221; diye konu\u015ftu.<\/p>\n<p style=\"text-align: justify;\"><strong>&#8220;Paran\u0131n olmad\u0131\u011f\u0131 bir d\u00fcnyay\u0131 hayal et&#8221;\u00a0<\/strong><\/p>\n<p style=\"text-align: justify;\">Kitab\u0131n di\u011fer yazar\u0131 Ahmet Tahsin Erta\u015f (32) ise, arkada\u015f\u0131yla bu konular \u00fczerinde s\u0131k s\u0131k konu\u015fup, tart\u0131\u015ft\u0131klar\u0131n\u0131 dile getirdi. Bir g\u00fcn yine b\u00f6yle konu\u015furken, arkada\u015f\u0131n\u0131n, &#8220;Paran\u0131n olmad\u0131\u011f\u0131 bir d\u00fcnyay\u0131 hayal et&#8221; dedi\u011fini ve ard\u0131ndan beyninde \u015fim\u015fekler \u00e7akmaya ba\u015flad\u0131\u011f\u0131n\u0131 s\u00f6yleyen Erta\u015f, \u015funlar\u0131 kaydetti:<\/p>\n<p style=\"text-align: justify;\">&#8220;Hemen h\u0131zl\u0131 h\u0131zl\u0131 bir hikaye tasarlad\u0131k beynimizde. &#8216;Paran\u0131n olmad\u0131\u011f\u0131 d\u00fcnyada insanlar neler yapar, paran\u0131n yerine neleri ikame ederler? Bunlar\u0131 d\u00fc\u015f\u00fcnd\u00fck. Ben \u0130ngiliz Edebiyat\u0131, G\u00fcmrah da edebiyat mezunu oldu\u011fu i\u00e7in zaten romanlarla i\u00e7li d\u0131\u015fl\u0131yd\u0131k. Sonra ba\u015flad\u0131k roman\u0131 yazmaya. Tatillerde, bo\u015f zamanlar\u0131m\u0131zda, zaman zaman bir araya gelerek, zaman zaman da ayr\u0131 mekanlarda yazd\u0131k. \u0130kimiz de d\u00fcnyaya ayn\u0131 pencereden bakt\u0131\u011f\u0131m\u0131z i\u00e7in pek s\u0131k\u0131nt\u0131 \u00e7ekmedik. Yazd\u0131klar\u0131m\u0131z\u0131 bir araya getirdik, tart\u0131\u015ft\u0131k. Sonunda 8 ay i\u00e7erisinde roman\u0131 bitirdik.&#8221;<\/p>\n<p style=\"text-align: justify;\"><strong>&#8220;Sinemas\u0131n\u0131 da \u00e7ekece\u011fiz&#8221;\u00a0<\/strong><\/p>\n<p style=\"text-align: justify;\">Roman\u0131n yay\u0131nlanmas\u0131 i\u00e7in b\u00fcy\u00fck yay\u0131nevlerinin kap\u0131lar\u0131n\u0131 \u00e7ald\u0131klar\u0131n\u0131 ve yeni yazar olman\u0131n biraz s\u0131k\u0131nt\u0131s\u0131n\u0131 \u00e7ektiklerini, ancak nihayetinde eserlerinin bas\u0131ld\u0131\u011f\u0131n\u0131 dile getiren Erta\u015f, \u015f\u00f6yle devam etti:<\/p>\n<p style=\"text-align: justify;\">&#8220;Kitap yay\u0131nland\u0131ktan sonra olaylar ba\u015flad\u0131. Sonra Wall Street&#8217;i protesto eden 750 genci g\u00f6rd\u00fc\u011f\u00fcm\u00fcz zaman dedik ki, &#8216;Bizim kitab\u0131m\u0131z ger\u00e7ek olmaya ba\u015flad\u0131&#8217;. M\u00fcneccim miyiz? diye d\u00fc\u015f\u00fcnmeye ba\u015flad\u0131k. Asl\u0131nda biz ilk ba\u015fta sinema filmi olarak d\u00fc\u015f\u00fcnm\u00fc\u015ft\u00fck. Ancak senaryo konusunda herhangi bir tecr\u00fcbemiz olmad\u0131\u011f\u0131 i\u00e7in, bunu romana d\u00f6n\u00fc\u015ft\u00fcrd\u00fck. Ancak bunun filmini \u00e7ekmek de istiyoruz. Bu konuda \u00e7al\u0131\u015fmalar\u0131m\u0131z da var. Senaryo ve sinema konusunda kendimizi geli\u015ftiriyoruz. Kitab\u0131n devam\u0131n\u0131 yazmay\u0131 da d\u00fc\u015f\u00fcn\u00fcyoruz.&#8221;<\/p>\n<p style=\"text-align: justify;\"><strong>Tan\u0131t\u0131m yaz\u0131s\u0131\u00a0<\/strong><\/p>\n<p style=\"text-align: justify;\">192 sayfadan olu\u015fan kitab\u0131n arka kapa\u011f\u0131ndaki tan\u0131t\u0131m yaz\u0131s\u0131nda \u015fu ifadeler yer al\u0131yor: &#8216;Bug\u00fcn \u00f6zg\u00fcrl\u00fck i\u00e7in muhte\u015fem bir g\u00fcn. Bug\u00fcn bu \u00fclkede zengin ya da fakir insan yok. Bug\u00fcn bizleri zengin ya da fakir diye ay\u0131ran bir \u00f6l\u00e7\u00fc yok. Her birimiz bir zamanlar oldu\u011fu gibi yine e\u015fitiz. Tanr\u0131&#8217;n\u0131n huzurunda, paran\u0131n huzurunda hepimiz e\u015fitiz. Biliyorum, insanl\u0131k b\u00f6yle ya\u015fayamaz. Mutlaka yeni tiranlar\u0131n resimlerinin \u00fczerinde oldu\u011fu yepyeni paralar bas\u0131lacak ve hayata t\u00fcreyerek kald\u0131\u011f\u0131n\u0131z yerden devam edeceksiniz. Askerler tanklar\u0131 ve silahlar\u0131 ile size yepyeni bir d\u00fczen sa\u011flayacak. Belki eskisinden daha \u00f6zg\u00fcr ya da daha bask\u0131c\u0131 olacak. Bilemiyorum. Ama ben hayalimi ger\u00e7ekle\u015ftirdim. \u0130brahim, tanr\u0131s\u0131 istedi diye o\u011flunu kesmeye niyetlendi. Ben para i\u00e7in o\u011flunu feda eden insanlar g\u00f6rd\u00fcm. Modern \u00e7a\u011f\u0131n insan\u0131 i\u00e7in \u0130brahim&#8217;in tanr\u0131s\u0131 ile para ayn\u0131 kefede. \u0130nsanlar paray\u0131 Tanr\u0131 yerine koydu ve ona tapt\u0131. Ve ben bug\u00fcn sizin tanr\u0131n\u0131z\u0131 \u00f6ld\u00fcrd\u00fcm. Dumanlar\u0131n t\u00fctt\u00fc\u011f\u00fc, askerlerin kol gezdi\u011fi bir \u015fehir g\u00f6r\u00fcyorum \u015fimdi. Paran\u0131n olmad\u0131\u011f\u0131 bir \u015fehir. Hangimiz zenginiz? Hangimiz fakiriz? Hi\u00e7birimiz!&#8221;<\/p>\n<p style=\"text-align: justify;\"><a href=\"http:\/\/www.cnnturk.com\/2011\/guncel\/10\/17\/kahinlere.sapka.cikarttilar\/633489.0\/index.html\" target=\"_blank\">Kaynak : CNN T\u00dcRK<\/a><\/p>\n","protected":false},"excerpt":{"rendered":"<p style=\"text-align: justify;\">\n<p style=\"text-align: justify;\">D\u00fcnya finans\u0131n\u0131n sembol caddesi ve New York Menkul K\u0131ymetler Borsas\u0131&#8217;n\u0131n bulundu\u011fu Wall Street&#8217;in yak\u0131n\u0131ndaki Zuccotti Park&#8217;a kamp kuran &#8220;Wall Street&#8217;i \u0130\u015fgal Et&#8221; adl\u0131 sivil giri\u015fim hareketinin eylemleri birinci ay\u0131n\u0131 doldururken, Bursa&#8217;daki 2 gen\u00e7 \u00f6\u011fretmen, bu protestolar\u0131, \u00f6nceden hissetmi\u015fcesine, 2 y\u0131l \u00f6nce kaleme ald\u0131klar\u0131 romanlar\u0131nda detayl\u0131 \u015fekilde yazd\u0131klar\u0131 ortaya \u00e7\u0131kt\u0131. <\/p>\n","protected":false},"author":1,"featured_media":0,"comment_status":"open","ping_status":"open","sticky":false,"template":"","format":"standard","meta":{"footnotes":""},"categories":[105],"tags":[],"class_list":["post-41275","post","type-post","status-publish","format-standard","hentry","category-gundem","odd"],"_links":{"self":[{"href":"http:\/\/www.korhanyilmaz.com\/index.php?rest_route=\/wp\/v2\/posts\/41275","targetHints":{"allow":["GET"]}}],"collection":[{"href":"http:\/\/www.korhanyilmaz.com\/index.php?rest_route=\/wp\/v2\/posts"}],"about":[{"href":"http:\/\/www.korhanyilmaz.com\/index.php?rest_route=\/wp\/v2\/types\/post"}],"author":[{"embeddable":true,"href":"http:\/\/www.korhanyilmaz.com\/index.php?rest_route=\/wp\/v2\/users\/1"}],"replies":[{"embeddable":true,"href":"http:\/\/www.korhanyilmaz.com\/index.php?rest_route=%2Fwp%2Fv2%2Fcomments&post=41275"}],"version-history":[{"count":0,"href":"http:\/\/www.korhanyilmaz.com\/index.php?rest_route=\/wp\/v2\/posts\/41275\/revisions"}],"wp:attachment":[{"href":"http:\/\/www.korhanyilmaz.com\/index.php?rest_route=%2Fwp%2Fv2%2Fmedia&parent=41275"}],"wp:term":[{"taxonomy":"category","embeddable":true,"href":"http:\/\/www.korhanyilmaz.com\/index.php?rest_route=%2Fwp%2Fv2%2Fcategories&post=41275"},{"taxonomy":"post_tag","embeddable":true,"href":"http:\/\/www.korhanyilmaz.com\/index.php?rest_route=%2Fwp%2Fv2%2Ftags&post=41275"}],"curies":[{"name":"wp","href":"https:\/\/api.w.org\/{rel}","templated":true}]}}