{"id":41271,"date":"2011-10-17T17:45:24","date_gmt":"2011-10-17T14:45:24","guid":{"rendered":"http:\/\/www.korhanyilmaz.com\/?p=41271"},"modified":"2011-10-18T01:16:44","modified_gmt":"2011-10-17T22:16:44","slug":"mgk-direktifinin-altindaki-imza-erdoganin","status":"publish","type":"post","link":"http:\/\/www.korhanyilmaz.com\/?p=41271","title":{"rendered":"&#8220;MGK direktifinin alt\u0131ndaki imza Erdo\u011fan&#8217;\u0131n&#8221;"},"content":{"rendered":"<p style=\"text-align: justify;\"><a href=\"http:\/\/www.korhanyilmaz.com\/wp-content\/uploads\/2011\/10\/8109.jpg\"  class=\"lightview\"><img loading=\"lazy\" decoding=\"async\" class=\"aligncenter size-full wp-image-41272\" title=\"\" src=\"http:\/\/www.korhanyilmaz.com\/wp-content\/uploads\/2011\/10\/8109.jpg\" alt=\"\" width=\"381\" height=\"270\" \/><\/a><\/p>\n<p style=\"text-align: justify;\">&#8220;\u0130nternet And\u0131c\u0131&#8221; san\u0131klar\u0131, davaya konu olan internet sitelerinin, alt\u0131nda Ba\u015fbakan Erdo\u011fan&#8217;\u0131n imzas\u0131n\u0131n yer ald\u0131\u011f\u0131 MGK direktifi do\u011frultusunda faaliyet g\u00f6sterdi\u011fini ileri s\u00fcrd\u00fc.<\/p>\n<p style=\"text-align: justify;\">(DHA) &#8212; Mahkeme ba\u015fkan\u0131 Hasan H\u00fcseyin \u00d6zese, 19 Ocak 2006 tarihinde Erdo\u011fan taraf\u0131ndan imzalanan direktifin, evrak ba\u015fl\u0131\u011f\u0131n\u0131n &#8216;B\u00f6l\u00fcc\u00fc faaliyetlere y\u00f6nelik eylem plan\u0131&#8217; oldu\u011funu belirtti.\u00a0<!--more--><\/p>\n<p style=\"text-align: justify;\">\u0130rticayla M\u00fccadele Eylem Plan\u0131 Davas\u0131yla birle\u015ftirilen \u0130nternet And\u0131c\u0131 Davas\u0131&#8217;n\u0131n 36. duru\u015fmas\u0131 da \u0130stanbul 13. A\u011f\u0131r Ceza Mahkemesi&#8217;nin davaya bakmaya g\u00f6revli olup olmad\u0131\u011f\u0131 tart\u0131\u015fmas\u0131 ile devam etti.<\/p>\n<p style=\"text-align: justify;\">\u0130stanbul 13. A\u011f\u0131r Ceza Mahkemesi&#8217;ndeki duru\u015fmaya, tutuklu san\u0131klar emekli Albay Dursun \u00c7i\u00e7ek, Mehmet Deniz Y\u0131ld\u0131r\u0131m, eski 1. Ordu Komutan\u0131 emekli Orgeneral Hasan I\u011fs\u0131z, Koramiral Mehmet Otuzbiro\u011flu, korgeneraller Mehmet Er\u00f6z ve t\u00fcmgeneral H\u0131fz\u0131 \u00c7ubuklu&#8217;nun da aralar\u0131nda bulundu\u011fu 14 tutuklu san\u0131k kat\u0131ld\u0131.<\/p>\n<p style=\"text-align: justify;\">Bu dava kapsam\u0131nda tutuksuz yarg\u0131lanan ikinci &#8220;Ergenekon&#8221; davas\u0131n\u0131n tutuklu san\u0131\u011f\u0131 Hasan Ataman Y\u0131ld\u0131r\u0131m ile birlikte 5 tutuksuz san\u0131k da haz\u0131r bulundu. Hakk\u0131nda yakalama karar\u0131 \u00e7\u0131kar\u0131lan YA\u015e karar\u0131yla Kara Kuvvetleri E\u011fitim ve Doktrin Komutanl\u0131\u011f\u0131&#8217;na atanan Orgeneral H\u00fcseyin Nusret Ta\u015fdeler ve T\u00fcmgeneral Mustafa Bak\u0131c\u0131 ile k\u0131rm\u0131z\u0131 b\u00fclten ile aranmas\u0131na karar verilen Bedrettin Dalan&#8217;\u0131n da aralar\u0131nda bulundu\u011fu 10 san\u0131k ise duru\u015fmaya gelmedi. Mahkeme Ba\u015fkan\u0131 Hasan H\u00fcseyin \u00d6zese mahkemeye gelen evraklar\u0131 okudu.<\/p>\n<p style=\"text-align: justify;\"><strong>&#8220;Dosyay\u0131 g\u00f6ndermek zorundas\u0131n\u0131z&#8221;\u00a0<\/strong><\/p>\n<p style=\"text-align: justify;\">Bu s\u0131rada s\u00f6z isteyen t\u00fcmgeneral H\u0131fz\u0131 \u00c7ubuklu&#8217;nun avukat\u0131 ayn\u0131 zamanda k\u0131z\u0131 olan Nazl\u0131 \u00c7ubuklu, &#8220;G\u00f6revsizlik talebimiz mahkemeniz taraf\u0131ndan reddedildi. Biz de olumlu g\u00f6rev uyu\u015fmazl\u0131\u011f\u0131 \u00e7\u0131kar\u0131lmas\u0131 i\u00e7in Askeri Yarg\u0131tay Ba\u015fsavc\u0131l\u0131\u011f\u0131na g\u00f6nderilmesi talebiyle mahkemeye dilek\u00e7e verdik. Bu konuda direniyoruz. Siz dosyay\u0131 g\u00f6ndermek zorundas\u0131n\u0131z. Yoksa su\u00e7 i\u015fliyorsunuz. Siz itiraza ili\u015fkin dilek\u00e7elerimizi g\u00f6ndermedi\u011finiz s\u00fcrece savunmaya i\u015ftirak etmeyece\u011fiz&#8221; dedi.<\/p>\n<p style=\"text-align: justify;\">Baz\u0131 san\u0131k avukatlar\u0131 da s\u00f6z alarak dilek\u00e7elerinin olumlu g\u00f6rev uyu\u015fmazl\u0131\u011f\u0131 \u00e7\u0131kar\u0131lmas\u0131 i\u00e7in Askeri Yarg\u0131tay Ba\u015fsavc\u0131l\u0131\u011f\u0131&#8217;na g\u00f6nderilmesini istedi.<\/p>\n<p style=\"text-align: justify;\"><strong>&#8220;Kime g\u00fcvenece\u011fiz&#8221;\u00a0<\/strong><\/p>\n<p style=\"text-align: justify;\">H\u0131fz\u0131 \u00c7ubuklu, olumlu g\u00f6rev uyu\u015fmazl\u0131\u011f\u0131 \u00e7\u0131kar\u0131lmas\u0131 i\u00e7in Askeri Yarg\u0131tay Ba\u015fsavc\u0131l\u0131\u011f\u0131&#8217;na g\u00f6nderilmesi talebiyle mahkemeye dilek\u00e7e verdiklerini s\u00f6yledi.<\/p>\n<p style=\"text-align: justify;\">\u00c7ubuklu mahkemeye 3 defa dilek\u00e7e verdiklerini bellirterek, &#8220;\u0130tiraz dilek\u00e7elerimizin biran \u00f6nce g\u00f6nderilmesini istiyoruz. Bu konuda mahkemenizin takdir hakk\u0131 yok. G\u00f6ndermek zorundas\u0131n\u0131z. Siz yasalar\u0131 uygulamayacaksan\u0131z kime g\u00fcvenece\u011fiz&#8221; diye konu\u015ftu.<\/p>\n<p style=\"text-align: justify;\"><strong>&#8220;Sonradan de\u011ferlendirme diye bir\u015fey olamaz&#8221;\u00a0<\/strong><\/p>\n<p style=\"text-align: justify;\">Mahkeme Heyeti Ba\u015fkan\u0131 Hasan H\u00fcseyin \u00d6zese&#8217;nin talebin sonradan de\u011ferlendirilece\u011fini ifade etmesi \u00fczerine \u00c7ubuklu, &#8220;Sonradan de\u011ferlendirme diye bir\u015fey olamaz&#8221; diyerek, kanuna g\u00f6re mahkemenin bu taleplerini Askeri Yarg\u0131tay Ba\u015fsavc\u0131l\u0131\u011f\u0131&#8217;na g\u00f6ndermesi gerekti\u011fini s\u00f6yledi.<\/p>\n<p style=\"text-align: justify;\">Talebe ili\u015fkin g\u00f6r\u00fc\u015f\u00fc sorulan duru\u015fma savc\u0131s\u0131 Mehmet Ali Pekg\u00fczel de, usul\u00fc i\u015flemlerin yerine getirilmesi gerekti\u011fini belirterek, kendilerinin bu konuda bir taraf olmad\u0131klar\u0131n\u0131, bu talebi ili\u015fkin m\u00fcdahillere tebligat yap\u0131lmas\u0131 gerekti\u011fini ifade etti. Mahkeme heyeti karar vermek i\u00e7in duru\u015fmaya ara verdi.<\/p>\n<p style=\"text-align: justify;\"><strong>D\u0130REKT\u0130F MAHKEMEYE ULA\u015eTI\u00a0<\/strong><\/p>\n<p style=\"text-align: justify;\">Bu arada Mahkeme Ba\u015fkan\u0131 Hasan H\u00fcseyin \u00d6zese, san\u0131k Mehmet Er\u00f6z&#8217;\u00fcn avukat\u0131 \u0130lkay Sezer&#8217;in talebi \u00fczerine MGK Genel Sekreterli\u011fi Hukuk M\u00fc\u015favirli\u011fi taraf\u0131ndan \u00f6zel kurye ile g\u00f6nderilen Ocak 2006 tarihli Milli G\u00fcvenlik Kurulu (MGK) direktifinin mahkemeye ula\u015ft\u0131\u011f\u0131n\u0131 a\u00e7\u0131klad\u0131.<\/p>\n<p style=\"text-align: justify;\">G\u00f6nderilen evrak\u0131n heyet\u00e7e incelendi\u011fini belirten \u00d6zese, daha sonra tekrar kuryeye iade edildi\u011fini belirtti. Evrak\u0131n 17 Ekim 2011 tarihinde mahkemede haz\u0131r edilmesinin istendi\u011fini ifade eden \u00d6zese, dava \u00f6ncesinde yine kurye ile birlikte bu evrak\u0131n mahkemeye sunuldu\u011funu ve duru\u015fma ba\u015flamadan \u00f6nce bu belgenin incelendi\u011fini s\u00f6yledi.<\/p>\n<p style=\"text-align: justify;\"><strong>Direktif Erdo\u011fan taraf\u0131ndan imzalanm\u0131\u015f\u00a0<\/strong><\/p>\n<p style=\"text-align: justify;\">Mahkeme ba\u015fkan\u0131 \u00d6zese gelen evraklar\u0131 okudu. Direktifin 19 Ocak 2006 tarihinde Ba\u015fbakan Recep Tayyip Erdo\u011fan taraf\u0131ndan imzaland\u0131\u011f\u0131 s\u00f6yleyen \u00d6zese, evrak\u0131n ba\u015fl\u0131\u011f\u0131n\u0131n &#8216;B\u00f6l\u00fcc\u00fc faaliyetlere y\u00f6nelik eylem plan\u0131&#8217; oldu\u011funu belirtti. Birinci madde ve plan\u0131n amac\u0131n\u0131n &#8216;B\u00f6l\u00fcc\u00fc faaliyetler ile ter\u00f6r \u00f6rg\u00fct\u00fc ve destek\u00e7ilerini etkisiz hale getirmek, me\u015fruiyet kazanmalar\u0131n\u0131 \u00f6nlemek, yurti\u00e7i ve yurtd\u0131\u015f\u0131ndaki etkilerini ortadan kald\u0131rmak ve bu konuda topyek\u00fcn m\u00fccadelenin olu\u015fumunu sa\u011flamak&#8217; \u015feklinde ge\u00e7ti\u011fini ifade etti.<\/p>\n<p style=\"text-align: justify;\">\u00d6zese, ikinci maddesinin ise &#8216;Eylem plan\u0131n\u0131n topyek\u00fcn m\u00fccadeleyi temin maksad\u0131yla yurt i\u00e7i ve yurt d\u0131\u015f\u0131nda y\u00fcr\u00fct\u00fclecek bilgilendirmeye Milli Birlik ve Beraberli\u011fi sa\u011flamaya y\u00f6nelik tedbirleri kapsad\u0131\u011f\u0131n\u0131 s\u00f6yledi.<\/p>\n<p style=\"text-align: justify;\">Ba\u015fkan \u00d6zese, plan\u0131n Sosyok\u00fclt\u00fcrel durum ba\u015fl\u0131\u011f\u0131 alt\u0131nda yer alan toplum kurulu\u015flar\u0131n\u0131n faaliyetleri ve propaganda ba\u015fl\u0131\u011f\u0131nda da &#8216;\u00d6rg\u00fct ile ba\u011flant\u0131s\u0131 olanlar, \u00f6rg\u00fcte destek sa\u011flayanlar, \u00f6rg\u00fct\u00fcn propagandas\u0131n\u0131 yapan baz\u0131 ki\u015fi ve sivil toplum kurulu\u015flar\u0131yla m\u00fccadeleye devam edilmelidir. \u00d6rg\u00fct\u00fcn sahip oldu\u011fu veya \u00f6rg\u00fct\u00fcn mesajlar\u0131n\u0131 yayan medyan\u0131n rahat\u00e7a yay\u0131n yapmas\u0131n\u0131 ve da\u011f\u0131t\u0131m yapmas\u0131n\u0131 \u00f6nleyecek tedbirler al\u0131nmal\u0131d\u0131r&#8217; ifadesinin yer ald\u0131\u011f\u0131n\u0131 belirtti.<\/p>\n<p style=\"text-align: justify;\">Plan\u0131n Eylem plan\u0131 uygulanacak tedbirler ba\u015fl\u0131kl\u0131 b\u00f6l\u00fcmde ise &#8216;Ter\u00f6r \u00f6rg\u00fct\u00fcn\u00fcn ger\u00e7ek y\u00fcz\u00fcn\u00fc g\u00f6steren ve T\u00fcrkiye Cumhuriyeti&#8217;nin ter\u00f6rle hakl\u0131 m\u00fccadelesini anlatan bilgi ve belgeler, T\u00fcrk\u00e7e ve yabanc\u0131 dillerde haz\u0131rlanarak \u00e7e\u015fitli odalar ve dernekler gibi sivil toplum kurulu\u015flar\u0131 vas\u0131tas\u0131yla internet ortam\u0131nda kullan\u0131ma sunulacakt\u0131r.&#8217; denildi\u011fi a\u00e7\u0131kland\u0131.<\/p>\n<p style=\"text-align: justify;\">Ba\u015fkan \u00d6zese, Milli G\u00fcvenlik Kurulu&#8217;nun 29 Aral\u0131k 2005 tarihli toplant\u0131s\u0131nda &#8216;Uygun bulunan b\u00f6l\u00fcc\u00fc faaliyetlere y\u00f6nelik eylem&#8217; ba\u015fl\u0131kl\u0131 plan\u0131n dava ile ilgili olan k\u0131s\u0131mlar\u0131n\u0131n tutana\u011fa ge\u00e7irildi\u011fini belirtti. Baz\u0131 avukatlar, dava konusu internet sitelerinin, bu planda da belirtildi\u011fi ama\u00e7 do\u011frultusunda kuruldu\u011funu iddia ederek bu gelen belgenin \u00e7ok \u00f6nemli oldu\u011funu ifade ettiler.<\/p>\n<p style=\"text-align: justify;\"><strong>Hasan I\u011fs\u0131z&#8217;\u0131n savunmas\u0131\u00a0<\/strong><\/p>\n<p style=\"text-align: justify;\">Duru\u015fmada savunmas\u0131n\u0131 yapan davas\u0131n\u0131n tutuklu san\u0131\u011f\u0131 eski 1. Ordu Komutan\u0131 emekli Orgeneral Hasan I\u011fs\u0131z, &#8220;dava konusu siteler arac\u0131l\u0131\u011f\u0131 ile y\u00fcr\u00fct\u00fclen illegal faaliyetlere hukuk korumas\u0131 sa\u011flamak amac\u0131yla, sitelerin yeniden yap\u0131land\u0131r\u0131lmas\u0131 y\u00f6n\u00fcnde d\u00fczenlemeleri i\u00e7eren and\u0131c\u0131n haz\u0131rlanmas\u0131 talimat\u0131n\u0131 verdi\u011fi&#8221; \u015feklindeki iddiaya de\u011findi.<\/p>\n<p style=\"text-align: justify;\">And\u0131\u00e7 ile ilgili konular\u0131n Genelkurmay Ba\u015fkanl\u0131\u011f\u0131na sorulmas\u0131 gerekti\u011fini daha \u00f6nce de s\u00f6yledi\u011fini belirten I\u011fs\u0131z, &#8220;Genelkurmay Ba\u015fkanl\u0131\u011f\u0131nca 10 y\u0131ld\u0131r s\u00fcrd\u00fcr\u00fclen bir faaliyetle ilgili kimi, nas\u0131l yan\u0131ltabilirim? Uygulaman\u0131n sadece 10&#8217;uncu y\u0131l\u0131nda g\u00f6revde olmama ra\u011fmen, 10 y\u0131l\u0131n tamam\u0131ndan nas\u0131l oluyor da sorumlu tutuluyorum? Bu su\u00e7laman\u0131n ne hukuki bir dayana\u011f\u0131 ortaya konmu\u015f ne de bu su\u00e7lamay\u0131 destekleyecek bir tutumum olmu\u015ftur. E\u011fer faaliyet illegal ise, neden ilk 9 y\u0131l sorgulanmam\u0131\u015f? Hi\u00e7bir ilave ve de\u011fi\u015fiklik olmamas\u0131na ra\u011fmen faaliyet, nas\u0131l olmu\u015f da birdenbire illegal ter\u00f6r \u00f6rg\u00fct\u00fc faaliyeti haline d\u00f6n\u00fc\u015fm\u00fc\u015f&#8221; diye konu\u015ftu.<\/p>\n<p style=\"text-align: justify;\">Bir gazetede, internet siteleri ile ilgili haberin \u00e7\u0131kmas\u0131 \u00fczerine, istismara a\u00e7\u0131k olabilecek bu konunun, ne olup ne olmad\u0131\u011f\u0131n\u0131n anla\u015f\u0131lmas\u0131 ve bir i\u015flem gerekip gerekmedi\u011finin ortaya konulabilmesi i\u00e7in inceleme yap\u0131lmas\u0131 ihtiyac\u0131 do\u011fdu\u011funu ifade eden I\u011fs\u0131z, tutuklu san\u0131klardan o d\u00f6nemin Harekat Ba\u015fkan\u0131 Korgeneral Mehmet Er\u00f6z&#8217;e inceleme yap\u0131lmas\u0131, s\u00f6z konusu sitelerin faaliyetlerinin ihtiyaten durdurulmas\u0131 emrinin verildi\u011fini anlatt\u0131.<\/p>\n<p style=\"text-align: justify;\"><strong>\u0130lk de\u011filim son da olmayaca\u011f\u0131m\u00a0<\/strong><\/p>\n<p style=\"text-align: justify;\">\u0130\u015flemedi\u011fi su\u00e7lar\u0131 kan\u0131tlamas\u0131n\u0131n istendi\u011fini ifade eden I\u011fs\u0131z, tutuklu olarak, yani pe\u015fin cezaland\u0131rma y\u00f6ntemiyle yarg\u0131land\u0131\u011f\u0131n\u0131 s\u00f6yledi.<\/p>\n<p style=\"text-align: justify;\">&#8220;Neden tutuklu? \u00c7\u00fcnk\u00fc &#8216;kuvvetli su\u00e7 \u015f\u00fcphesi var&#8217; deniyor. Hi\u00e7bir hukuki delil yokken, bu &#8216;kuvvetli&#8217; nereden geliyor? &#8221; diyen I\u011fs\u0131z, &#8220;Yar\u0131n \u00f6b\u00fcr g\u00fcn, su\u00e7suzlu\u011fum, e\u011fer deliller hukukta hala bir anlam ifade ediyorsa, yarg\u0131 taraf\u0131ndan da teyit edilecektir. Bu arada, haks\u0131z yere k\u0131s\u0131tlanan \u00f6zg\u00fcrl\u00fc\u011f\u00fcm\u00fcn, benim ve ailemin \u00fczerinde olu\u015fturulan tahribat\u0131n telafisi nas\u0131l olacakt\u0131r? Bunun, hukuki ve en az onun kadar \u00f6nemli vicdani sorumlusu kim olacakt\u0131r? Ama galiba, bu duygular i\u00e7inde olan ilk ki\u015fi ben de\u011filim. G\u00f6r\u00fcn\u00fc\u015fe bak\u0131l\u0131rsa maalesef son da olmayaca\u011f\u0131m&#8221; \u015feklinde konu\u015ftu.<\/p>\n<p style=\"text-align: justify;\">I\u011fs\u0131z, k\u00fc\u00e7\u00fck bir do\u011frunun etraf\u0131na yap\u0131\u015ft\u0131r\u0131lm\u0131\u015f bir\u00e7ok yalan, yanl\u0131\u015f ve \u00e7arp\u0131t\u0131lm\u0131\u015f bilgilerin, kayna\u011f\u0131 g\u00f6r\u00fcnmez bir \u015fekilde medyaya servis edildi\u011fini, maksatl\u0131 olan bu yakla\u015f\u0131mla, insan haklar\u0131na ayk\u0131r\u0131 olarak ki\u015filerin itibars\u0131zla\u015ft\u0131r\u0131ld\u0131\u011f\u0131n\u0131 ve daha yarg\u0131 s\u00fcreci ba\u015flamadan kamuoyunda mahkum edildi\u011fini s\u00f6zlerine ekledi.<\/p>\n<p style=\"text-align: justify;\"><a href=\"http:\/\/www.cnnturk.com\/2011\/guncel\/10\/17\/mgk.direktifinin.altindaki.imza.erdoganin\/633441.0\/index.html\" target=\"_blank\">Kaynak : CNN T\u00dcRK<\/a><\/p>\n","protected":false},"excerpt":{"rendered":"<p style=\"text-align: justify;\">\n<p style=\"text-align: justify;\">&#8220;\u0130nternet And\u0131c\u0131&#8221; san\u0131klar\u0131, davaya konu olan internet sitelerinin, alt\u0131nda Ba\u015fbakan Erdo\u011fan&#8217;\u0131n imzas\u0131n\u0131n yer ald\u0131\u011f\u0131 MGK direktifi do\u011frultusunda faaliyet g\u00f6sterdi\u011fini ileri s\u00fcrd\u00fc.<\/p>\n<p style=\"text-align: justify;\">(DHA) &#8212; Mahkeme ba\u015fkan\u0131 Hasan H\u00fcseyin \u00d6zese, 19 Ocak 2006 tarihinde Erdo\u011fan taraf\u0131ndan imzalanan direktifin, evrak ba\u015fl\u0131\u011f\u0131n\u0131n &#8216;B\u00f6l\u00fcc\u00fc faaliyetlere y\u00f6nelik eylem plan\u0131&#8217; oldu\u011funu belirtti. <\/p>\n","protected":false},"author":1,"featured_media":0,"comment_status":"open","ping_status":"open","sticky":false,"template":"","format":"standard","meta":{"footnotes":""},"categories":[105],"tags":[],"class_list":["post-41271","post","type-post","status-publish","format-standard","hentry","category-gundem","odd"],"_links":{"self":[{"href":"http:\/\/www.korhanyilmaz.com\/index.php?rest_route=\/wp\/v2\/posts\/41271","targetHints":{"allow":["GET"]}}],"collection":[{"href":"http:\/\/www.korhanyilmaz.com\/index.php?rest_route=\/wp\/v2\/posts"}],"about":[{"href":"http:\/\/www.korhanyilmaz.com\/index.php?rest_route=\/wp\/v2\/types\/post"}],"author":[{"embeddable":true,"href":"http:\/\/www.korhanyilmaz.com\/index.php?rest_route=\/wp\/v2\/users\/1"}],"replies":[{"embeddable":true,"href":"http:\/\/www.korhanyilmaz.com\/index.php?rest_route=%2Fwp%2Fv2%2Fcomments&post=41271"}],"version-history":[{"count":0,"href":"http:\/\/www.korhanyilmaz.com\/index.php?rest_route=\/wp\/v2\/posts\/41271\/revisions"}],"wp:attachment":[{"href":"http:\/\/www.korhanyilmaz.com\/index.php?rest_route=%2Fwp%2Fv2%2Fmedia&parent=41271"}],"wp:term":[{"taxonomy":"category","embeddable":true,"href":"http:\/\/www.korhanyilmaz.com\/index.php?rest_route=%2Fwp%2Fv2%2Fcategories&post=41271"},{"taxonomy":"post_tag","embeddable":true,"href":"http:\/\/www.korhanyilmaz.com\/index.php?rest_route=%2Fwp%2Fv2%2Ftags&post=41271"}],"curies":[{"name":"wp","href":"https:\/\/api.w.org\/{rel}","templated":true}]}}