{"id":41267,"date":"2011-10-18T00:43:12","date_gmt":"2011-10-17T21:43:12","guid":{"rendered":"http:\/\/www.korhanyilmaz.com\/?p=41267"},"modified":"2011-10-18T01:06:23","modified_gmt":"2011-10-17T22:06:23","slug":"chpden-erdogana-kilavuz-yaniti","status":"publish","type":"post","link":"http:\/\/www.korhanyilmaz.com\/?p=41267","title":{"rendered":"CHP&#8217;den Erdo\u011fan&#8217;a &#8216;k\u0131lavuz&#8217; yan\u0131t\u0131"},"content":{"rendered":"<p style=\"text-align: center;\"><a href=\"http:\/\/www.korhanyilmaz.com\/wp-content\/uploads\/2011\/10\/8107.jpg\"  class=\"lightview\"><img loading=\"lazy\" decoding=\"async\" class=\"aligncenter  wp-image-41268\" src=\"http:\/\/www.korhanyilmaz.com\/wp-content\/uploads\/2011\/10\/8107.jpg\" alt=\"\" width=\"462\" height=\"210\" \/><\/a><\/p>\n<p style=\"text-align: justify;\">&#8216;Deniz Feneri&#8217;nde k\u00f6stebek Be\u015fir Atalay&#8217;d\u0131r&#8217; iddias\u0131nda bulunan CHP liderine, &#8216;k\u0131lavuzunu de\u011fi\u015ftir&#8217; diyen Ba\u015fbakan Erdo\u011fan\u2019a, benzer bir yan\u0131t geldi.<\/p>\n<p style=\"text-align: justify;\">Ba\u015fbakan Erdo\u011fan&#8217;\u0131n, CHP Genel Ba\u015fkan\u0131 Kemal K\u0131l\u0131\u00e7daro\u011flu&#8217;na y\u00f6nelik \u2018k\u0131lavuzunu de\u011fi\u015ftir\u2019 ele\u015ftirisine, CHP&#8217;nin iki numaral\u0131 ismi Nihat Matkap&#8217;tan yan\u0131t geldi.<\/p>\n<p style=\"text-align: justify;\">Matkap, \u201cSay\u0131n Ba\u015fbakan kendi k\u0131lavuzunu g\u00f6zden ge\u00e7irirse daha iyi olur&#8221; dedi.<!--more--><\/p>\n<p style=\"text-align: justify;\">Konunun takip\u00e7isi olacaklar\u0131n\u0131 s\u00f6yleyen Matkap, \u201cAtalay&#8217;\u0131n bakanl\u0131\u011f\u0131 s\u00fcrd\u00fcrmesi m\u00fcmk\u00fcn g\u00f6r\u00fcnm\u00fcyor\u201d \u015feklinde konu\u015ftu.<\/p>\n<p style=\"text-align: justify;\">CHP\u2019de \u00f6rg\u00fctlenme ve \u00f6rg\u00fct y\u00f6netimlerinden sorumlu Genel Ba\u015fkan Yard\u0131mc\u0131s\u0131 Nihat Matkap \u015funlar\u0131 s\u00f6yledi:<\/p>\n<p style=\"text-align: justify;\">\u201cG\u00fcvenli\u011fi ve adaleti sa\u011flamakla sorumlu say\u0131n Bakan, adaletsizlik ve g\u00fcvensizlik yaratt\u0131. Bu Bat\u0131 \u00fclkelerinde istifay\u0131 gerektirir.<\/p>\n<p style=\"text-align: justify;\">Say\u0131n genel ba\u015fkan\u0131m\u0131z hesap uzman\u0131 k\u00f6kenlidir. Bu iddialar\u0131 g\u00fcndeme getirdiyse, inceledikten sonra bunu yapm\u0131\u015ft\u0131r.<\/p>\n<p style=\"text-align: justify;\">\u015eaban Di\u015fli\u2019de, Dengir Mir Mehmet F\u0131rat&#8217;da b\u00f6yle oldu. Bizim genel ba\u015fkan\u0131m\u0131z derinlelemesine incelemeden hi\u00e7 bir konunun konunun \u00fczerine gitmez.<\/p>\n<p style=\"text-align: justify;\">Say\u0131n Ba\u015fbakan kendi k\u0131lavuzunu g\u00f6zden ge\u00e7irirse daha iyi olur, ona k\u0131lvauzluk yapan yanl\u0131\u015f yapt\u0131r\u0131yor. Bu konu Meclis\u2019e de ta\u015f\u0131nacak ve sonuna kadar takip\u00e7iyiz. Atalay&#8217;\u0131n bakanl\u0131\u011f\u0131 s\u00fcrd\u00fcrmesi m\u00fcmk\u00fcn g\u00f6r\u00fcnm\u00fcyor.&#8221;<\/p>\n<p style=\"text-align: justify;\"><strong>EKONOM\u0130 TOPLANTISI<\/strong><\/p>\n<p style=\"text-align: justify;\">Bu arada CHP Genel Ba\u015fkan\u0131 Kemal K\u0131l\u0131\u00e7daro\u011flu, partisinin ekonomi kurmaylar\u0131yla bu alandaki g\u00fcncel geli\u015fmeleri de\u011ferlendirdi.<\/p>\n<p style=\"text-align: justify;\">K\u0131l\u0131\u00e7daro\u011flu, genel merkezde TBMM Plan B\u00fct\u00e7e Komisyonu \u00fcyesi milletvekilleri ve Merkez Y\u00f6netim Kurulu&#8217;nun ekonomiyle ilgili \u00fcyeleriyle bir araya geldi.<\/p>\n<p style=\"text-align: justify;\">H\u00fck\u00fcmetin orta vadeli ekonomik program\u0131 ile bu alandaki g\u00fcncel geli\u015fmelerin ele al\u0131nd\u0131\u011f\u0131 toplant\u0131da, &#8221;Ekonomik Geli\u015fme ve Beklentiler I\u015f\u0131\u011f\u0131nda Orta Vadeli Program\u0131n De\u011ferlendirmesi&#8221; ba\u015fl\u0131kl\u0131 sunum da yap\u0131ld\u0131.<\/p>\n<p style=\"text-align: justify;\"><a href=\"http:\/\/www.gazeteport.com.tr\/haber\/58195\/chpden_erdogana_kilavuz_yaniti\" target=\"_blank\">Kaynak : GAZETEPORT<\/a><\/p>\n","protected":false},"excerpt":{"rendered":"<p style=\"text-align: center;\">\n<p style=\"text-align: justify;\">&#8216;Deniz Feneri&#8217;nde k\u00f6stebek Be\u015fir Atalay&#8217;d\u0131r&#8217; iddias\u0131nda bulunan CHP liderine, &#8216;k\u0131lavuzunu de\u011fi\u015ftir&#8217; diyen Ba\u015fbakan Erdo\u011fan\u2019a, benzer bir yan\u0131t geldi.<\/p>\n<p style=\"text-align: justify;\">Ba\u015fbakan Erdo\u011fan&#8217;\u0131n, CHP Genel Ba\u015fkan\u0131 Kemal K\u0131l\u0131\u00e7daro\u011flu&#8217;na y\u00f6nelik \u2018k\u0131lavuzunu de\u011fi\u015ftir\u2019 ele\u015ftirisine, CHP&#8217;nin iki numaral\u0131 ismi Nihat Matkap&#8217;tan yan\u0131t geldi.<\/p>\n<p style=\"text-align: justify;\">Matkap, \u201cSay\u0131n Ba\u015fbakan kendi k\u0131lavuzunu g\u00f6zden ge\u00e7irirse daha iyi <\/p>\n","protected":false},"author":1,"featured_media":0,"comment_status":"open","ping_status":"open","sticky":false,"template":"","format":"standard","meta":{"footnotes":""},"categories":[105],"tags":[],"class_list":["post-41267","post","type-post","status-publish","format-standard","hentry","category-gundem","odd"],"_links":{"self":[{"href":"http:\/\/www.korhanyilmaz.com\/index.php?rest_route=\/wp\/v2\/posts\/41267","targetHints":{"allow":["GET"]}}],"collection":[{"href":"http:\/\/www.korhanyilmaz.com\/index.php?rest_route=\/wp\/v2\/posts"}],"about":[{"href":"http:\/\/www.korhanyilmaz.com\/index.php?rest_route=\/wp\/v2\/types\/post"}],"author":[{"embeddable":true,"href":"http:\/\/www.korhanyilmaz.com\/index.php?rest_route=\/wp\/v2\/users\/1"}],"replies":[{"embeddable":true,"href":"http:\/\/www.korhanyilmaz.com\/index.php?rest_route=%2Fwp%2Fv2%2Fcomments&post=41267"}],"version-history":[{"count":0,"href":"http:\/\/www.korhanyilmaz.com\/index.php?rest_route=\/wp\/v2\/posts\/41267\/revisions"}],"wp:attachment":[{"href":"http:\/\/www.korhanyilmaz.com\/index.php?rest_route=%2Fwp%2Fv2%2Fmedia&parent=41267"}],"wp:term":[{"taxonomy":"category","embeddable":true,"href":"http:\/\/www.korhanyilmaz.com\/index.php?rest_route=%2Fwp%2Fv2%2Fcategories&post=41267"},{"taxonomy":"post_tag","embeddable":true,"href":"http:\/\/www.korhanyilmaz.com\/index.php?rest_route=%2Fwp%2Fv2%2Ftags&post=41267"}],"curies":[{"name":"wp","href":"https:\/\/api.w.org\/{rel}","templated":true}]}}