{"id":41262,"date":"2011-10-17T15:55:10","date_gmt":"2011-10-17T12:55:10","guid":{"rendered":"http:\/\/www.korhanyilmaz.com\/?p=41262"},"modified":"2011-10-18T01:00:02","modified_gmt":"2011-10-17T22:00:02","slug":"klavuzunu-degistirsin","status":"publish","type":"post","link":"http:\/\/www.korhanyilmaz.com\/?p=41262","title":{"rendered":"&#8220;Klavuzunu de\u011fi\u015ftirsin&#8221;"},"content":{"rendered":"<p style=\"text-align: center;\"><a href=\"http:\/\/www.korhanyilmaz.com\/wp-content\/uploads\/2011\/10\/8105.jpg\"  class=\"lightview\"><img loading=\"lazy\" decoding=\"async\" class=\"aligncenter  wp-image-41263\" src=\"http:\/\/www.korhanyilmaz.com\/wp-content\/uploads\/2011\/10\/8105.jpg\" alt=\"\" width=\"338\" height=\"240\" \/><\/a><\/p>\n<p style=\"text-align: justify;\">Partisinin K\u0131z\u0131lcahamam&#8217;daki toplant\u0131s\u0131n\u0131n kapan\u0131\u015f\u0131nda konu\u015fan Erdo\u011fan, Deniz Feneri soru\u015fturmas\u0131ndaki k\u00f6stebek iddialar\u0131na cevap verdi ve K\u0131l\u0131\u00e7daro\u011flu&#8217;nu i\u015faret ederek, &#8220;Klavuzunu de\u011fi\u015ftirsin&#8221; dedi.<!--more--><\/p>\n<p style=\"text-align: justify;\"><a href=\"http:\/\/www.korhanyilmaz.com\/wp-content\/uploads\/2011\/10\/8106.jpg\"  class=\"lightview\"><img loading=\"lazy\" decoding=\"async\" class=\"alignleft  wp-image-41264\" style=\"margin-left: 10px; margin-right: 10px;\" src=\"http:\/\/www.korhanyilmaz.com\/wp-content\/uploads\/2011\/10\/8106.jpg\" alt=\"\" width=\"277\" height=\"126\" \/><\/a>KIZILCAHAMAM &#8211; AK Parti Genel Ba\u015fkan\u0131 ve Ba\u015fbakan Recep Tayyip Erdo\u011fan, &#8221;Art\u0131k milletimiz her t\u00fcrl\u00fc vesayetten ar\u0131nm\u0131\u015f bir demokrasi ile y\u00f6netimi elinde tutmak istiyor. Egemenlik hakk\u0131n\u0131 milletimiz bir daha kimseye vermek istemiyor. Temel hak ve \u00f6zg\u00fcrl\u00fckler alan\u0131n\u0131n tamam\u0131nda s\u00f6z hakk\u0131 sadece milletin olsun istiyor. Devlet, hi\u00e7bir surette milletten esirgenmemelidir. Sadece T\u00fcrkiye&#8217;ye ayak ba\u011f\u0131 olan eski stat\u00fckoyu de\u011fi\u015ftirmek yetmez. Yeni perspektifimizin yeni bir stat\u00fcko in\u015fa etmek olmad\u0131\u011f\u0131n\u0131 da i\u015fin ba\u015f\u0131nda ilan ediyoruz&#8221; dedi.<\/p>\n<p style=\"text-align: justify;\">Erdo\u011fan, partisinin K\u0131z\u0131lcahamam&#8217;da d\u00fczenlenen ve 3 g\u00fcn s\u00fcren \u0130sti\u015fare ve De\u011ferlendirme Toplant\u0131s\u0131&#8217;n\u0131n bitiminde bir de\u011ferlendirme konu\u015fmas\u0131 yapt\u0131. Toplant\u0131n\u0131n \u00e7ok yo\u011fun ve yararl\u0131 ge\u00e7ti\u011fine inand\u0131\u011f\u0131n\u0131 belirten Ba\u015fbakan Erdo\u011fan, AK Parti&#8217;nin, isti\u015fare k\u00fclt\u00fcr\u00fcn\u00fc \u00f6z\u00fcmsemi\u015f, isti\u015fare temeli \u00fczerine bina edilmi\u015f ve isti\u015fare etmek suretiyle T\u00fcrkiye&#8217;ye nice ba\u015far\u0131lar kazand\u0131rm\u0131\u015f bir parti oldu\u011funu vurgulad\u0131. AK Parti Genel Ba\u015fkan\u0131 ve Ba\u015fbakan Recep Tayyip Erdo\u011fan, \u015funlar\u0131 s\u00f6yledi:<\/p>\n<p style=\"text-align: justify;\">&#8221;Parti kimli\u011fimizi meydana getiren her detay, bu isti\u015fare k\u00fclt\u00fcr\u00fcn\u00fcn bir eseridir, bunun bir tezah\u00fcr\u00fcd\u00fcr. Zira biz milletimiz i\u00e7in, \u00fclkemizi i\u00e7in en iyi, en g\u00fczeli, en do\u011fruyu arayan ve buna ula\u015fmaya \u00e7al\u0131\u015fan bir hareketiz, b\u00f6yle bir hareketin mensuplar\u0131y\u0131z.<\/p>\n<p style=\"text-align: justify;\">Hani \u015eeyh Edebali&#8217;nin Osman Gazi&#8217;ye \u00f6\u011f\u00fcd\u00fc var ya&#8230; Ey o\u011ful; g\u00fc\u00e7l\u00fc, kuvvetli, ak\u0131ll\u0131 ve kelaml\u0131s\u0131n ama bunlar\u0131 nerede ve nas\u0131l kullanaca\u011f\u0131n\u0131 bilmezsen sabah r\u00fczgarlar\u0131nda savrulur gidersin. \u00d6fken ve nefsin bir olup akl\u0131n\u0131 ma\u011flup eder. Ki\u015finin g\u00fcc\u00fc, g\u00fcn\u00fcn birinde t\u00fckenir ama bilgi ya\u015far. Bilginin \u0131\u015f\u0131\u011f\u0131, kapal\u0131 g\u00f6zlerden bile i\u00e7eri s\u0131zar, ayd\u0131nl\u0131\u011fa kavu\u015fturur. Gidenin de\u011fil, b\u0131rakmayan\u0131n ard\u0131ndan a\u011flamal\u0131&#8230; B\u0131rakan\u0131n da b\u0131rakt\u0131\u011f\u0131 yerden devam etmeli.<\/p>\n<p style=\"text-align: justify;\">Partimizi kurdu\u011fumuz andan itibaren daha \u00f6nce T\u00fcrkiye&#8217;de e\u015fine az rastlanan bir \u015fekilde parti i\u00e7i demokrasi kanallar\u0131n\u0131n i\u015fletilmesi noktas\u0131nda ilkemizi ortaya koyduk. D\u00fczenli olarak ger\u00e7ekle\u015ftirdi\u011fimiz Merkez Karar Y\u00f6netim Kurulu toplant\u0131lar\u0131m\u0131zla, Merkez Y\u00fcr\u00fctme Kurulu toplant\u0131lar\u0131m\u0131zla, Geni\u015fletilmi\u015f \u0130l Ba\u015fkanlar\u0131 toplant\u0131lar\u0131m\u0131zla, \u0130sti\u015fare ve De\u011ferlendirme Toplant\u0131lar\u0131m\u0131zla AK Parti sadece T\u00fcrkiye&#8217;de de\u011fil, d\u00fcnya uygulamalar\u0131 a\u00e7\u0131s\u0131ndan da \u00f6rnek bir parti i\u00e7i demokrasi anlay\u0131\u015f\u0131n\u0131 g\u00f6stermi\u015ftir.<\/p>\n<p style=\"text-align: justify;\">18. \u0130sti\u015fare ve De\u011ferlendirme Toplant\u0131m\u0131zda da bu anlay\u0131\u015f\u0131n bir sonucu olarak 3 g\u00fcn boyunca milletvekillerimizle, kurucu \u00fcyelerimizle, MKYK \u00fcyelerimizle, kad\u0131n ve gen\u00e7lik kollar\u0131 ba\u015fkanl\u0131klar\u0131m\u0131zla bir arada adeta bir \u015f\u00f6len havas\u0131nda kendimizi yeniledik.&#8221;<\/p>\n<p style=\"text-align: justify;\"><strong>YEN\u0130 ANAYASA<\/strong><\/p>\n<p style=\"text-align: justify;\">Ba\u015fbakan Erdo\u011fan, a\u00e7\u0131l\u0131\u015f t\u00f6reninin ard\u0131ndan, bug\u00fcn de kat\u0131l\u0131rsa, \u00fc\u00e7 g\u00fcn boyunca, baz\u0131 bakan, genel ba\u015fkan yard\u0131mc\u0131s\u0131, grup ba\u015fkanvekili ve milletvekillerinin kendi alanlar\u0131yla ilgili sunumlar yapt\u0131klar\u0131n\u0131 ve daha sonra da bu alanlarda b\u00fct\u00fcn partililerle birlikte g\u00f6r\u00fc\u015f al\u0131\u015fveri\u015finde bulunduklar\u0131n\u0131 ifade etti.<\/p>\n<p style=\"text-align: justify;\">\u0130sti\u015fare ve De\u011ferlendirme Toplant\u0131s\u0131&#8217;n\u0131n ilk g\u00fcn\u00fcnde; D\u0131\u015fi\u015fleri Bakan\u0131 Ahmet Davuto\u011flu&#8217;nun T\u00fcrk d\u0131\u015f politikas\u0131 \u00fczerine, Grup Ba\u015fkanvekili Nurettin Canikli&#8217;nin yasama faaliyetleriyle ilgili, Avrupa Konseyi Parlamenter Meclisi Ba\u015fkan\u0131, Antalya Milletvekili Mevl\u00fct \u00c7avu\u015fo\u011flu&#8217;nun Parlamenter Meclisi&#8217;nde yapt\u0131\u011f\u0131 \u00e7al\u0131\u015fmalarla ilgili, Avrupa Birli\u011fi Bakan\u0131 ve Ba\u015fm\u00fczakereci Egemen Ba\u011f\u0131\u015f&#8217;\u0131n Avrupa Birli\u011fi s\u00fcreci ve son yay\u0131mlanan \u0130lerleme Raporu ile ilgili partililerle g\u00fcn boyu isti\u015farelerde bulunduklar\u0131n\u0131 belirten Erdo\u011fan, ikinci g\u00fcn de Ekonomiden Sorumlu Ba\u015fbakan Yard\u0131mc\u0131s\u0131 Ali Babacan&#8217;\u0131n T\u00fcrk ekonomisi ve d\u00fcnya ekonomisindeki yeri, \u0130\u00e7i\u015fleri Bakan\u0131 \u0130dris Naim \u015eahin&#8217;in ter\u00f6rle m\u00fccadeledeki yeni anlay\u0131\u015f, Ba\u015fbakan Yard\u0131mc\u0131s\u0131 Be\u015fir Atalay&#8217;\u0131n ter\u00f6r meselesi, AK Parti ad\u0131na yeni Anayasa \u00e7al\u0131\u015fmalar\u0131n\u0131n koordinasyonundan sorumlu olan Genel Ba\u015fkan Yard\u0131mc\u0131s\u0131 \u00d6mer \u00c7elik&#8217;in de Anayasa s\u00fcreci ile ilgili partilileri bilgilendirdiklerini s\u00f6yledi. Erdo\u011fan, ayn\u0131 zamanda kar\u015f\u0131l\u0131kl\u0131 sorular, cevaplar oldu\u011funu dile getirdi.<\/p>\n<p style=\"text-align: justify;\">Bu sabah da kendisinin ba\u015fkanl\u0131\u011f\u0131nda, b\u00fct\u00fcn Bakanlar\u0131n kat\u0131l\u0131m\u0131yla partililerle genel bir g\u00f6r\u00fc\u015fme ger\u00e7ekle\u015ftirdiklerini ve son de\u011ferlendirmeleri tamamlad\u0131klar\u0131n\u0131 kaydeden Ba\u015fbakan Erdo\u011fan, 37 partilinin soru y\u00f6neltti\u011fini, bu sorulara ilgili bakanlar\u0131n cevaplar\u0131 verdi\u011fini bildirdi. Yaz\u0131l\u0131 olarak verilen sorular oldu\u011funu da hat\u0131rlatan Erdo\u011fan, bunlar\u0131n tasnifini bizzat kendisinin yapaca\u011f\u0131n\u0131 ve bakanlara ula\u015ft\u0131raca\u011f\u0131n\u0131, bakanlar\u0131n da sorular\u0131n cevaplar\u0131n\u0131 muhataplar\u0131na ileteceklerini ifade etti.<\/p>\n<p style=\"text-align: justify;\">Ba\u015fbakan Erdo\u011fan, \u015f\u00f6yle konu\u015ftu:<\/p>\n<p style=\"text-align: justify;\">&#8221;Bu aile atmosferi alt\u0131nda bir kez daha g\u00f6rd\u00fck ki AK Parti, T\u00fcrkiye&#8217;ye 10 y\u0131l boyunca kazand\u0131rd\u0131\u011f\u0131 ba\u015far\u0131lara yenilerini eklemek i\u00e7in ayn\u0131 heyecanla, ayn\u0131 \u015fevkle &#8216;Durmak yok yola devam&#8217; diyor. Ben bir kez daha b\u00fct\u00fcn yol arkada\u015flar\u0131ma, b\u00fct\u00fcn AK Parti ailesine g\u00f6sterdikleri bu hassasiyetten, bu T\u00fcrkiye sevdalar\u0131ndan dolay\u0131 te\u015fekk\u00fcr ediyor, her birinizle ayr\u0131 ayr\u0131 onur duydu\u011fumu bilmenizi istiyorum.<\/p>\n<p style=\"text-align: justify;\">\u0130sti\u015fare toplant\u0131m\u0131zda da arkada\u015flar\u0131m\u0131z\u0131n \u00f6zenle \u00fczerinde durduklar\u0131 en \u00f6nemli g\u00fcndem maddelerinden biri anayasa oldu. T\u00fcrkiye&#8217;nin b\u00fct\u00fcn meselelerinin d\u00fc\u011f\u00fcmlendi\u011fi anayasa meselesi &#8216;ileri demokrasi&#8217; ve &#8216;g\u00fc\u00e7l\u00fc T\u00fcrkiye&#8217; i\u00e7in \u00f6n\u00fcm\u00fczdeki en \u00f6nemli konudur. &#8216;Muas\u0131r medeniyet&#8217; hedefimizin ger\u00e7ekle\u015fmesinin yolu yeni bir anayasa ile istikbale y\u00fcr\u00fcmektir. Milletin emanetini ta\u015f\u0131man\u0131n yolu da buradan ge\u00e7iyor. Milletimizin bu beklentisini kar\u015f\u0131laman\u0131n tam zaman\u0131d\u0131r.<\/p>\n<p style=\"text-align: justify;\">12 Eyl\u00fcl referandumundan \u00e7\u0131kan g\u00fc\u00e7l\u00fc irade ve 12 Haziran se\u00e7imlerinde T\u00fcrk siyasi tarihinde e\u015fi g\u00f6r\u00fclmemi\u015f bir kararl\u0131l\u0131kla milletimiz &#8216;T\u00fcrkiye art\u0131k \u0130leri Demokrasiye ge\u00e7sin&#8217; diyor, &#8216;bizi oyalamay\u0131n&#8217; diyor, &#8216;bunun ad\u0131m\u0131n\u0131 at\u0131n&#8217; diyor. Bu mesaj\u0131 bize veriyor. &#8216;Bu mesaj, tart\u0131\u015f\u0131lmazd\u0131r. Bunun \u00fczerine AK Parti olarak biz herhangi bir \u00f6nyarg\u0131, \u00f6nkabul, b\u00f6yle bir \u015fey getiremeyiz. Evet, art\u0131k milletimiz her t\u00fcrl\u00fc vesayetten ar\u0131nm\u0131\u015f bir demokrasi ile y\u00f6netimi elinde tutmak istiyor. Egemenlik hakk\u0131n\u0131 milletimiz bir daha kimseye vermek istemiyor. Temel hak ve \u00f6zg\u00fcrl\u00fckler alan\u0131n\u0131n tamam\u0131nda s\u00f6z hakk\u0131 sadece milletin olsun istiyor. Devlet, hi\u00e7bir surette milletten esirgenmemelidir. Sadece T\u00fcrkiye&#8217;ye ayak ba\u011f\u0131 olan eski stat\u00fckoyu de\u011fi\u015ftirmek yetmez. Yeni perspektifimizin yeni bir stat\u00fcko in\u015fa etmek olmad\u0131\u011f\u0131n\u0131 da i\u015fin ba\u015f\u0131nda ilan ediyoruz.&#8221;<\/p>\n<p style=\"text-align: justify;\"><strong>K\u00d6STEBEK \u0130DD\u0130ALARINA YANIT<\/strong><\/p>\n<p style=\"text-align: justify;\">Ba\u015fbakan Erdo\u011fan, &#8221;Bu \u00fclkenin alt\u0131na senelerce korku t\u00fcnelleri kazan k\u00f6stebek zihniyetlere avukatl\u0131k yapanlar, dosya i\u015fportac\u0131l\u0131\u011f\u0131 yaparak siyasi ikballerini teminat alt\u0131na alamayacaklar\u0131n\u0131n fark\u0131nda olsunlar&#8221; diye konu\u015ftu. Erdo\u011fan s\u00f6zlerini \u015f\u00f6yle s\u00fcrd\u00fcrd\u00fc: Birileri \u00e7\u0131km\u0131\u015f siyasetin kirlendi\u011fini s\u00f6yl\u00fcyor. Ses kasetlerini dinledik, baz\u0131 belediye ba\u015fkanlar\u0131 \u2018Yamyamlar\u0131 doyuramad\u0131m\u2019 diye itirafta bulunuyor. Bu, ka\u00e7 defa i\u00e7i bo\u015f dosyalar\u0131 sallayan bir insan.<\/p>\n<p style=\"text-align: justify;\">Say\u0131n Be\u015fir Atalay\u2019la ilgili sallad\u0131, Kayseri Belediye Ba\u015fkan\u0131m\u0131z ve d\u00f6nemin Devlet Bakan\u0131 Hayati Yaz\u0131c\u0131 ile ilgili dosyalar ortaya \u00e7\u0131kard\u0131; hepsinin de i\u00e7i bo\u015f \u00e7\u0131kt\u0131. Sa\u00e7ma sapan bir elektronik beyinle \u00e7al\u0131\u015f\u0131yor. Yan\u0131ld\u0131\u011f\u0131n\u0131 anlay\u0131nca da \u2018k\u00f6stebek beni yan\u0131ltt\u0131\u2019 \u015feklinde bir savunma yapt\u0131. K\u0131lavuzunu de\u011fi\u015ftir.<\/p>\n<p style=\"text-align: justify;\"><a href=\"http:\/\/www.gazeteport.com.tr\/haber\/58139\/quotbu_ulkede_kimse_kiraci_degildirquot\" target=\"_blank\">Kaynak : GAZETEPORT<\/a><\/p>\n","protected":false},"excerpt":{"rendered":"<p style=\"text-align: center;\">\n<p style=\"text-align: justify;\">Partisinin K\u0131z\u0131lcahamam&#8217;daki toplant\u0131s\u0131n\u0131n kapan\u0131\u015f\u0131nda konu\u015fan Erdo\u011fan, Deniz Feneri soru\u015fturmas\u0131ndaki k\u00f6stebek iddialar\u0131na cevap verdi ve K\u0131l\u0131\u00e7daro\u011flu&#8217;nu i\u015faret ederek, &#8220;Klavuzunu de\u011fi\u015ftirsin&#8221; dedi.<\/p>\n","protected":false},"author":1,"featured_media":0,"comment_status":"open","ping_status":"open","sticky":false,"template":"","format":"standard","meta":{"footnotes":""},"categories":[105],"tags":[],"class_list":["post-41262","post","type-post","status-publish","format-standard","hentry","category-gundem","odd"],"_links":{"self":[{"href":"http:\/\/www.korhanyilmaz.com\/index.php?rest_route=\/wp\/v2\/posts\/41262","targetHints":{"allow":["GET"]}}],"collection":[{"href":"http:\/\/www.korhanyilmaz.com\/index.php?rest_route=\/wp\/v2\/posts"}],"about":[{"href":"http:\/\/www.korhanyilmaz.com\/index.php?rest_route=\/wp\/v2\/types\/post"}],"author":[{"embeddable":true,"href":"http:\/\/www.korhanyilmaz.com\/index.php?rest_route=\/wp\/v2\/users\/1"}],"replies":[{"embeddable":true,"href":"http:\/\/www.korhanyilmaz.com\/index.php?rest_route=%2Fwp%2Fv2%2Fcomments&post=41262"}],"version-history":[{"count":0,"href":"http:\/\/www.korhanyilmaz.com\/index.php?rest_route=\/wp\/v2\/posts\/41262\/revisions"}],"wp:attachment":[{"href":"http:\/\/www.korhanyilmaz.com\/index.php?rest_route=%2Fwp%2Fv2%2Fmedia&parent=41262"}],"wp:term":[{"taxonomy":"category","embeddable":true,"href":"http:\/\/www.korhanyilmaz.com\/index.php?rest_route=%2Fwp%2Fv2%2Fcategories&post=41262"},{"taxonomy":"post_tag","embeddable":true,"href":"http:\/\/www.korhanyilmaz.com\/index.php?rest_route=%2Fwp%2Fv2%2Ftags&post=41262"}],"curies":[{"name":"wp","href":"https:\/\/api.w.org\/{rel}","templated":true}]}}