{"id":41256,"date":"2011-10-17T22:03:49","date_gmt":"2011-10-17T19:03:49","guid":{"rendered":"http:\/\/www.korhanyilmaz.com\/?p=41256"},"modified":"2011-10-18T00:53:45","modified_gmt":"2011-10-17T21:53:45","slug":"orgut-liderlerine-tahliye","status":"publish","type":"post","link":"http:\/\/www.korhanyilmaz.com\/?p=41256","title":{"rendered":"\u00d6rg\u00fct liderlerine tahliye"},"content":{"rendered":"<p style=\"text-align: center;\">\n<p style=\"text-align: center;\"><a href=\"http:\/\/www.korhanyilmaz.com\/wp-content\/uploads\/2011\/10\/8104.jpg\"  class=\"lightview\"><img loading=\"lazy\" decoding=\"async\" class=\"aligncenter  wp-image-41259\" src=\"http:\/\/www.korhanyilmaz.com\/wp-content\/uploads\/2011\/10\/8104.jpg\" alt=\"\" width=\"462\" height=\"210\" \/><\/a><\/p>\n<p style=\"text-align: justify;\">Hizbullah ter\u00f6r \u00f6rg\u00fct\u00fc davas\u0131n\u0131n ilk duru\u015fmas\u0131nda tutuklu san\u0131klardan \u00f6rg\u00fct\u00fcn T\u00fcrkiye sorumlusu oldu\u011fu iddia edilen Mehmet Bahattin Temel ile Hac\u0131 \u0130nan&#8217;\u0131n da aralar\u0131nda bulundu\u011fu 6 san\u0131\u011f\u0131n tahliyesine karar verdi. B\u00f6ylece davan\u0131n tutuklu san\u0131\u011f\u0131 kalmad\u0131.<!--more--><\/p>\n<p style=\"text-align: justify;\">\u0130STANBUL &#8211; \u0130stanbul 14.A\u011f\u0131r Ceza Mahkemesinde g\u00f6r\u00fclen duru\u015fmada savunmas\u0131n\u0131 yapan tutuklu san\u0131k Hac\u0131 \u0130nan, iddianamenin nihai bir karar olmad\u0131\u011f\u0131n\u0131 belirterek, &#8221;Ancak iddianamenin bir \u015ferefi, haysiyeti olmal\u0131&#8221; dedi.<\/p>\n<p style=\"text-align: justify;\">Anayasal d\u00fczeni \u015fiddet ve cebir kullanarak de\u011fi\u015ftirmeye \u00e7al\u0131\u015fmakla su\u00e7land\u0131\u011f\u0131n\u0131 s\u00f6yleyen san\u0131k Hac\u0131 \u0130nan, \u015f\u00f6yle devam etti:<\/p>\n<p style=\"text-align: justify;\">&#8221;12 senedir F tipi cezaevindeydim. Cezaevinde bir makas bile zimmetle veriliyor. Makas\u0131 kaybedince yenisini de vermiyorlar. Bu \u015fartlardaki bir insan nas\u0131l olur da \u015fiddet kullanarak anayasal d\u00fczeni de\u011fi\u015ftirebilir? Cumhurba\u015fkan\u0131, Ba\u015fbakan olan zat ile 80 \u00f6ncesi beraber \u00e7al\u0131\u015ft\u0131k. Onlar da ayn\u0131 \u0131st\u0131rab\u0131 ya\u015fad\u0131lar. Do\u011fulu olsalard\u0131 belki de benim ya\u015fad\u0131\u011f\u0131m durumu ya\u015fayacakt\u0131. Cumhurba\u015fkan\u0131 dindar. Ben ona kar\u015f\u0131 niye ter\u00f6r uygulayay\u0131m? Referandumda &#8216;evet&#8217; oyu kulland\u0131m. Bu topraklarda M\u00fcsl\u00fcman halka bask\u0131 vard\u0131. Yava\u015f yava\u015f bu durum de\u011fi\u015fiyor. Halk sabretti kar\u015f\u0131l\u0131\u011f\u0131n\u0131 al\u0131yor. Kuran haf\u0131z\u0131y\u0131m. \u0130lahiyat\u00e7\u0131y\u0131m. Bir ilahiyat\u00e7\u0131ya bu kadar kolay ter\u00f6rist denebilir mi? Do\u011fru Haber Gazetesi benimle s\u00f6yle\u015fi yapt\u0131. Orada Kuran&#8217;da Hizbullah ge\u00e7iyor. Her m\u00fcmin Hizbullah&#8217;d\u0131r, yani Allah&#8217;\u0131n dinini kabul eden&#8230; Bu anlamda ben Hizbullah&#8217;\u0131m. Bununla iftihar ediyorum. Bundan dolay\u0131 11 y\u0131ld\u0131r i\u00e7erdeyim. M\u00fcsl\u00fcmanl\u0131ktan ba\u015fka su\u00e7um yok. O deliklerde Kuran, namaz dersi verdim. &#8216;M\u00fcsl\u00fcmanl\u0131ktan dolay\u0131 seni yarg\u0131l\u0131yoruz&#8217; desinler bin defa yarg\u0131lan\u0131r\u0131z. Bu denmiyor. Bu s\u00fcreci olumlu buluyoruz. M\u00fcsl\u00fcmanlar\u0131n hayr\u0131nad\u0131r. Niye bu s\u00fcreci ter\u00f6rize edeyim? Bask\u0131lar yava\u015f yava\u015f kalk\u0131yor niye yerin alt\u0131na ineyim?&#8221;<\/p>\n<p style=\"text-align: justify;\">San\u0131k \u0130nan, mahkemenin 12 senedir infazlar\u0131 kendisinin yapt\u0131\u011f\u0131n\u0131 tespit edemedi\u011fini \u00f6ne s\u00fcrerek, &#8221;Ancak bu iddianameyi haz\u0131rlayan savc\u0131 tespit edebildi. Bu kadar rahat karar verilebilir mi? Ben kime ter\u00f6r yapt\u0131m. Baz\u0131 insanlara Allah&#8217;\u0131 anlatt\u0131m. Bunun nesi ter\u00f6r? Buna ABD, \u0130srail &#8216;ter\u00f6r&#8217; diyor&#8221; diye konu\u015ftu.<\/p>\n<p style=\"text-align: justify;\">\u0130ddianamede, yakaland\u0131\u011f\u0131nda evinde silah ele ge\u00e7irildi\u011finin belirtildi\u011fini ifade eden \u0130nan, bunun tamamen yalan ve iftira oldu\u011funu \u00f6ne s\u00fcrd\u00fc.<\/p>\n<p style=\"text-align: justify;\">\u0130nan, evinde yakalanmad\u0131\u011f\u0131n\u0131, otogara giderken g\u00f6zalt\u0131na al\u0131nd\u0131\u011f\u0131n\u0131 ve \u00fczerinde veya evinde silah olmad\u0131\u011f\u0131n\u0131 savundu.<\/p>\n<p style=\"text-align: justify;\">Tahliye olduktan 12 g\u00fcn sonra \u00f6rg\u00fct kurmaktan yarg\u0131land\u0131\u011f\u0131n\u0131 kaydeden \u0130nan, bunun m\u00fcmk\u00fcn olamayaca\u011f\u0131n\u0131, zaten evinin \u00f6n\u00fcnde de s\u00fcrekli polislerin n\u00f6bet tuttu\u011funu kaydetti.<\/p>\n<p style=\"text-align: justify;\">Tahliye olduktan sonra ka\u00e7mak gibi bir niyetinin asla olmad\u0131\u011f\u0131n\u0131 s\u00f6yleyen \u0130nan, adli kontrol i\u015flemlerini kendisinin takip etti\u011fini belirtti.<\/p>\n<p style=\"text-align: justify;\">\u0130nan, &#8221;G\u00f6zalt\u0131na al\u0131nd\u0131ktan sonra Emniyetteki sorgumda &#8216;Evimde bulundu\u011fu iddia edilen porno soruldu. Bu i\u011fren\u00e7 bir iftirad\u0131r. Ben hayat\u0131m boyunca evime hi\u00e7 televizyon almad\u0131m. B\u00f6yle bir \u015feyi asla kabul edemem bu bir t\u00fcr i\u011fren\u00e7liktir&#8221; dedi.<\/p>\n<p style=\"text-align: justify;\">Di\u011fer san\u0131klarda savunmalar\u0131nda, haklar\u0131ndaki su\u00e7lamalar\u0131 kabul etmediler.<\/p>\n<p style=\"text-align: justify;\">Duru\u015fmada s\u00f6z alan tutuklu san\u0131k avukatlar\u0131 da m\u00fcvekkillerinin tahliyesini talep ettiler.<\/p>\n<p style=\"text-align: justify;\">Duru\u015fmaya verilen aran\u0131n ard\u0131ndan ara karar\u0131n\u0131 a\u00e7\u0131klayan mahkeme heyeti, su\u00e7 vasf\u0131n\u0131n de\u011fi\u015fme ihtimalini g\u00f6z \u00f6n\u00fcne alarak tutuklu san\u0131klar Mehmet Bahattin Temel, Fikret G\u00fcltekin, Sait \u015eahin, Mehmet \u015eefik Temel&#8217;i oy \u00e7oklu\u011fuyla, Hac\u0131 \u0130nan ve Mehmet E\u015fin&#8217;i ise oybirli\u011fi ile tahliyesine karar verdi.<\/p>\n<p style=\"text-align: justify;\">B\u00f6ylece s\u00f6z konusu davada tutuklu san\u0131k kalmad\u0131.<\/p>\n<p style=\"text-align: justify;\">Duru\u015fma ertelendi.<\/p>\n<p style=\"text-align: justify;\"><a href=\"http:\/\/www.gazeteport.com.tr\/haber\/58177\/orgut_liderlerine_tahliye\" target=\"_blank\">Kaynak : GAZETEPORT<\/a><\/p>\n","protected":false},"excerpt":{"rendered":"<p style=\"text-align: center;\">\n<p style=\"text-align: center;\">\n<p style=\"text-align: justify;\">Hizbullah ter\u00f6r \u00f6rg\u00fct\u00fc davas\u0131n\u0131n ilk duru\u015fmas\u0131nda tutuklu san\u0131klardan \u00f6rg\u00fct\u00fcn T\u00fcrkiye sorumlusu oldu\u011fu iddia edilen Mehmet Bahattin Temel ile Hac\u0131 \u0130nan&#8217;\u0131n da aralar\u0131nda bulundu\u011fu 6 san\u0131\u011f\u0131n tahliyesine karar verdi. B\u00f6ylece davan\u0131n tutuklu san\u0131\u011f\u0131 kalmad\u0131.<\/p>\n","protected":false},"author":1,"featured_media":0,"comment_status":"open","ping_status":"open","sticky":false,"template":"","format":"standard","meta":{"footnotes":""},"categories":[105],"tags":[],"class_list":["post-41256","post","type-post","status-publish","format-standard","hentry","category-gundem","odd"],"_links":{"self":[{"href":"http:\/\/www.korhanyilmaz.com\/index.php?rest_route=\/wp\/v2\/posts\/41256","targetHints":{"allow":["GET"]}}],"collection":[{"href":"http:\/\/www.korhanyilmaz.com\/index.php?rest_route=\/wp\/v2\/posts"}],"about":[{"href":"http:\/\/www.korhanyilmaz.com\/index.php?rest_route=\/wp\/v2\/types\/post"}],"author":[{"embeddable":true,"href":"http:\/\/www.korhanyilmaz.com\/index.php?rest_route=\/wp\/v2\/users\/1"}],"replies":[{"embeddable":true,"href":"http:\/\/www.korhanyilmaz.com\/index.php?rest_route=%2Fwp%2Fv2%2Fcomments&post=41256"}],"version-history":[{"count":0,"href":"http:\/\/www.korhanyilmaz.com\/index.php?rest_route=\/wp\/v2\/posts\/41256\/revisions"}],"wp:attachment":[{"href":"http:\/\/www.korhanyilmaz.com\/index.php?rest_route=%2Fwp%2Fv2%2Fmedia&parent=41256"}],"wp:term":[{"taxonomy":"category","embeddable":true,"href":"http:\/\/www.korhanyilmaz.com\/index.php?rest_route=%2Fwp%2Fv2%2Fcategories&post=41256"},{"taxonomy":"post_tag","embeddable":true,"href":"http:\/\/www.korhanyilmaz.com\/index.php?rest_route=%2Fwp%2Fv2%2Ftags&post=41256"}],"curies":[{"name":"wp","href":"https:\/\/api.w.org\/{rel}","templated":true}]}}