{"id":41239,"date":"2011-10-16T16:05:55","date_gmt":"2011-10-16T13:05:55","guid":{"rendered":"http:\/\/www.korhanyilmaz.com\/?p=41239"},"modified":"2011-10-18T01:48:44","modified_gmt":"2011-10-17T22:48:44","slug":"korsan-gosteride-polise-bomba","status":"publish","type":"post","link":"http:\/\/www.korhanyilmaz.com\/?p=41239","title":{"rendered":"Korsan g\u00f6steride patlama: 5&#8217;i polis 7 yaral\u0131"},"content":{"rendered":"<p style=\"text-align: center;\"><a href=\"http:\/\/www.korhanyilmaz.com\/wp-content\/uploads\/2011\/10\/8099.jpg\"  class=\"lightview\"><img loading=\"lazy\" decoding=\"async\" class=\"aligncenter  wp-image-41241\" src=\"http:\/\/www.korhanyilmaz.com\/wp-content\/uploads\/2011\/10\/8099.jpg\" alt=\"\" width=\"332\" height=\"210\" \/><\/a><\/p>\n<p style=\"text-align: justify;\">Adana&#8217;da korsan g\u00f6steri yapan bir gruba polisin m\u00fcdahalesi s\u0131ras\u0131nda patlama meydana geldi. \u00c7\u00f6p konteyn\u0131r\u0131na konulan el yap\u0131m\u0131 patlay\u0131c\u0131 5&#8217;i polis 7 ki\u015finin yaralanmas\u0131na neden oldu.<\/p>\n<p style=\"text-align: justify;\">ADANA &#8211; Seyhan il\u00e7esi G\u00fclbah\u00e7e Mahallesi Obalar Caddesi&#8217;nde ter\u00f6r \u00f6rg\u00fct\u00fc yanda\u015flar\u0131 korsan g\u00f6steri d\u00fczenledi. Olay yerine gelen \u00c7evik Kuvvet ekipleri eylemcilere m\u00fcdahale etti.\u00a0<!--more--><\/p>\n<p style=\"text-align: justify;\">Bu s\u0131rada Seyhan Jandarma Komutanl\u0131\u011f\u0131 duvar\u0131n\u0131n dibindeki \u00e7\u00f6p konteyn\u0131r\u0131na konulan el yap\u0131m\u0131 patlay\u0131c\u0131 patlad\u0131.<\/p>\n<p style=\"text-align: justify;\">Patlama sonucu 5\u2019i polis 2&#8217;si vatanda\u015f toplam 7 ki\u015fi yaraland\u0131. \u0130ki polis memurunun a\u011f\u0131r \u015fekilde yaraland\u0131\u011f\u0131, di\u011fer yaral\u0131lar\u0131n genel durumunun iyi oldu\u011fu a\u00e7\u0131kland\u0131.<\/p>\n<p style=\"text-align: justify;\">Olayla ilgili Adana Emniyet M\u00fcd\u00fcrl\u00fc\u011f\u00fc&#8217;nden bir a\u00e7\u0131klama geldi.<\/p>\n<p style=\"text-align: justify;\">Yaz\u0131l\u0131 a\u00e7\u0131klamada, saat 15.00 s\u0131ralar\u0131nda, merkez Seyhan il\u00e7esi G\u00fclbah\u00e7e Mahallesi Obalar Caddesi&#8217;nde ter\u00f6r \u00f6rg\u00fct\u00fc PKK\/Kongra-Gel yanda\u015flar\u0131 taraf\u0131ndan ger\u00e7ekle\u015ftirilen korsan g\u00f6steriye m\u00fcdahalede bulunuldu\u011fu belirtildi.<\/p>\n<p style=\"text-align: justify;\">M\u00fcdahale esnas\u0131nda bir patlama meydana geldi\u011fi vurgulanan a\u00e7\u0131klamada, &#8221;G\u00f6stericiler taraf\u0131ndan Obalar Caddesi&#8217;ndeki Seyhan Jandarma Komutanl\u0131\u011f\u0131 duvar\u0131n\u0131n dibindeki \u00e7\u00f6p y\u0131\u011f\u0131n\u0131 i\u00e7ine konulan patlay\u0131c\u0131n\u0131n patlamas\u0131 sonucu 5 polis memuru yaraland\u0131&#8221; ifadeleri kullan\u0131ld\u0131.<\/p>\n<p style=\"text-align: justify;\"><strong>YARALILARIN DURUMU<\/strong><\/p>\n<p style=\"text-align: justify;\">Yaral\u0131lardan \u00c7ukurova \u00dcniversitesi T\u0131p Fak\u00fcltesi Balcal\u0131 Hastanesinde tedavisi s\u00fcren polis evli memuru Veli Ata\u015fc\u0131&#8217;n\u0131n beyninde ve akci\u011ferinde \u00f6dem olu\u015ftu\u011fu, bir g\u00f6z\u00fcn\u00fc kaybetme riskinin bulundu\u011fu bildirildi.<\/p>\n<p style=\"text-align: justify;\">Dr. A\u015fk\u0131m T\u00fcfek\u00e7i \u00c7ukurova Devlet Hastanesine kald\u0131r\u0131lan, evli Yunus Emre \u00d6nderci&#8217;nin v\u00fccudundan ise iki \u00e7ivi \u00e7\u0131kar\u0131ld\u0131\u011f\u0131, yo\u011fun bak\u0131mda tedavisinin devam etti\u011fi vurguland\u0131.<\/p>\n<p style=\"text-align: justify;\">Balcal\u0131 Hastanesi&#8217;nde tedavi g\u00f6ren polis memuru Ali \u015eener&#8217;in de sa\u011f kol ve sa\u011f ayak bile\u011fi ile sa\u011f kas\u0131\u011f\u0131ndan yaraland\u0131\u011f\u0131 belirtilerek genel durumunun iyi oldu\u011fu, ayn\u0131 hastanede tedavi g\u00f6ren \u0130brahim Y\u0131lmaz ve Mustafa Kaya&#8217;n\u0131n da kulak \u00e7\u0131nlamas\u0131 ve \u00e7ivi yaralanmas\u0131 nedeniyle tedavi alt\u0131nda bulunduklar\u0131 kaydedildi.<\/p>\n<p style=\"text-align: justify;\">\u00d6te yandan, patlamada yaralan vatanda\u015flar Mehmet Da\u011ftekin ve Mehmet Hasip Aslan&#8217;\u0131n da genel sa\u011fl\u0131k durumlar\u0131n\u0131n iyi oldu\u011fu \u00f6\u011frenildi.<\/p>\n<p style=\"text-align: justify;\">Ter\u00f6rle M\u00fccadele \u015eube M\u00fcd\u00fcrl\u00fc\u011f\u00fc ekiplerinin, olayla ilgili \u00e7al\u0131\u015fmalar\u0131n\u0131 s\u00fcrd\u00fcrd\u00fc\u011f\u00fc, bu kapsamda baz\u0131 ki\u015filerin bilgilerine ba\u015fvurmak \u00fczere \u0130l Emniyet M\u00fcd\u00fcrl\u00fc\u011f\u00fcne getirdi\u011fi g\u00f6r\u00fcld\u00fc.<\/p>\n<p style=\"text-align: justify;\"><strong>TELS\u0130ZDEN KAN ANONSU<\/strong><\/p>\n<p style=\"text-align: justify;\">Polis telsizinden \u00f6zellikle Balcal\u0131 Hastanesindeki yaral\u0131 polis memuru i\u00e7in kan istendi\u011fi anonsu yap\u0131ld\u0131. Polislerden al\u0131nan toplam 15 \u00fcnite kan, ameliyat i\u00e7in haz\u0131r tutuldu.<\/p>\n<p style=\"text-align: justify;\"><strong>EK\u0130PLER \u00c7ALI\u015eIRKEN G\u00d6STER\u0130LER S\u00dcRD\u00dc<\/strong><\/p>\n<p style=\"text-align: justify;\">Bu arada sald\u0131r\u0131n\u0131n ard\u0131ndan Olay Yeri \u0130nceleme ve Kimlik Tespit \u015eube M\u00fcd\u00fcrl\u00fc\u011f\u00fc ile Bomba \u0130mha \u015eube M\u00fcd\u00fcrl\u00fc\u011f\u00fc ekipleri b\u00f6lgede \u00e7al\u0131\u015fma y\u00fcr\u00fct\u00fcrken, izinsiz g\u00f6steriler de devam etti<\/p>\n<p style=\"text-align: justify;\">Polislere ta\u015f ve havai fi\u015fek atarak sald\u0131ran g\u00f6stericilere, \u00c7evik Kuvvet ve Ter\u00f6rle M\u00fccadele \u015eube M\u00fcd\u00fcrl\u00fc\u011f\u00fc ekipleri m\u00fcdahale etti.<\/p>\n<p style=\"text-align: justify;\"><a href=\"http:\/\/www.ntvmsnbc.com\/id\/25289131\/\" target=\"_blank\">Kaynak : NTVMSNBC<\/a><\/p>\n","protected":false},"excerpt":{"rendered":"<p style=\"text-align: center;\">\n<p style=\"text-align: justify;\">Adana&#8217;da korsan g\u00f6steri yapan bir gruba polisin m\u00fcdahalesi s\u0131ras\u0131nda patlama meydana geldi. \u00c7\u00f6p konteyn\u0131r\u0131na konulan el yap\u0131m\u0131 patlay\u0131c\u0131 5&#8217;i polis 7 ki\u015finin yaralanmas\u0131na neden oldu.<\/p>\n<p style=\"text-align: justify;\">ADANA &#8211; Seyhan il\u00e7esi G\u00fclbah\u00e7e Mahallesi Obalar Caddesi&#8217;nde ter\u00f6r \u00f6rg\u00fct\u00fc yanda\u015flar\u0131 korsan g\u00f6steri d\u00fczenledi. Olay yerine gelen \u00c7evik Kuvvet ekipleri eylemcilere m\u00fcdahale etti. <\/p>\n","protected":false},"author":1,"featured_media":0,"comment_status":"open","ping_status":"open","sticky":false,"template":"","format":"standard","meta":{"footnotes":""},"categories":[105],"tags":[],"class_list":["post-41239","post","type-post","status-publish","format-standard","hentry","category-gundem","odd"],"_links":{"self":[{"href":"http:\/\/www.korhanyilmaz.com\/index.php?rest_route=\/wp\/v2\/posts\/41239","targetHints":{"allow":["GET"]}}],"collection":[{"href":"http:\/\/www.korhanyilmaz.com\/index.php?rest_route=\/wp\/v2\/posts"}],"about":[{"href":"http:\/\/www.korhanyilmaz.com\/index.php?rest_route=\/wp\/v2\/types\/post"}],"author":[{"embeddable":true,"href":"http:\/\/www.korhanyilmaz.com\/index.php?rest_route=\/wp\/v2\/users\/1"}],"replies":[{"embeddable":true,"href":"http:\/\/www.korhanyilmaz.com\/index.php?rest_route=%2Fwp%2Fv2%2Fcomments&post=41239"}],"version-history":[{"count":0,"href":"http:\/\/www.korhanyilmaz.com\/index.php?rest_route=\/wp\/v2\/posts\/41239\/revisions"}],"wp:attachment":[{"href":"http:\/\/www.korhanyilmaz.com\/index.php?rest_route=%2Fwp%2Fv2%2Fmedia&parent=41239"}],"wp:term":[{"taxonomy":"category","embeddable":true,"href":"http:\/\/www.korhanyilmaz.com\/index.php?rest_route=%2Fwp%2Fv2%2Fcategories&post=41239"},{"taxonomy":"post_tag","embeddable":true,"href":"http:\/\/www.korhanyilmaz.com\/index.php?rest_route=%2Fwp%2Fv2%2Ftags&post=41239"}],"curies":[{"name":"wp","href":"https:\/\/api.w.org\/{rel}","templated":true}]}}