{"id":41236,"date":"2011-10-16T14:02:25","date_gmt":"2011-10-16T11:02:25","guid":{"rendered":"http:\/\/www.korhanyilmaz.com\/?p=41236"},"modified":"2011-10-16T17:12:03","modified_gmt":"2011-10-16T14:12:03","slug":"sampuan-harammis","status":"publish","type":"post","link":"http:\/\/www.korhanyilmaz.com\/?p=41236","title":{"rendered":"\u015eampuan haramm\u0131\u015f!"},"content":{"rendered":"<p style=\"text-align: center;\"><a href=\"http:\/\/www.korhanyilmaz.com\/wp-content\/uploads\/2011\/10\/8098.jpg\"  class=\"lightview\"><img loading=\"lazy\" decoding=\"async\" class=\"aligncenter  wp-image-41237\" src=\"http:\/\/www.korhanyilmaz.com\/wp-content\/uploads\/2011\/10\/8098.jpg\" alt=\"\" width=\"320\" height=\"214\" \/><\/a><\/p>\n<p style=\"text-align: justify;\">Uluslararas\u0131 Helal Kongresi&#8217;ne \u015fampuanlar damga vurdu. T\u00fcrk ve yabanc\u0131 profes\u00f6rlere g\u00f6re, kullan\u0131lan t\u00fcm \u015fampuanlar haram! \u00c7\u00fcnk\u00fc i\u00e7lerinde &#8216;jelatin&#8217; kullan\u0131l\u0131yor. Ve bu madde, a\u011f\u0131rl\u0131kl\u0131 olarak domuz ya\u011f\u0131ndan \u00fcretiliyor.<!--more--><\/p>\n<p style=\"text-align: justify;\">ANKARA &#8211; Takvim gazetesinin haberine g\u00f6re, son zamanlar\u0131n en \u00e7ok tart\u0131\u015f\u0131lacak iddias\u0131, Ankara&#8217;da yap\u0131lan &#8220;Uluslararas\u0131 Helal Kongresi&#8221;nden \u00e7\u0131kt\u0131! \u0130slam Odalar\u0131 Ara\u015ft\u0131rma ve Bilgilendirme Merkezi&#8217;nce (ICRIC) \u00f6nceki g\u00fcn ilk kez d\u00fczenlenen kongreye, Almanya ve \u0130ran gibi \u00fclkelerden \u00e7ok say\u0131da profes\u00f6r kat\u0131ld\u0131. Uzmanlar, \u0130slam d\u00fcnyas\u0131nda \u00fcretilen \u00fcr\u00fcnlerin ve verilen hizmetlerin \u0130slam&#8217;a uygunlu\u011funu masaya yat\u0131rd\u0131. Ve en sonunda profes\u00f6rlerin hemfikir olduklar\u0131 m\u00fcthi\u015f bir iddia ortaya at\u0131ld\u0131: \u015eampuan haramd\u0131r! Hemen hemen herkesin kulland\u0131\u011f\u0131 \u015fampuanlar\u0131n neden haram oldu\u011funu ise ODT\u00dc G\u0131da M\u00fchendisli\u011fi \u00d6\u011fretim \u00dcyesi Prof. Dr. Fatih Y\u0131ld\u0131z, a\u00e7\u0131klad\u0131. Y\u0131ld\u0131z, \u015fampuanlar\u0131n i\u00e7erisinde k\u0131vam\u0131 art\u0131rmak i\u00e7in jelatin maddesi kullan\u0131ld\u0131\u011f\u0131n\u0131, jelatinin de \u00e7o\u011funlukla domuz derisinden ya da ya\u011f\u0131ndan \u00fcretildi\u011fini kaydetti.<\/p>\n<p style=\"text-align: justify;\"><strong>YO\u011eURTTA DA BULUNUYOR\u00a0<\/strong><\/p>\n<p style=\"text-align: justify;\">Jelatin maddesinin ayr\u0131ca yo\u011furt, dondurma ve meyve sular\u0131 gibi bir\u00e7ok \u00fcr\u00fcnde kullan\u0131ld\u0131\u011f\u0131na da i\u015faret eden Prof. Y\u0131ld\u0131z, &#8220;Domuzdan \u00fcretilen bu \u00fcr\u00fcn, harama girer&#8221; g\u00f6r\u00fc\u015f\u00fcn\u00fc savundu. \u00d6zellikle sert kaps\u00fcll\u00fc ila\u00e7lar ve tabletlerde de ayn\u0131 maddenin bulundu\u011funa dikkat \u00e7eken Y\u0131ld\u0131z, sadece yiyeceklerde de\u011fil, kullan\u0131lan \u00fcr\u00fcnlerde bile &#8220;haram&#8221; maddeler olursa, bunun dinen &#8220;sak\u0131nca&#8221; yaratt\u0131\u011f\u0131n\u0131 aktard\u0131. Y\u0131ld\u0131z, &#8220;Dinde elbette niyet \u00f6nemlidir. Vatanda\u015f bilemez ama &#8216;helal \u00fcretiyorum&#8217; diyen firma bunlara dikkat etmeli&#8221; dedi.<\/p>\n<p style=\"text-align: justify;\"><strong>GDO DA CA\u0130Z DE\u011e\u0130L\u00a0<\/strong><\/p>\n<p style=\"text-align: justify;\">Ege \u00dcniversitesi&#8217;nden biyoteknolog \u015eebnem Kavakl\u0131 ise Genetik Yap\u0131s\u0131 De\u011fi\u015ftirilmi\u015f G\u0131da&#8217;lar\u0131n da (GDO) &#8220;\u015f\u00fcpheli&#8221; s\u0131n\u0131f\u0131na girdi\u011fini s\u00f6yledi. F\u0131k\u0131h aleminin &#8220;GDO&#8217;lu g\u0131da, helal organizmadan olu\u015fturulmu\u015fsa helal, haram organizmadan al\u0131nm\u0131\u015fsa haram s\u0131n\u0131f\u0131na girer&#8221; g\u00f6r\u00fc\u015f\u00fcnde birle\u015fti\u011fine i\u015faret eden Kavakl\u0131, &#8220;Bir domuzun DNA&#8217;s\u0131 al\u0131n\u0131p bu\u011fdaya aktar\u0131l\u0131yor. Bu asla helal olmaz&#8221; dedi.<\/p>\n<p style=\"text-align: justify;\"><strong>SERT\u0130F\u0130KA \u015eART<\/strong><\/p>\n<p style=\"text-align: justify;\">T\u00fcrkiye&#8217;de &#8220;helal g\u0131da&#8221; sertifikaland\u0131rmas\u0131 i\u00e7in bir yandan TSE g\u00f6rev almaya haz\u0131rlan\u0131rken, G\u0131da ve \u0130htiya\u00e7 Maddeleri Denetleme ve Sertifikaland\u0131rma Ara\u015ft\u0131rmalar\u0131 Derne\u011fi de (G\u0130MDES) \u00e7al\u0131\u015fmalar y\u00fcr\u00fct\u00fcyor. Helal sertifikas\u0131 i\u00e7in, sadece \u00fcr\u00fcn\u00fcn i\u00e7indekilerin de\u011fil ambalaj\u0131n da testten ge\u00e7mesi gerekiyor.<\/p>\n<p style=\"text-align: justify;\"><strong>BEYAZ SABUNA D\u00d6N\u00dc\u015e\u00a0<\/strong><\/p>\n<p style=\"text-align: justify;\">Uzmanlar, jelatin maddesinin dana etiden de \u00fcretildi\u011fini ancak domuz ya\u011f\u0131na g\u00f6re \u00e7ok daha pahal\u0131 oldu\u011fu i\u00e7in tercih edilmedi\u011fini a\u00e7\u0131klad\u0131. Profes\u00f6rler, sabun kullan\u0131lmas\u0131n\u0131 \u00f6nerdi.<\/p>\n<p style=\"text-align: justify;\"><a href=\"http:\/\/www.radikal.com.tr\/Radikal.aspx?aType=RadikalDetayV3&amp;ArticleID=1066537&amp;Date=16.10.2011&amp;CategoryID=77\" target=\"_blank\">Kaynak : Radikal.com.tr<\/a><\/p>\n","protected":false},"excerpt":{"rendered":"<p style=\"text-align: center;\">\n<p style=\"text-align: justify;\">Uluslararas\u0131 Helal Kongresi&#8217;ne \u015fampuanlar damga vurdu. T\u00fcrk ve yabanc\u0131 profes\u00f6rlere g\u00f6re, kullan\u0131lan t\u00fcm \u015fampuanlar haram! \u00c7\u00fcnk\u00fc i\u00e7lerinde &#8216;jelatin&#8217; kullan\u0131l\u0131yor. Ve bu madde, a\u011f\u0131rl\u0131kl\u0131 olarak domuz ya\u011f\u0131ndan \u00fcretiliyor.<\/p>\n","protected":false},"author":1,"featured_media":0,"comment_status":"open","ping_status":"open","sticky":false,"template":"","format":"standard","meta":{"footnotes":""},"categories":[105],"tags":[],"class_list":["post-41236","post","type-post","status-publish","format-standard","hentry","category-gundem","odd"],"_links":{"self":[{"href":"http:\/\/www.korhanyilmaz.com\/index.php?rest_route=\/wp\/v2\/posts\/41236","targetHints":{"allow":["GET"]}}],"collection":[{"href":"http:\/\/www.korhanyilmaz.com\/index.php?rest_route=\/wp\/v2\/posts"}],"about":[{"href":"http:\/\/www.korhanyilmaz.com\/index.php?rest_route=\/wp\/v2\/types\/post"}],"author":[{"embeddable":true,"href":"http:\/\/www.korhanyilmaz.com\/index.php?rest_route=\/wp\/v2\/users\/1"}],"replies":[{"embeddable":true,"href":"http:\/\/www.korhanyilmaz.com\/index.php?rest_route=%2Fwp%2Fv2%2Fcomments&post=41236"}],"version-history":[{"count":0,"href":"http:\/\/www.korhanyilmaz.com\/index.php?rest_route=\/wp\/v2\/posts\/41236\/revisions"}],"wp:attachment":[{"href":"http:\/\/www.korhanyilmaz.com\/index.php?rest_route=%2Fwp%2Fv2%2Fmedia&parent=41236"}],"wp:term":[{"taxonomy":"category","embeddable":true,"href":"http:\/\/www.korhanyilmaz.com\/index.php?rest_route=%2Fwp%2Fv2%2Fcategories&post=41236"},{"taxonomy":"post_tag","embeddable":true,"href":"http:\/\/www.korhanyilmaz.com\/index.php?rest_route=%2Fwp%2Fv2%2Ftags&post=41236"}],"curies":[{"name":"wp","href":"https:\/\/api.w.org\/{rel}","templated":true}]}}