{"id":41224,"date":"2011-10-15T22:26:11","date_gmt":"2011-10-15T19:26:11","guid":{"rendered":"http:\/\/www.korhanyilmaz.com\/?p=41224"},"modified":"2011-10-16T01:29:30","modified_gmt":"2011-10-15T22:29:30","slug":"adaleti-mumla-ariyoruz","status":"publish","type":"post","link":"http:\/\/www.korhanyilmaz.com\/?p=41224","title":{"rendered":"&#8220;Adaleti mumla ar\u0131yoruz&#8221;"},"content":{"rendered":"<p style=\"text-align: center;\"><a href=\"http:\/\/www.korhanyilmaz.com\/wp-content\/uploads\/2011\/10\/8095.jpg\"  class=\"lightview\"><img loading=\"lazy\" decoding=\"async\" class=\"aligncenter  wp-image-41225\" src=\"http:\/\/www.korhanyilmaz.com\/wp-content\/uploads\/2011\/10\/8095.jpg\" alt=\"\" width=\"366\" height=\"276\" \/><\/a><\/p>\n<p style=\"text-align: justify;\">&#8220;Balyoz Plan\u0131 Davas\u0131&#8221;nda tutuklu bulunan subay yak\u0131nlar\u0131n\u0131n olu\u015fturdu\u011fu &#8220;Vardiya Bizde Platformu&#8221; \u00fcyeleri, dava kapsam\u0131nda tutuklu bulunan yak\u0131nlar\u0131n\u0131n 8 ay\u0131 a\u015fk\u0131n s\u00fcredir cezaevinde bulunduklar\u0131n\u0131 ve savunmalar\u0131n\u0131n dahi al\u0131nmad\u0131\u011f\u0131n\u0131 belirterek, &#8220;adaleti mumla ar\u0131yoruz&#8221; dediler.<!--more--><\/p>\n<p style=\"text-align: justify;\">\u0130stanbul Haber Servisi- Ba\u011fdat Caddesi\u2019nde toplanan platform \u00fcyeleri ad\u0131na a\u00e7\u0131klama \u015eimay \u00c7etin, tutuklu subaylar\u0131n sahte bilgisayar \u00e7\u0131kt\u0131lar\u0131 kan\u0131t g\u00f6sterilerek tutukland\u0131klar\u0131n\u0131 belirterek, \u2018\u2018bizler san\u0131k yak\u0131nlar\u0131 olarak adalete inanc\u0131m\u0131z\u0131 her ge\u00e7en g\u00fcn kaybediyoruz\u201d dedi.<\/p>\n<p style=\"text-align: justify;\"><a href=\"http:\/\/www.cumhuriyet.com.tr\/?hn=285648&amp;kw=%22Adaleti+mumla+ar%FDyoruz%22\" target=\"_blank\">Kaynak : Cumhuriyet Haber Portal\u0131<\/a><\/p>\n","protected":false},"excerpt":{"rendered":"<p style=\"text-align: center;\">\n<p style=\"text-align: justify;\">&#8220;Balyoz Plan\u0131 Davas\u0131&#8221;nda tutuklu bulunan subay yak\u0131nlar\u0131n\u0131n olu\u015fturdu\u011fu &#8220;Vardiya Bizde Platformu&#8221; \u00fcyeleri, dava kapsam\u0131nda tutuklu bulunan yak\u0131nlar\u0131n\u0131n 8 ay\u0131 a\u015fk\u0131n s\u00fcredir cezaevinde bulunduklar\u0131n\u0131 ve savunmalar\u0131n\u0131n dahi al\u0131nmad\u0131\u011f\u0131n\u0131 belirterek, &#8220;adaleti mumla ar\u0131yoruz&#8221; dediler.<\/p>\n","protected":false},"author":1,"featured_media":0,"comment_status":"open","ping_status":"open","sticky":false,"template":"","format":"standard","meta":{"footnotes":""},"categories":[105],"tags":[],"class_list":["post-41224","post","type-post","status-publish","format-standard","hentry","category-gundem","odd"],"_links":{"self":[{"href":"http:\/\/www.korhanyilmaz.com\/index.php?rest_route=\/wp\/v2\/posts\/41224","targetHints":{"allow":["GET"]}}],"collection":[{"href":"http:\/\/www.korhanyilmaz.com\/index.php?rest_route=\/wp\/v2\/posts"}],"about":[{"href":"http:\/\/www.korhanyilmaz.com\/index.php?rest_route=\/wp\/v2\/types\/post"}],"author":[{"embeddable":true,"href":"http:\/\/www.korhanyilmaz.com\/index.php?rest_route=\/wp\/v2\/users\/1"}],"replies":[{"embeddable":true,"href":"http:\/\/www.korhanyilmaz.com\/index.php?rest_route=%2Fwp%2Fv2%2Fcomments&post=41224"}],"version-history":[{"count":0,"href":"http:\/\/www.korhanyilmaz.com\/index.php?rest_route=\/wp\/v2\/posts\/41224\/revisions"}],"wp:attachment":[{"href":"http:\/\/www.korhanyilmaz.com\/index.php?rest_route=%2Fwp%2Fv2%2Fmedia&parent=41224"}],"wp:term":[{"taxonomy":"category","embeddable":true,"href":"http:\/\/www.korhanyilmaz.com\/index.php?rest_route=%2Fwp%2Fv2%2Fcategories&post=41224"},{"taxonomy":"post_tag","embeddable":true,"href":"http:\/\/www.korhanyilmaz.com\/index.php?rest_route=%2Fwp%2Fv2%2Ftags&post=41224"}],"curies":[{"name":"wp","href":"https:\/\/api.w.org\/{rel}","templated":true}]}}