{"id":41220,"date":"2011-10-15T22:22:48","date_gmt":"2011-10-15T19:22:48","guid":{"rendered":"http:\/\/www.korhanyilmaz.com\/?p=41220"},"modified":"2011-10-16T01:24:56","modified_gmt":"2011-10-15T22:24:56","slug":"gencler-kostebek-istifa-dedi","status":"publish","type":"post","link":"http:\/\/www.korhanyilmaz.com\/?p=41220","title":{"rendered":"Gen\u00e7ler &#8216;k\u00f6stebek istifa&#8217; dedi"},"content":{"rendered":"<p style=\"text-align: center;\"><a href=\"http:\/\/www.korhanyilmaz.com\/wp-content\/uploads\/2011\/10\/8094.jpg\"  class=\"lightview\"><img loading=\"lazy\" decoding=\"async\" class=\"aligncenter  wp-image-41221\" src=\"http:\/\/www.korhanyilmaz.com\/wp-content\/uploads\/2011\/10\/8094.jpg\" alt=\"\" width=\"366\" height=\"275\" \/><\/a><\/p>\n<p style=\"text-align: justify;\">&#8221;Ba\u015fbakan Yard\u0131mc\u0131s\u0131 Be\u015fir Atalay&#8217;a istifa&#8221; \u00e7a\u011fr\u0131s\u0131nda bulunarak Ba\u015fbakanl\u0131\u011fa y\u00fcr\u00fcmek isteyen CHP&#8217;li bir grup gence, polis izin vermedi.<\/p>\n<p style=\"text-align: justify;\">Ankara- CHP&#8217;li bir grup gen\u00e7, Ankara \u0130l Ba\u015fkanl\u0131\u011f\u0131 \u00f6n\u00fcnde toplanarak, &#8221;k\u00f6stebek istifa&#8221;, &#8221;Be\u015fir istifa&#8221;, &#8221;k\u00f6stebekler mecliste, \u00f6\u011frenciler hapiste&#8221;, &#8221;susma hayk\u0131r, h\u0131rs\u0131zlara hay\u0131r&#8221; \u015feklinde sloganlar atarak, &#8221;k\u00f6stebek&#8221; yaz\u0131l\u0131 d\u00f6vizler ta\u015f\u0131d\u0131lar.\u00a0<!--more--><\/p>\n<p style=\"text-align: justify;\">Burada grup ad\u0131na konu\u015fan CHP Gen\u00e7lik Kollar\u0131 Genel Ba\u015fkan\u0131 \u0130rfan \u0130nan\u00e7 Y\u0131ld\u0131z, &#8221;Deniz Feneri yolsuzlu\u011funun 3 y\u0131ldan bu yana \u00fclke g\u00fcndemini i\u015fgal etti\u011fini&#8221; belirterek, &#8221;Deniz feneri yolsuzlu\u011fu art\u0131k bir vaka olmaktan \u00e7\u0131km\u0131\u015f, bir doland\u0131r\u0131c\u0131l\u0131k masal\u0131na d\u00f6n\u00fc\u015fm\u00fc\u015ft\u00fcr&#8221; dedi.<\/p>\n<p style=\"text-align: justify;\">Se\u00e7imden bir g\u00fcn \u00f6nce \u0130stanbul&#8217;da ger\u00e7ekle\u015ftirdikleri eylemin hakl\u0131l\u0131\u011f\u0131n\u0131n bug\u00fcn ortaya \u00e7\u0131kt\u0131\u011f\u0131n\u0131 savunan Y\u0131ld\u0131z, s\u00f6zlerini \u015f\u00f6yle s\u00fcrd\u00fcrd\u00fc:<\/p>\n<p style=\"text-align: justify;\">&#8221;H\u00fck\u00fcmet, Deniz Feneri yolsuzlu\u011funun avukatl\u0131\u011f\u0131 ile de yetinmemektedir. Kamu stat\u00fcs\u00fc vermek istedi\u011fi Deniz Feneri&#8217;ni b\u00fct\u00fcn siyasi rant meselelerinin finans\u00f6r\u00fc haline getirerek, aleni olarak h\u0131rs\u0131zl\u0131\u011f\u0131 \u00fcstlenmi\u015ftir. Milyarca dolar avro birilerinin cebine inmi\u015f, bu yolsuzluklar ba\u015fka \u00fclkelerin hukuk sistemleri taraf\u0131ndan tescillenmi\u015ftir. Bu derne\u011fi TBMM de \u00dcst\u00fcn Hizmet Madalyas\u0131na lay\u0131k g\u00f6rm\u00fc\u015ft\u00fc. Ba\u015fbakan Yard\u0131mc\u0131s\u0131 Be\u015fir Atalay&#8217;a sesleniyoruz. Sana bir g\u00fcn m\u00fcddet veriyoruz. Git K\u0131z\u0131lcahamam&#8217;da m\u0131 d\u00fc\u015f\u00fcn\u00fcrs\u00fcn, evine mi gidersin, Recep Bey&#8217;e mi sorars\u0131n oras\u0131n\u0131 bilemiyoruz. Ya pazartesi g\u00fcn\u00fc istifa edersin ya da CHP gen\u00e7li\u011fi senin boynuna \u00fcst\u00fcn k\u00f6stebek ya da \u00fcst\u00fcn pi\u015fkinlik madalyas\u0131n\u0131 er ya da ge\u00e7 takar.&#8221;<\/p>\n<p style=\"text-align: justify;\">CHP&#8217;li grup, daha sonra ellerindeki siyah \u00e7elenkle Ba\u015fbakanl\u0131\u011fa y\u00fcr\u00fcmek istedi. Polisin izin vermemesi \u00fczerine grup, \u00e7elengi Kumrular Soka\u011f\u0131&#8217;n\u0131n ba\u015f\u0131na b\u0131rakt\u0131.<\/p>\n<p style=\"text-align: justify;\">Eyleme, CHP Genel Ba\u015fkan Yard\u0131mc\u0131s\u0131 G\u00f6khan G\u00fcnayd\u0131n, CHP Ankara Milletvekili Levent G\u00f6k ve CHP Ankara il Ba\u015fkan\u0131 Zeki Al\u00e7\u0131n da destek verdi.<\/p>\n<p style=\"text-align: justify;\"><a href=\"http:\/\/www.cumhuriyet.com.tr\/?hn=285638&amp;kw=Gen%E7ler+'k%F6stebek+istifa'+dedi\" target=\"_blank\">Kaynak : Cumhuriyet Haber Portal\u0131<\/a><\/p>\n","protected":false},"excerpt":{"rendered":"<p style=\"text-align: center;\">\n<p style=\"text-align: justify;\">&#8221;Ba\u015fbakan Yard\u0131mc\u0131s\u0131 Be\u015fir Atalay&#8217;a istifa&#8221; \u00e7a\u011fr\u0131s\u0131nda bulunarak Ba\u015fbakanl\u0131\u011fa y\u00fcr\u00fcmek isteyen CHP&#8217;li bir grup gence, polis izin vermedi.<\/p>\n<p style=\"text-align: justify;\">Ankara- CHP&#8217;li bir grup gen\u00e7, Ankara \u0130l Ba\u015fkanl\u0131\u011f\u0131 \u00f6n\u00fcnde toplanarak, &#8221;k\u00f6stebek istifa&#8221;, &#8221;Be\u015fir istifa&#8221;, &#8221;k\u00f6stebekler mecliste, \u00f6\u011frenciler hapiste&#8221;, &#8221;susma hayk\u0131r, h\u0131rs\u0131zlara hay\u0131r&#8221; \u015feklinde sloganlar atarak, &#8221;k\u00f6stebek&#8221; yaz\u0131l\u0131 d\u00f6vizler ta\u015f\u0131d\u0131lar. <\/p>\n","protected":false},"author":1,"featured_media":0,"comment_status":"open","ping_status":"open","sticky":false,"template":"","format":"standard","meta":{"footnotes":""},"categories":[105],"tags":[],"class_list":["post-41220","post","type-post","status-publish","format-standard","hentry","category-gundem","odd"],"_links":{"self":[{"href":"http:\/\/www.korhanyilmaz.com\/index.php?rest_route=\/wp\/v2\/posts\/41220","targetHints":{"allow":["GET"]}}],"collection":[{"href":"http:\/\/www.korhanyilmaz.com\/index.php?rest_route=\/wp\/v2\/posts"}],"about":[{"href":"http:\/\/www.korhanyilmaz.com\/index.php?rest_route=\/wp\/v2\/types\/post"}],"author":[{"embeddable":true,"href":"http:\/\/www.korhanyilmaz.com\/index.php?rest_route=\/wp\/v2\/users\/1"}],"replies":[{"embeddable":true,"href":"http:\/\/www.korhanyilmaz.com\/index.php?rest_route=%2Fwp%2Fv2%2Fcomments&post=41220"}],"version-history":[{"count":0,"href":"http:\/\/www.korhanyilmaz.com\/index.php?rest_route=\/wp\/v2\/posts\/41220\/revisions"}],"wp:attachment":[{"href":"http:\/\/www.korhanyilmaz.com\/index.php?rest_route=%2Fwp%2Fv2%2Fmedia&parent=41220"}],"wp:term":[{"taxonomy":"category","embeddable":true,"href":"http:\/\/www.korhanyilmaz.com\/index.php?rest_route=%2Fwp%2Fv2%2Fcategories&post=41220"},{"taxonomy":"post_tag","embeddable":true,"href":"http:\/\/www.korhanyilmaz.com\/index.php?rest_route=%2Fwp%2Fv2%2Ftags&post=41220"}],"curies":[{"name":"wp","href":"https:\/\/api.w.org\/{rel}","templated":true}]}}