{"id":41216,"date":"2011-10-15T18:43:47","date_gmt":"2011-10-15T15:43:47","guid":{"rendered":"http:\/\/www.korhanyilmaz.com\/?p=41216"},"modified":"2011-10-16T01:18:10","modified_gmt":"2011-10-15T22:18:10","slug":"yere-batsin-devletiniz","status":"publish","type":"post","link":"http:\/\/www.korhanyilmaz.com\/?p=41216","title":{"rendered":"&#8216;Yere bats\u0131n devletiniz&#8217;"},"content":{"rendered":"<p style=\"text-align: center;\"><a href=\"http:\/\/www.korhanyilmaz.com\/wp-content\/uploads\/2011\/10\/8093.jpg\"  class=\"lightview\"><img loading=\"lazy\" decoding=\"async\" class=\"aligncenter  wp-image-41217\" src=\"http:\/\/www.korhanyilmaz.com\/wp-content\/uploads\/2011\/10\/8093.jpg\" alt=\"\" width=\"396\" height=\"180\" \/><\/a><\/p>\n<p style=\"text-align: justify;\">12 Haziran se\u00e7imlerine ba\u011f\u0131ms\u0131z adaylarla giren Emek, Demokrasi ve \u00d6zg\u00fcrl\u00fck Blo\u011fu\u2019nun olu\u015fturdu\u011fu Kongre Giri\u015fimi&#8217;nin kurultay\u0131 ba\u015flad\u0131. \u00d6calan&#8217;\u0131n \u00e7a\u011fr\u0131s\u0131yla toplanan ve 13 dilde pankartlar\u0131n as\u0131ld\u0131\u011f\u0131 kongrede &#8220;ortak m\u00fccadele&#8221;nin \u00f6nemine de\u011finen konu\u015fmalar yap\u0131ld\u0131. \u201c\u00c7ocu\u011fuma b\u0131rakaca\u011f\u0131m en \u00f6nemli miras bu giri\u015fimin \u00e7a\u011fr\u0131c\u0131lar\u0131 aras\u0131nda yer almakt\u0131r, kimseyi dayaktan ge\u00e7irmeyece\u011fiz\u201d diyen BDP \u0130stanbul Milletvekili S\u0131rr\u0131 \u00d6nder \u00d6nder \u201cEfendim yeni bir devlet tasavvur ediyormu\u015fuz. Eskisinden ne g\u00f6rd\u00fck ki arkas\u0131ndan a\u011flayal\u0131m. Yere bats\u0131n sizin devletiniz.\u201d dedi.\u00a0<!--more--><\/p>\n<p style=\"text-align: justify;\">ANKARA \u2013 12 Haziran se\u00e7imlerine ba\u011f\u0131ms\u0131z adaylarla giren Emek, Demokrasi ve \u00d6zg\u00fcrl\u00fck Blo\u011fu\u2019nun olu\u015fturdu\u011fu Kongre Giri\u015fimi&#8217;nin kurultay\u0131 ba\u015flad\u0131. PKK lideri \u00d6calan&#8217;\u0131n \u00e7a\u011fr\u0131s\u0131 ile toplanan 13 dilde pankartlar\u0131n as\u0131ld\u0131\u011f\u0131 kongrede &#8220;ortak m\u00fccadele&#8221;nin, &#8220;yeni bir muhalefet&#8221; olu\u015fturman\u0131n \u00f6nemine de\u011finen konu\u015fmalar yap\u0131ld\u0131. \u201c\u00c7ocu\u011fuma b\u0131rakaca\u011f\u0131m en \u00f6nemli miras bu giri\u015fimin \u00e7a\u011fr\u0131c\u0131lar\u0131 aras\u0131nda yer almakt\u0131r\u201d diyen BDP \u0130stanbul Milletvekili S\u0131rr\u0131 \u00d6nder \u00d6nder, KCK tutuklamalar\u0131n\u0131 ele\u015ftirdi. \u00d6nder, \u201cEfendim yeni bir devlet tasavvur ediyormu\u015fuz. Eskisinden ne g\u00f6rd\u00fck ki arkas\u0131ndan a\u011flayal\u0131m. Yere bats\u0131n sizin devlettiniz. Elbette ki yeni bir sistem yarataca\u011f\u0131z\u201d dedi.<\/p>\n<p style=\"text-align: justify;\"><strong>A\u00c7ILI\u015e ERTU\u011eRUL K\u00dcRK\u00c7\u00dc&#8217;DEN<\/strong><\/p>\n<p style=\"text-align: justify;\">Kongrenin a\u00e7\u0131l\u0131\u015f konu\u015fmas\u0131n\u0131 BDP Mersin Milletvekili Ertu\u011frul K\u00fcrk\u00e7\u00fc yapt\u0131. Salondakileri T\u00fcrk\u00e7e, K\u00fcrt\u00e7e ve Arap\u00e7a selamlayan K\u00fcrk\u00e7\u00fc, \u201cHerkesi bir araya getirmek\u201d istediklerini ifade etti, \u201cB\u00fct\u00fcn bunlara hayat veren K\u00fcrt \u00f6zg\u00fcrl\u00fck m\u00fccadelesini asla ve asla unutmuyoruz, onun ba\u015f e\u011fmez m\u00fccadelesini, sava\u015f\u00e7\u0131lar\u0131n\u0131 sayg\u0131yla selaml\u0131yoruz. Ama sadece onunla de\u011fil, T\u00fcrkiye\u2019de ya\u015fayan b\u00fct\u00fcn halklarla birlikte kendimiz gibi ya\u015famak kendimizin efendisi olmak i\u00e7in yola \u00e7\u0131k\u0131yoruz\u201d dedi. Haklar\u0131n m\u00fccadelesinin ka\u00e7\u0131n\u0131lmaz bir \u015fekilde emek\u00e7ileri bir araya getirdi\u011fini, yak\u0131nla\u015ft\u0131rd\u0131\u011f\u0131n\u0131 ifade eden K\u00fcrk\u00e7\u00fc, \u201cK\u00fcrd\u00fcn hakk\u0131 i\u00e7in sava\u015fmayana, arab\u0131n, Yezidinin, Rumun, Ermeninin hakk\u0131 i\u00e7in sava\u015fmayana sosyalist denmez, sosyalist b\u00fct\u00fcn ezilenlerin dilinde d\u00fc\u015f\u00fcnmek, onlar\u0131n hayat hakk\u0131n\u0131 tan\u0131makla m\u00fckelleftir\u201d dedi. K\u00fcrk\u00e7\u00fc \u015f\u00f6yle devam etti:<\/p>\n<p style=\"text-align: justify;\">\u201cDemokratik \u00f6zerklikle b\u00fct\u00fcn y\u00f6reler b\u00fct\u00fcn iller kendi kendini y\u00f6netecek, bunlar tan\u0131na kadar \u00f6zg\u00fcrl\u00fck kazanm\u0131\u015f olmayacak. Bize bu perspektifi kazand\u0131rd\u0131klar\u0131 bu m\u00fccadele azmini a\u015f\u0131lad\u0131klar\u0131 i\u00e7in K\u00fcrt halk\u0131n\u0131n m\u00fccadelesinin \u00f6n\u00fcnde sayg\u0131yla e\u011filiyoruz.&#8221;<\/p>\n<p style=\"text-align: justify;\"><strong>\u201cT\u00dcRK\u0130YE\u2019N\u0130N Y\u00dcZDE 99\u2019U M\u00dcSL\u00dcMAN, HURAFE\u201d<\/strong><\/p>\n<p style=\"text-align: justify;\">T\u00fcrkiye&#8217;nin y\u00fczde 99&#8217;unun m\u00fcsl\u00fcmanlardan olu\u015ftu\u011funu s\u00f6ylemenin bir hurafe oldu\u011funu savunan K\u00fcrk\u00e7\u00fc, Alevi m\u00fccadelesini ve di\u011fer dini az\u0131nl\u0131k m\u00fccadelelerini de sahiplendiklerini s\u00f6yledi. Muhalefeti CHP ve di\u011fer muhalif g\u00fc\u00e7lere b\u0131rakamayacaklar\u0131n\u0131 belirten K\u00fcrk\u00e7\u00fc, &#8220;Ya kendimize bir yol bulmak ya da bir yol yapmak zorunday\u0131z\u201d dedi. K\u00fcrk\u00e7\u00fc konu\u015fmas\u0131n\u0131 \u2018ba\u015far\u0131\u2019 anlam\u0131na gelen \u201cya serkeftin ya serkeftin\u201d slogan\u0131yla bitirdi.<\/p>\n<p style=\"text-align: justify;\"><strong>KI\u015eANAK: \u201cORTAK M\u00dcCADELE \u015eART\u201d<\/strong><\/p>\n<p style=\"text-align: justify;\">BDP Genel Ba\u015fkan Yard\u0131mc\u0131s\u0131 G\u00fcltan K\u0131\u015fanak yapt\u0131\u011f\u0131 konu\u015fmada kongredeki renklili\u011fe dikkat \u00e7ekerek, \u201cBu renklilik ya\u015f\u0131yor olsayd\u0131, T\u00fcrkiye bug\u00fcn bu durumda olmayacakt\u0131\u201d dedi. D\u00fcnya\u2019da ve T\u00fcrkiye\u2019de \u00e7ok \u00f6nemli yeni geli\u015fmeler ya\u015fand\u0131\u011f\u0131n\u0131 belirten K\u0131\u015fanak, bunun i\u00e7in ortak m\u00fccadele gereklili\u011fine dikkat \u00e7ekerek, \u201cBunu ba\u015farmaktan ba\u015fka \u015fans\u0131m\u0131z yok\u201d dedi.<\/p>\n<p style=\"text-align: justify;\"><strong>\u00d6NDER: &#8220;K\u0130MSEY\u0130 DAYAKTAN GE\u00c7\u0130RMEYECE\u011e\u0130Z&#8221;<\/strong><\/p>\n<p style=\"text-align: justify;\">BDP \u0130stanbul Milletvekili S\u0131rr\u0131 S\u00fcreya \u00d6nder, herkesi \u201cd\u00fcnyan\u0131n b\u00fct\u00fcn dillerinde\u201d selamlad\u0131\u011f\u0131n\u0131 belirterek konu\u015fmas\u0131na ba\u015flad\u0131. 9 sayfal\u0131k konu\u015fma haz\u0131rlad\u0131\u011f\u0131n\u0131 ancak Ertu\u011frul K\u00fcrk\u00e7\u00fc\u2019n\u00fcn hepsini s\u00f6yledi\u011fini anlatan \u00d6nder, \u201cSormu\u015flar ne istiyorsun, so\u011fan c\u00fcc\u00fc\u011f\u00fc demi\u015f, di\u011ferine sormu\u015flar &#8216;e bana bir \u015fey kalmad\u0131&#8217; demi\u015f&#8217; dedi. \u201c\u00c7ocu\u011fuma b\u0131rakaca\u011f\u0131m en \u00f6nemli miras bu giri\u015fimin \u00e7a\u011fr\u0131c\u0131lar\u0131 aras\u0131nda yer almakt\u0131r\u201d diyen \u00d6nder, 10\u2019lu ya\u015flar\u0131nda devrimcilerin lime lime do\u011franmas\u0131na \u00f6ld\u00fcr\u00fclmesine tan\u0131kl\u0131k etti\u011fini ve devrimcili\u011fi onlardan \u00f6\u011frendiklerini belirterek, \u201cBize bu ilham\u0131 veren insanlarla, Ertu\u011frul K\u00fcrk\u00e7\u00fc, Ahmet T\u00fcrk, Leyla Zana ile ayn\u0131 \u00e7at\u0131 alt\u0131nda siyaset yapmak onur i\u00e7ermektedir\u201d dedi. Ermenilerin bu \u00fclkede ilk dayan yiyen halk oldu\u011funu ve buna seyirci kalan b\u00fct\u00fcn kesimlerinde daha sonra s\u0131ra daya\u011f\u0131ndan ge\u00e7irildi\u011fini ifade eden \u00d6nder, \u201cKimseyi dayaktan ge\u00e7irtmeyece\u011fiz\u201d dedi.<\/p>\n<p style=\"text-align: justify;\">Ba\u015fbakan ve \u0130\u00e7i\u015fleri Bakan\u0131na Kongre ad\u0131na seslenen \u00d6nder, \u00e7evre \u00fclkelerle vizenin kald\u0131r\u0131lmas\u0131ndan dolay\u0131 te\u015fekk\u00fcr etti, \u201cAma yeni vizeler koydular, K\u00fcrtler Bursa&#8217;ya giremiyor. K\u00fcrtler buradan ge\u00e7emez, halk galeyana gelir diyorlar. Yar\u0131n \u00f6b\u00fcr g\u00fcn \u0130zmir&#8217;e gidersek, ya m\u00fcmk\u00fcnse sapa yoldan ge\u00e7in halk galeyana gelir diyorlar. Kaba bir tabirle e\u015fe\u011fin akl\u0131na karpuz kabu\u011fu d\u00fc\u015f\u00fcr\u00fcyorlar halklar\u0131 bir birine d\u00fc\u015fman ediyorlar. Her \u015feye ra\u011fmen ya\u015fas\u0131n haklar\u0131n \u00f6zg\u00fcr karde\u015fli\u011fi&#8221; dedi.<\/p>\n<p style=\"text-align: justify;\"><strong>\u201cYERE BATSIN DEVLET\u0130N\u0130Z\u201d<\/strong><\/p>\n<p style=\"text-align: justify;\">\u201cSolun T\u00fcrk\u00fc K\u00fcrd\u00fc olmaz\u201d s\u00f6z\u00fcn\u00fcn sahibi Say\u0131n \u00d6calan&#8217;\u0131 buradan selaml\u0131yorum\u201d diyen \u00d6nder, \u201cKar\u015f\u0131n\u0131zda \u00f6rg\u00fct\u00fc olmayan bir vekil olarak duruyorum. Birlikte se\u00e7im \u00e7al\u0131\u015fmas\u0131 y\u00fcr\u00fctt\u00fc\u011f\u00fcm\u00fcz il ve il\u00e7e y\u00f6neticilerinden bir tanesi bile d\u0131\u015far\u0131da yok. Hepsi KCK ad\u0131na i\u00e7eri t\u0131kad\u0131lar. Efendim yeni bir devlet tasavvur ediyormu\u015fuz. Eskisinden ne g\u00f6rd\u00fck ki arkas\u0131ndan a\u011flayal\u0131m. Yere bats\u0131n sizin devlettiniz. Elbette ki yeni bir sistem yarataca\u011f\u0131z\u201d dedi.\u201d<\/p>\n<p style=\"text-align: justify;\"><strong>AHMET T\u00dcRK, \u201cKONGREY\u0130 &#8216;Z\u0130NC\u0130RLER\u0130 KIRMAYA BA\u015eLADI\u011eIMIZ G\u00dcN&#8217; \u0130LAN ETMEL\u0130Y\u0130Z\u201d<\/strong><\/p>\n<p style=\"text-align: justify;\">Uzun y\u0131llard\u0131r i\u00e7inde bulundu\u011fu siyasette, sevin\u00e7 duydu\u011fu ve umutland\u0131\u011f\u0131 az g\u00fcn ya\u015fad\u0131\u011f\u0131n\u0131 anlatan Ahmet T\u00fcrk, \u201cBug\u00fcn \u00e7ok mutluyum, \u00e7\u00fcnk\u00fc burada T\u00fcrkiye\u2019nin foto\u011fraf\u0131n\u0131 g\u00f6rd\u00fcm. \u0130\u015fte tarif etmek istedi\u011fimiz \u00f6zledi\u011fimiz T\u00fcrkiye bu. Biz bunu istiyoruz. Halklar\u0131n karde\u015fli\u011fi dayan\u0131\u015fma aray\u0131\u015f\u0131 i\u00e7indeyiz. Bug\u00fcn bu foto\u011fraf \u015fahsen beni \u00e7ok mutlu etmi\u015ftir\u201d dedi. Halk\u0131n g\u00fcc\u00fcne dikkat \u00e7eken T\u00fcrk, \u201cSistemin bizi ezmesine izin vermeyiz. G\u00fc\u00e7l\u00fcy\u00fcz, \u00e7\u00fcnk\u00fc halk\u0131z. Bize ra\u011fmen bizi y\u00f6netiyorlar. Bu halklar i\u00e7in b\u00fcy\u00fck bir ay\u0131pt\u0131r. Bu giri\u015fimle bug\u00fcn\u00fc zincirleri k\u0131racak bir g\u00fcn olarak ilan etmeliyiz. Kongreye ba\u015far\u0131lar diliyor, bu karar\u0131ndan dolay\u0131 kutluyoruz\u201d dedi. Bin y\u0131ll\u0131k karde\u015fli\u011fin K\u00fcrtler i\u00e7in bir takiyye olmad\u0131\u011f\u0131n\u0131, birlikte ya\u015fama kararl\u0131l\u0131\u011f\u0131n\u0131 ortaya koyduklar\u0131n\u0131 anlatan T\u00fcrk, bu duru\u015fun T\u00fcrkleri \u00f6zg\u00fcrle\u015ftirece\u011fine, T\u00fcrklerin \u00f6zg\u00fcrle\u015fmesinin de K\u00fcrtleri \u00f6zg\u00fcrle\u015ftirece\u011fine inand\u0131\u011f\u0131n\u0131 s\u00f6yledi.<\/p>\n<p style=\"text-align: justify;\"><strong>\u201cKONFEDERAL\u0130ZM HALKLARIN \u00d6ZG\u00dcRL\u00dcK PROJES\u0130\u201d<\/strong><\/p>\n<p style=\"text-align: justify;\">Halklar\u0131n \u00f6zg\u00fcrle\u015fmesi i\u00e7in ortak bir m\u00fccadele hatt\u0131 olu\u015fturulmas\u0131 gerekti\u011fini ifade eden T\u00fcrk, \u201cKonfederalizm, halklar\u0131 \u00f6zg\u00fcrle\u015ftirecek, ortak geleceklerini belirleme, d\u00fcnyadaki emperyalist sisteme kar\u015f\u0131 halklar\u0131n g\u00fcc\u00fcn\u00fc ortaya \u00e7\u0131karmaya y\u00f6nelik bir siyaset anlay\u0131\u015f\u0131d\u0131r. Biz kendi kaderimizi belirleyece\u011fiz, \u00f6zg\u00fcrl\u00fc\u011f\u00fc kimseye b\u0131rakmayaca\u011f\u0131z kendimiz yarataca\u011f\u0131z\u201d dedi.<\/p>\n<p style=\"text-align: justify;\"><strong>KI\u015eANAK: \u201cBDP\u2019Y\u0130 SA\u00c7MA SAPAN OYUNLARLA KAPATAMAZLAR\u201d<\/strong><\/p>\n<p style=\"text-align: justify;\">BDP Genel Ba\u015fkan Yard\u0131mc\u0131s\u0131 G\u00fcltan K\u0131\u015fanak, gazetecilerin BDP&#8217;nin kapat\u0131lma giri\u015fimine ili\u015fkin sorular\u0131n\u0131 yan\u0131tlad\u0131. K\u0131\u015fanak, \u201cYakla\u015f\u0131k 3.5 milyon insandan oy al\u0131yoruz. Bu 3.5 milyon insan\u0131n oyu birileri i\u00e7in de\u011ferli g\u00f6r\u00fcnmeyebilir ama demokrasinin bir kriteridir bu. Bunun tersine d\u00fc\u015f\u00fcnenlere yaz\u0131klar olsun\u201d diye tepki g\u00f6sterdi. KCK operasyonunu \u2018senaryo\u2019 olarak nitelendiren K\u0131\u015fanak \u015funlar\u0131 s\u00f6yledi:<\/p>\n<p style=\"text-align: justify;\">\u201cBunu y\u0131llard\u0131r anlatmaya \u00e7al\u0131\u015f\u0131yoruz. KCK silahl\u0131 bir \u00f6rg\u00fctse i\u00e7erideki 5 bin insan\u0131n \u00fczerinde hangisinin \u00fczerinde silah \u00e7\u0131km\u0131\u015f, a\u00e7\u0131klas\u0131nlar. Be\u011fenmedikleri d\u00fc\u015f\u00fcnceyi silahl\u0131 ter\u00f6r \u00f6rg\u00fct\u00fc diye lanse etmeye kimsenin hakk\u0131 yoktur. \u2018Biz demokratik \u00f6zerkli\u011fi be\u011fenmiyoruz, anadilde e\u011fitim talebini be\u011fenmiyoruz\u2019 diyerek \u2018G\u00fcltan K\u0131\u015fanak\u2019\u0131 su\u00e7larsan\u0131z amenna. 2009 y\u0131l\u0131ndan bu yana KCK ad\u0131na y\u00fcr\u00fctt\u00fckleri b\u00fct\u00fcn operasyonlarda bir \u00e7ak\u0131 dahi bulunmam\u0131\u015ft\u0131r. \u0130\u00e7eride 5 bin insan tutuklu, 18 belediye ba\u015fkan\u0131 5 milletvekili onlarca belediye meclis \u00fcyesi binlerce partili tutuklu. BDP\u2019yi be\u011fenmeyebilir, ele\u015ftirebilir, k\u0131zabilirler, ama bunu sa\u00e7ma sapan oyunlarla kapatt\u0131ramazlar, bu i\u00e7ine girdi\u011fimiz s\u00fcre\u00e7 bak\u0131m\u0131ndan sava\u015f\u0131 k\u0131\u015fk\u0131rtmak isteyen baz\u0131 odaklar\u0131n bir oyunu ve tertibidir.\u201d<\/p>\n<p style=\"text-align: justify;\"><strong>&#8220;KONGRE G\u0130R\u0130\u015e\u0130M\u0130&#8221;NDEN DEMOKRAT\u0130K \u00d6ZERKL\u0130\u011eE DESTEK<\/strong><\/p>\n<p style=\"text-align: justify;\">Emek ve Demokrasi Blo\u011fu\u2019nun da i\u00e7inde yer ald\u0131\u011f\u0131 \u201cKongre Giri\u015fimi\u201d Kurultay\u0131\u2019n\u0131n t\u00fcz\u00fc\u011f\u00fcnde anadilde e\u011fitim, uluslar\u0131n kendi kaderlerini tayin hakk\u0131, demokratik \u00f6zerklik, zorunlu askerli\u011fin kald\u0131r\u0131lmas\u0131 ve vicdani ret hakk\u0131n\u0131n tan\u0131nmas\u0131 talepleri yer ald\u0131. Kad\u0131nlar i\u00e7in ise y\u00fczde 50 kota konuldu.<\/p>\n<p style=\"text-align: justify;\">Kongre Giri\u015fimi Kurultay\u0131\u2019nda t\u00fcz\u00fck tasla\u011f\u0131 delegelerin g\u00f6r\u00fc\u015flerine sunuldu. Delegelerin \u00f6nerileriyle yeniden \u015fekillenen taslakta, bir araya getirilen \u201cKongre\u201dnin tan\u0131m\u0131 \u015f\u00f6yle yap\u0131ld\u0131:<\/p>\n<p style=\"text-align: justify;\">\u201cKongre, t\u00fcm ezilenlerin ve s\u00f6m\u00fcr\u00fclenlerin; d\u0131\u015flanan ve yok say\u0131lan b\u00fct\u00fcn halklar\u0131n ve inan\u00e7 topluluklar\u0131n\u0131n, kad\u0131nlar\u0131n, i\u015f\u00e7ilerin, emek\u00e7ilerin, k\u00f6yl\u00fclerin, gen\u00e7lerin, i\u015fsizlerin, emeklilerin, engellilerin, LGBT bireylerin, g\u00f6\u00e7menlerin, ya\u015fam alanlar\u0131 tahrip edilenlerin; her t\u00fcrden bask\u0131, s\u00f6m\u00fcr\u00fc ve ayr\u0131mc\u0131l\u0131\u011f\u0131 ortadan kald\u0131rmak ve insanca bir ya\u015fam\u0131 kurmak \u00fczere bir araya geldi\u011fi ortak bir dayan\u0131\u015fma ve m\u00fccadele zeminidir.\u201d<\/p>\n<p style=\"text-align: justify;\"><strong>&#8220;ULUSLARIN KEND\u0130 KADERLER\u0130N\u0130 TAY\u0130N HAKKI&#8221; \u0130STEND\u0130<\/strong><\/p>\n<p style=\"text-align: justify;\">Kongre\u2019nin m\u00fccadele edece\u011fi alanlar\u0131n i\u00e7inde dikkat \u00e7eken ba\u015fl\u0131klar ise \u015fu maddelerden olu\u015ftu:<\/p>\n<p style=\"text-align: justify;\">-T\u00fcrkiye\u2019de ya\u015fayan t\u00fcm halklar\u0131n demokratik temelli siyasal hak taleplerinin tan\u0131nmas\u0131; ba\u015fta anadilinde e\u011fitim hakk\u0131n\u0131n sa\u011flanmas\u0131 gelmek \u00fczere kimlik ve k\u00fclt\u00fcrlerinin korunmas\u0131 ve geli\u015ftirilmesi y\u00f6n\u00fcnde gerekli m\u00fccadeleyi y\u00fcr\u00fctmek.<\/p>\n<p style=\"text-align: justify;\">-D\u0131\u015flanan ve ayr\u0131mc\u0131l\u0131\u011fa m\u00e2ruz kalan t\u00fcm inan\u00e7 topluluklar\u0131n\u0131n ve inanmayanlar\u0131n d\u00fc\u015f\u00fcnce, ifade, vicdan ve ibadet \u00f6zg\u00fcrl\u00fcklerinin e\u015fit vatanda\u015fl\u0131k haklar\u0131 temelinde \u00e7\u00f6z\u00fcme kavu\u015fturulmas\u0131 i\u00e7in m\u00fccadele etmek.<\/p>\n<p style=\"text-align: justify;\">-Lezbiyen, gey, biseks\u00fcel ve trans bireylerin kamusal ve toplumsal ya\u015famda m\u00e2ruz kald\u0131klar\u0131 \u015fiddet, d\u0131\u015flanma, ayr\u0131mc\u0131l\u0131k, nefret su\u00e7u ve s\u00f6ylemlerine kar\u015f\u0131 m\u00fccadele geli\u015ftirmek.<\/p>\n<p style=\"text-align: justify;\">-Uluslar\u0131n kendi kaderlerini tayin hakk\u0131, \u00f6zg\u00fcr ve demokratik birliktelik ilkesi \u00e7er\u00e7evesinde, demokratik \u00f6zerklik de dahil olmak \u00fczere halklar\u0131n ihtiya\u00e7 duydu\u011fu \u00e7e\u015fitli y\u00f6netim bi\u00e7imlerinin tart\u0131\u015f\u0131lmas\u0131 ve hayata ge\u00e7irilmesi i\u00e7in m\u00fccadele geli\u015ftirmek.<\/p>\n<p style=\"text-align: justify;\">-Militarizme ve siyasi iktidarlar\u0131n bu do\u011frultudaki politikalar\u0131na kar\u015f\u0131, bar\u0131\u015f ve halklar\u0131n karde\u015fli\u011fi temelinde politikalar savunmay\u0131, zorunlu askerli\u011fin kald\u0131r\u0131lmas\u0131 ve vicdani ret hakk\u0131n\u0131n tan\u0131nmas\u0131 i\u00e7in m\u00fccadele vermek.<\/p>\n<p style=\"text-align: justify;\"><strong>KADINLARA Y\u00dcZDE 50 KOTA<\/strong><\/p>\n<p style=\"text-align: justify;\">Kongre giri\u015fimi t\u00fcz\u00fc\u011f\u00fcnde genel kurul olu\u015fumunda kad\u0131nlara y\u00fczde 50 kota uygulanmas\u0131, 27 ya\u015f ve alt\u0131nda olanlar i\u00e7in en az y\u00fczde 10 gen\u00e7lik kotas\u0131 uygulanmas\u0131 karar\u0131 verildi.<\/p>\n<p style=\"text-align: justify;\"><strong>HAK\u0130KATLER\u0130 ARA\u015eTIRMA KOM\u0130SYONU \u00d6NER\u0130LD\u0130<\/strong><\/p>\n<p style=\"text-align: justify;\">CHP\u2019nin \u00f6nerdi\u011fi BDP\u2019nin de destek verdi\u011fi ancak Meclis\u2019te kurulamayan Hakikatleri Ara\u015ft\u0131rma Komisyonu kurulmas\u0131 \u201cKongre Giri\u015fimi\u201d Kurultay\u0131\u2019nda da g\u00fcndeme geldi. BDP \u0130stanbul Milletvekili Sabahat Tuncel Hakikatleri Ara\u015ft\u0131rma ve Adalet Komisyonu kurulmas\u0131n\u0131, K\u00fcrt Sorunu isimli komisyonunun isminin ise Bar\u0131\u015f Komisyonu olarak de\u011fi\u015ftirilmesini istedi.<\/p>\n<p style=\"text-align: justify;\">Kongre t\u00fcz\u00fc\u011f\u00fcnde kad\u0131n, gen\u00e7lik, hukuk, ekonomi, uluslararas\u0131 ve b\u00f6lgesel sorunlar, antiemperyalizm ve enternasyonal dayan\u0131\u015fma, emek, e\u011fitim, sa\u011fl\u0131k, i\u015f\u00e7i sa\u011fl\u0131\u011f\u0131, engelliler, insan haklar\u0131, \u00e7ocuk haklar\u0131, k\u00fclt\u00fcr ve sanat, bilim, K\u00fcrt sorunu, inan\u00e7, yerel y\u00f6netimler, enerji ve ekoloji, ayr\u0131mc\u0131l\u0131\u011fa kar\u015f\u0131 m\u00fccadele, LGBT bireylerin sorunlar\u0131, hayvan haklar\u0131, \u00f6rg\u00fctlenme konular\u0131nda daima komisyonlar kurulmas\u0131 \u00f6nerileri yer ald\u0131.<\/p>\n<p style=\"text-align: justify;\"><a href=\"http:\/\/www.gazeteport.com.tr\/haber\/57859\/yere_batsin_devletiniz\" target=\"_blank\">Kaynak : GAZETEPORT<\/a><\/p>\n","protected":false},"excerpt":{"rendered":"<p style=\"text-align: center;\">\n<p style=\"text-align: justify;\">12 Haziran se\u00e7imlerine ba\u011f\u0131ms\u0131z adaylarla giren Emek, Demokrasi ve \u00d6zg\u00fcrl\u00fck Blo\u011fu\u2019nun olu\u015fturdu\u011fu Kongre Giri\u015fimi&#8217;nin kurultay\u0131 ba\u015flad\u0131. \u00d6calan&#8217;\u0131n \u00e7a\u011fr\u0131s\u0131yla toplanan ve 13 dilde pankartlar\u0131n as\u0131ld\u0131\u011f\u0131 kongrede &#8220;ortak m\u00fccadele&#8221;nin \u00f6nemine de\u011finen konu\u015fmalar yap\u0131ld\u0131. \u201c\u00c7ocu\u011fuma b\u0131rakaca\u011f\u0131m en \u00f6nemli miras bu giri\u015fimin \u00e7a\u011fr\u0131c\u0131lar\u0131 aras\u0131nda yer almakt\u0131r, kimseyi dayaktan ge\u00e7irmeyece\u011fiz\u201d diyen BDP \u0130stanbul Milletvekili S\u0131rr\u0131 <\/p>\n","protected":false},"author":1,"featured_media":0,"comment_status":"open","ping_status":"open","sticky":false,"template":"","format":"standard","meta":{"footnotes":""},"categories":[105],"tags":[],"class_list":["post-41216","post","type-post","status-publish","format-standard","hentry","category-gundem","odd"],"_links":{"self":[{"href":"http:\/\/www.korhanyilmaz.com\/index.php?rest_route=\/wp\/v2\/posts\/41216","targetHints":{"allow":["GET"]}}],"collection":[{"href":"http:\/\/www.korhanyilmaz.com\/index.php?rest_route=\/wp\/v2\/posts"}],"about":[{"href":"http:\/\/www.korhanyilmaz.com\/index.php?rest_route=\/wp\/v2\/types\/post"}],"author":[{"embeddable":true,"href":"http:\/\/www.korhanyilmaz.com\/index.php?rest_route=\/wp\/v2\/users\/1"}],"replies":[{"embeddable":true,"href":"http:\/\/www.korhanyilmaz.com\/index.php?rest_route=%2Fwp%2Fv2%2Fcomments&post=41216"}],"version-history":[{"count":0,"href":"http:\/\/www.korhanyilmaz.com\/index.php?rest_route=\/wp\/v2\/posts\/41216\/revisions"}],"wp:attachment":[{"href":"http:\/\/www.korhanyilmaz.com\/index.php?rest_route=%2Fwp%2Fv2%2Fmedia&parent=41216"}],"wp:term":[{"taxonomy":"category","embeddable":true,"href":"http:\/\/www.korhanyilmaz.com\/index.php?rest_route=%2Fwp%2Fv2%2Fcategories&post=41216"},{"taxonomy":"post_tag","embeddable":true,"href":"http:\/\/www.korhanyilmaz.com\/index.php?rest_route=%2Fwp%2Fv2%2Ftags&post=41216"}],"curies":[{"name":"wp","href":"https:\/\/api.w.org\/{rel}","templated":true}]}}