{"id":41211,"date":"2011-10-15T20:48:20","date_gmt":"2011-10-15T17:48:20","guid":{"rendered":"http:\/\/www.korhanyilmaz.com\/?p=41211"},"modified":"2011-10-16T00:56:28","modified_gmt":"2011-10-15T21:56:28","slug":"hakkari-karisti","status":"publish","type":"post","link":"http:\/\/www.korhanyilmaz.com\/?p=41211","title":{"rendered":"Hakkari kar\u0131\u015ft\u0131"},"content":{"rendered":"<p><a href=\"http:\/\/www.korhanyilmaz.com\/wp-content\/uploads\/2011\/10\/8092.jpg\"  class=\"lightview\"><img loading=\"lazy\" decoding=\"async\" class=\"size-full wp-image-41212 aligncenter\" title=\"\" src=\"http:\/\/www.korhanyilmaz.com\/wp-content\/uploads\/2011\/10\/8092.jpg\" alt=\"\" width=\"292\" height=\"224\" \/><\/a><\/p>\n<p style=\"text-align: justify;\">T\u00fcrk Silahl\u0131 Kuvvetleri\u2019nin Kato Da\u011f\u0131nda \u2018\u015eehit Jandarma Binba\u015f\u0131 Yavuz Ba\u015fayar\u2019 ad\u0131n\u0131 verdi\u011fi operasyonunda \u00f6ld\u00fcr\u00fclen PKK\u2019l\u0131lardan \u2018Baz Morden\u2019 kod adl\u0131 Emrah Bayer\u2019\u0131n \u00f6rg\u00fct\u00fcn \u00fcst d\u00fczey y\u00f6neticilerinden oldu\u011fu ortaya \u00e7\u0131kt\u0131.<\/p>\n<p style=\"text-align: justify;\">K\u00fcrdistan Topluluklar Birli\u011fi (KCK) konsey \u00fcyesi oldu\u011fu a\u00e7\u0131klanan PKK\u2019l\u0131 Bayer\u2019in, ayn\u0131 zamanda PKK\u2019n\u0131n bir d\u00f6nem \u2018gen\u00e7lik yap\u0131lanmas\u0131\u2019 sorumlusu oldu\u011fu belirlendi.\u00a0<!--more--><\/p>\n<p style=\"text-align: justify;\">Hakkari ile \u015e\u0131rnak aras\u0131ndaki Kato da\u011f\u0131nda, PKK\u2019l\u0131lar\u0131n k\u0131\u015f \u00fcslenmesini bo\u015fa \u00e7\u0131karmak i\u00e7in 7 g\u00fcn s\u00fcren \u2018\u015eehit Jandarma Binba\u015f\u0131 Yavuz Ba\u015fayar\u2019 ismi verilen operasyonda, ter\u00f6r \u00f6rg\u00fct\u00fc PKK\u2019n\u0131n \u00fcst d\u00fczey y\u00f6neticilerinden KCK y\u00fcr\u00fctme konseyi \u00fcyesi, \u2018Baz Morden\u2019 kod adl\u0131 Emrah Bayer\u2019in \u00f6ld\u00fcr\u00fcld\u00fc\u011f\u00fc ortaya \u00e7\u0131kt\u0131.<\/p>\n<p style=\"text-align: justify;\">PKK\u2019ya yak\u0131n internet siteleri, 1980 do\u011fumlu, Van\u2019\u0131n Ba\u015fkale \u0130l\u00e7esi n\u00fcfusuna kay\u0131tl\u0131 \u2018Baz Morden\u2019 kod adl\u0131 Emrah Bayer\u2019\u0131n, Abdullah \u00d6calan\u2019\u0131n yakaland\u0131\u011f\u0131 1999 y\u0131l\u0131nda Romanya \u00fczerinden \u00f6rg\u00fcte kat\u0131ld\u0131\u011f\u0131 bildirildi. PKK taraf\u0131ndan yap\u0131lan a\u00e7\u0131klamada, Bayer\u2019in, uzun s\u00fcre Kandil-T\u00fcrkiye aras\u0131nda gen\u00e7lik \u00e7al\u0131\u015fmalar\u0131n\u0131 organize etti\u011fi, s\u00f6zde K\u00fcrdistan da Gen\u00e7lik Hareketi\u2019nin sorumlulu\u011funu \u00fcstlenerek KCK Y\u00fcr\u00fctme Konseyinde de yer ald\u0131\u011f\u0131 belirtildi.<\/p>\n<p style=\"text-align: justify;\">Bu arada PKK\u2019l\u0131 Emrah Bayer\u2019in, Avrupa, T\u00fcrkiye ve Kandil aras\u0131nda koordinasyon g\u00f6revi y\u00fcr\u00fctt\u00fc\u011f\u00fc, \u00f6rg\u00fct\u00fcn s\u00f6zde gen\u00e7lik sorumlulu\u011funu yapt\u0131\u011f\u0131 belirlendi. Bayer\u2019in 2005 y\u0131l\u0131nda KCK Y\u00fcr\u00fctme Konseyi \u00fcyeli\u011fine se\u00e7ilmesi ard\u0131ndan, 2006 y\u0131l\u0131nda \u00f6rg\u00fct\u00fcn da\u011f kadrosunda aktif olarak g\u00f6rev yapt\u0131\u011f\u0131 anla\u015f\u0131ld\u0131.<\/p>\n<p style=\"text-align: justify;\"><strong>Hakkari kar\u0131\u015ft\u0131\u00a0<\/strong><\/p>\n<p style=\"text-align: justify;\">Hakkari ile \u015e\u0131rnak\u2019\u0131n Beyt\u00fc\u015f\u015febap \u0130l\u00e7esi s\u0131n\u0131rlar\u0131nda bulunan Kato Da\u011f\u0131\u2019nda g\u00fcvenlik g\u00fc\u00e7leri taraf\u0131ndan ba\u015flat\u0131lan operasyonlarda \u00f6ld\u00fcr\u00fclen bir PKK\u2019l\u0131n\u0131n cenazesinin Hakkari\u2019ye getirilmesi sonras\u0131 olaylar \u00e7\u0131kt\u0131. Kepenklerin kapal\u0131 oldu\u011fu Hakkari\u2019de cenazenin Malatya Adli T\u0131p Kurumu\u2019na g\u00f6nderilmesinin ard\u0131ndan slogan atarak y\u00fcr\u00fcyen bir gruba polis m\u00fcdahale etti. Eylemci grup polise ta\u015fla kar\u015f\u0131l\u0131k verince polisle g\u00f6stericiler aras\u0131nda kovalamaca ba\u015flad\u0131. Olaylar Hakkari\u2019nin bir\u00e7ok mahallesine yay\u0131ld\u0131.<\/p>\n<p style=\"text-align: justify;\">Kato Da\u011f\u0131\u2019nda g\u00fcvenlik g\u00fc\u00e7lerince bir haftad\u0131r 5 bin askerle hava destekli s\u00fcrd\u00fcr\u00fclen operasyonlarda \u00f6ld\u00fcr\u00fcld\u00fc\u011f\u00fc belirlenen Zozan Tulh\u0131ldan kod adl\u0131 PKK\u2019l\u0131 ter\u00f6rist Rabia Kaya\u2019n\u0131n cenazesi, ailesi taraf\u0131ndan Kato Da\u011f\u0131\u2019n\u0131n Marius b\u00f6lgesinden al\u0131narak \u015fehir merkezine getirildi. Buradan Hakkari Devlet Hastanesi\u2019ne g\u00f6t\u00fcr\u00fclen cenazeye savc\u0131 taraf\u0131ndan otopsi yap\u0131ld\u0131. Otopsi s\u0131ras\u0131nda hastane \u00f6n\u00fcnde yakla\u015f\u0131k 5 bin ki\u015fi toplan\u0131p slogan atmaya ba\u015flad\u0131. Yap\u0131lan otopsinin ard\u0131ndan cenaze Y\u00fcksekova Belediyesi\u2019ne ait cenaze arac\u0131yla Malatya Adli T\u0131p Kurumu\u2019na g\u00f6nderildi.<\/p>\n<p style=\"text-align: justify;\">Hastane \u00f6n\u00fcnde toplanan kalabal\u0131ktan yakla\u015f\u0131k 40 ki\u015filik bir grup slogan at\u0131p K\u00fcrt\u00e7e mar\u015flar s\u00f6yleyerek y\u00fcr\u00fcmeye ba\u015flad\u0131. Bu s\u0131rada polis eylemcilere gaz bombalar\u0131yla m\u00fcdahale etti. Polisin m\u00fcdahalesine de g\u00f6stericiler ta\u015flarla kar\u015f\u0131l\u0131k verdi. Da\u011fg\u00f6l Mahallesi\u2019nde ba\u015flayan olaylar Bay\u0131nd\u0131rl\u0131k ve Katremas mahallelerine de yay\u0131ld\u0131. Olaylar ara sokaklarda s\u00fcr\u00fcyor. Bu arada belediyeden kapal\u0131 kepenklerin a\u00e7\u0131lmas\u0131 i\u00e7in anons yap\u0131ld\u0131.<\/p>\n<p style=\"text-align: justify;\"><a href=\"http:\/\/www.cnnturk.com\/2011\/guncel\/10\/15\/hakkari.karisti\/633295.0\/index.html\" target=\"_blank\">Kaynak : CNN T\u00dcRK<\/a><\/p>\n","protected":false},"excerpt":{"rendered":"<\/p>\n<p style=\"text-align: justify;\">T\u00fcrk Silahl\u0131 Kuvvetleri\u2019nin Kato Da\u011f\u0131nda \u2018\u015eehit Jandarma Binba\u015f\u0131 Yavuz Ba\u015fayar\u2019 ad\u0131n\u0131 verdi\u011fi operasyonunda \u00f6ld\u00fcr\u00fclen PKK\u2019l\u0131lardan \u2018Baz Morden\u2019 kod adl\u0131 Emrah Bayer\u2019\u0131n \u00f6rg\u00fct\u00fcn \u00fcst d\u00fczey y\u00f6neticilerinden oldu\u011fu ortaya \u00e7\u0131kt\u0131.<\/p>\n<p style=\"text-align: justify;\">K\u00fcrdistan Topluluklar Birli\u011fi (KCK) konsey \u00fcyesi oldu\u011fu a\u00e7\u0131klanan PKK\u2019l\u0131 Bayer\u2019in, ayn\u0131 zamanda PKK\u2019n\u0131n bir d\u00f6nem \u2018gen\u00e7lik yap\u0131lanmas\u0131\u2019 sorumlusu oldu\u011fu belirlendi. <\/p>\n","protected":false},"author":1,"featured_media":0,"comment_status":"open","ping_status":"open","sticky":false,"template":"","format":"standard","meta":{"footnotes":""},"categories":[105],"tags":[],"class_list":["post-41211","post","type-post","status-publish","format-standard","hentry","category-gundem","odd"],"_links":{"self":[{"href":"http:\/\/www.korhanyilmaz.com\/index.php?rest_route=\/wp\/v2\/posts\/41211","targetHints":{"allow":["GET"]}}],"collection":[{"href":"http:\/\/www.korhanyilmaz.com\/index.php?rest_route=\/wp\/v2\/posts"}],"about":[{"href":"http:\/\/www.korhanyilmaz.com\/index.php?rest_route=\/wp\/v2\/types\/post"}],"author":[{"embeddable":true,"href":"http:\/\/www.korhanyilmaz.com\/index.php?rest_route=\/wp\/v2\/users\/1"}],"replies":[{"embeddable":true,"href":"http:\/\/www.korhanyilmaz.com\/index.php?rest_route=%2Fwp%2Fv2%2Fcomments&post=41211"}],"version-history":[{"count":0,"href":"http:\/\/www.korhanyilmaz.com\/index.php?rest_route=\/wp\/v2\/posts\/41211\/revisions"}],"wp:attachment":[{"href":"http:\/\/www.korhanyilmaz.com\/index.php?rest_route=%2Fwp%2Fv2%2Fmedia&parent=41211"}],"wp:term":[{"taxonomy":"category","embeddable":true,"href":"http:\/\/www.korhanyilmaz.com\/index.php?rest_route=%2Fwp%2Fv2%2Fcategories&post=41211"},{"taxonomy":"post_tag","embeddable":true,"href":"http:\/\/www.korhanyilmaz.com\/index.php?rest_route=%2Fwp%2Fv2%2Ftags&post=41211"}],"curies":[{"name":"wp","href":"https:\/\/api.w.org\/{rel}","templated":true}]}}