{"id":41207,"date":"2011-10-15T18:31:22","date_gmt":"2011-10-15T15:31:22","guid":{"rendered":"http:\/\/www.korhanyilmaz.com\/?p=41207"},"modified":"2011-10-16T00:52:45","modified_gmt":"2011-10-15T21:52:45","slug":"simdi-sacmalamadan-sorumlu-basbakan-yardimcisi-olacak","status":"publish","type":"post","link":"http:\/\/www.korhanyilmaz.com\/?p=41207","title":{"rendered":"&#8220;\u015eimdi sa\u00e7malamadan sorumlu ba\u015fbakan yard\u0131mc\u0131s\u0131 olacak&#8221;"},"content":{"rendered":"<p><a href=\"http:\/\/www.korhanyilmaz.com\/wp-content\/uploads\/2011\/10\/8091.jpg\"  class=\"lightview\"><img loading=\"lazy\" decoding=\"async\" class=\"size-full wp-image-41208 aligncenter\" title=\"\" src=\"http:\/\/www.korhanyilmaz.com\/wp-content\/uploads\/2011\/10\/8091.jpg\" alt=\"\" width=\"292\" height=\"224\" \/><\/a><\/p>\n<p style=\"text-align: justify;\">Yalova\u2019da konu\u015fan CHP Grup Ba\u015fkanvekili Muharrem \u0130nce, Ba\u015fbakan Yard\u0131mc\u0131s\u0131 B\u00fclent Ar\u0131n\u00e7\u2019\u0131n \u00d6TV zamm\u0131 ile ilgili yapt\u0131\u011f\u0131 a\u00e7\u0131klamaya tepki g\u00f6stererek, \u201cSay\u0131n Ar\u0131n\u00e7, a\u011flamadan sorumlu ba\u015fbakan yard\u0131mc\u0131s\u0131yd\u0131. Herhalde \u015fimdi sa\u00e7malamadan sorumlu veya pi\u015fkinlikten sorumlu ba\u015fbakan yard\u0131mc\u0131s\u0131 olacak&#8221; dedi.\u00a0<!--more--><\/p>\n<p style=\"text-align: justify;\">Yalova\u2019da bulunan CHP Grup Ba\u015fkanvekili Muharrem \u0130nce, eski \u00f6\u011frencisi Melek Akp\u0131nar ve eski \u00f6\u011fretmeni Mustafa Hilmi Kulaber\u2019in y\u00f6neticili\u011fini yapt\u0131\u011f\u0131 \u00f6zel bir dershaneye ziyarette bulundu. Burada \u00f6\u011fretmeni ve \u00f6\u011frencisiyle sohbet eden Muharrem \u0130nce, bir s\u0131n\u0131fa girerek fizik dersi anlatt\u0131. S\u0131n\u0131ftaki \u00f6\u011frencilere iki soru y\u00f6nelten Muharrem \u0130nce, \u00f6\u011frencilerle bal\u0131k \u0131smarlama iddias\u0131na girdi. \u00d6\u011frencilerin iki sorudan birini do\u011fru cevaplamas\u0131 \u00fczerine \u0130nce, iddiay\u0131 kaybetti. Daha sonra \u00f6\u011frencilere konu anlatan Muharrem \u0130nce&#8217;yi, eski \u00f6\u011frencisi olan Melek Akp\u0131nar ve eski \u00f6\u011fretmeni Mustafa Hilmi Kulaber ba\u015far\u0131l\u0131 buldu.<\/p>\n<p style=\"text-align: justify;\">Burada bir konu\u015fma yapan CHP Grup Ba\u015fkanvekili Muharrem \u0130nce, fizik \u00f6\u011fretmenli\u011finin siyasete katk\u0131s\u0131 oldu\u011funu s\u00f6yledi.<\/p>\n<p style=\"text-align: justify;\">G\u00fcndemdeki son geli\u015fmelerle ilgili bas\u0131n mensuplar\u0131na a\u00e7\u0131klamalarda bulunan Muharrem \u0130nce, Ba\u015fbakan Yard\u0131mc\u0131s\u0131 B\u00fclent Ar\u0131n\u00e7\u2019\u0131n ge\u00e7ti\u011fimiz g\u00fcnlerde \u00d6TV zamm\u0131 konusunda yapt\u0131\u011f\u0131 \u201cVard\u0131r bir hikmeti&#8221; a\u00e7\u0131klamas\u0131na tepki g\u00f6stererek, \u201cSay\u0131n Ar\u0131n\u00e7, a\u011flamadan sorumlu ba\u015fbakan yard\u0131mc\u0131s\u0131yd\u0131. Herhalde \u015fimdi sa\u00e7malamadan sorumlu ba\u015fbakan yard\u0131mc\u0131s\u0131 olacak. Veya pi\u015fkinlikten sorumlu ba\u015fbakan yard\u0131mc\u0131s\u0131 olacak. Buna pes derim. Bu kadar milleti, fakir fukaray\u0131, garip gurebay\u0131 inciteceksiniz, sonra birisi \u201cYok ayarlamayd\u0131\u00f6 diyor. Birisi hikmet ar\u0131yor. Zamda hikmet arayan bir ba\u015fbakan yard\u0131mc\u0131s\u0131. Tuzun koktu\u011fu yer i\u015fte buras\u0131. Yaz\u0131klar olsun diyorum ba\u015fka bir \u015fey de demiyorum&#8221; dedi.<\/p>\n<p style=\"text-align: justify;\"><a href=\"http:\/\/www.cnnturk.com\/2011\/guncel\/10\/15\/simdi.sacmalamadan.sorumlu.basbakan.yardimcisi.olacak\/633286.0\/index.html\" target=\"_blank\">Kaynak : CNN T\u00dcRK<br \/>\n<\/a><\/p>\n","protected":false},"excerpt":{"rendered":"<\/p>\n<p style=\"text-align: justify;\">Yalova\u2019da konu\u015fan CHP Grup Ba\u015fkanvekili Muharrem \u0130nce, Ba\u015fbakan Yard\u0131mc\u0131s\u0131 B\u00fclent Ar\u0131n\u00e7\u2019\u0131n \u00d6TV zamm\u0131 ile ilgili yapt\u0131\u011f\u0131 a\u00e7\u0131klamaya tepki g\u00f6stererek, \u201cSay\u0131n Ar\u0131n\u00e7, a\u011flamadan sorumlu ba\u015fbakan yard\u0131mc\u0131s\u0131yd\u0131. Herhalde \u015fimdi sa\u00e7malamadan sorumlu veya pi\u015fkinlikten sorumlu ba\u015fbakan yard\u0131mc\u0131s\u0131 olacak&#8221; dedi. <\/p>\n","protected":false},"author":1,"featured_media":0,"comment_status":"open","ping_status":"open","sticky":false,"template":"","format":"standard","meta":{"footnotes":""},"categories":[105],"tags":[],"class_list":["post-41207","post","type-post","status-publish","format-standard","hentry","category-gundem","odd"],"_links":{"self":[{"href":"http:\/\/www.korhanyilmaz.com\/index.php?rest_route=\/wp\/v2\/posts\/41207","targetHints":{"allow":["GET"]}}],"collection":[{"href":"http:\/\/www.korhanyilmaz.com\/index.php?rest_route=\/wp\/v2\/posts"}],"about":[{"href":"http:\/\/www.korhanyilmaz.com\/index.php?rest_route=\/wp\/v2\/types\/post"}],"author":[{"embeddable":true,"href":"http:\/\/www.korhanyilmaz.com\/index.php?rest_route=\/wp\/v2\/users\/1"}],"replies":[{"embeddable":true,"href":"http:\/\/www.korhanyilmaz.com\/index.php?rest_route=%2Fwp%2Fv2%2Fcomments&post=41207"}],"version-history":[{"count":0,"href":"http:\/\/www.korhanyilmaz.com\/index.php?rest_route=\/wp\/v2\/posts\/41207\/revisions"}],"wp:attachment":[{"href":"http:\/\/www.korhanyilmaz.com\/index.php?rest_route=%2Fwp%2Fv2%2Fmedia&parent=41207"}],"wp:term":[{"taxonomy":"category","embeddable":true,"href":"http:\/\/www.korhanyilmaz.com\/index.php?rest_route=%2Fwp%2Fv2%2Fcategories&post=41207"},{"taxonomy":"post_tag","embeddable":true,"href":"http:\/\/www.korhanyilmaz.com\/index.php?rest_route=%2Fwp%2Fv2%2Ftags&post=41207"}],"curies":[{"name":"wp","href":"https:\/\/api.w.org\/{rel}","templated":true}]}}