{"id":41199,"date":"2011-10-15T13:35:24","date_gmt":"2011-10-15T10:35:24","guid":{"rendered":"http:\/\/www.korhanyilmaz.com\/?p=41199"},"modified":"2011-10-15T17:18:23","modified_gmt":"2011-10-15T14:18:23","slug":"o-fotograflar-cumhurbaskanliginin-sitesinde","status":"publish","type":"post","link":"http:\/\/www.korhanyilmaz.com\/?p=41199","title":{"rendered":"O foto\u011fraflar Cumhurba\u015fkanl\u0131\u011f\u0131&#8217;n\u0131n sitesinde"},"content":{"rendered":"<p style=\"text-align: justify;\"><a href=\"http:\/\/www.korhanyilmaz.com\/wp-content\/uploads\/2011\/10\/8088.jpg\"  class=\"lightview\"><img loading=\"lazy\" decoding=\"async\" class=\"aligncenter size-full wp-image-41201\" title=\"\" src=\"http:\/\/www.korhanyilmaz.com\/wp-content\/uploads\/2011\/10\/8088.jpg\" alt=\"\" width=\"313\" height=\"188\" \/><\/a><\/p>\n<p style=\"text-align: justify;\">Van Jandarma Asayi\u015f Komutanl\u0131\u011f\u0131 ile Hakkari&#8217;deki s\u0131n\u0131r birliklerini ziyaret eden G\u00fcl, fedakarl\u0131klar\u0131n\u0131 \u00f6vd\u00fc\u011f\u00fc askeri personele \u00e7e\u015fitli hediyeler verdi ve g\u00f6revlerinde ba\u015far\u0131lar diledi. G\u00fcl, geceyi Hakkari Da\u011f Komando Tugay\u0131&#8217;nda ge\u00e7irdi.Cumhurba\u015fkan\u0131 G\u00fcl&#8217;\u00fcn, b\u00f6lgedeki askerlere moral vermek amac\u0131yla ger\u00e7ekle\u015ftirdi\u011fi ziyarete ili\u015fkin bilgi, foto\u011fraf ve g\u00f6r\u00fcnt\u00fclere Cumhurba\u015fkanl\u0131\u011f\u0131&#8217;n\u0131n internet sitesinde yer verildi. Cumhurba\u015fkan\u0131 G\u00fcl, bug\u00fcn de \u00c7ukurca ve \u015e\u0131rnak&#8217;a gitti.\u00a0<!--more--><\/p>\n<p style=\"text-align: justify;\">G\u00fcl&#8217;\u00fcn ziyaretlerine Genelkurmay Ba\u015fkan\u0131 Orgeneral Necdet \u00d6zel, Kara Kuvvetleri Komutan\u0131 Orgeneral Hayri K\u0131vr\u0131ko\u011flu, Jandarma Genel Komutan\u0131 Orgeneral Bekir Kalyoncu ve 2. Ordu Komutan\u0131 Orgeneral Servet Y\u00f6r\u00fck de e\u015flik etti.<\/p>\n<p style=\"text-align: justify;\">\u0130lk olarak, Van Jandarma Asayi\u015f Kolordu Komutanl\u0131\u011f\u0131&#8217;n\u0131 ziyaret eden G\u00fcl&#8217;e, burada b\u00f6lgenin g\u00fcvenlik konular\u0131na ili\u015fkin detayl\u0131 brifing verildi. Kato Da\u011f\u0131 b\u00f6lgesinde ge\u00e7en hafta ger\u00e7ekle\u015ftirilen operasyonla ilgili bilgi alan G\u00fcl, ba\u015far\u0131lar\u0131ndan dolay\u0131 operasyona kat\u0131lan komutan ve askerleri tebrik etti. Buradan ayr\u0131lmadan \u00f6nce, askerlerin fedakarl\u0131klar\u0131n\u0131 \u00f6ven G\u00fcl, askeri personele \u00e7e\u015fitli hediyeler verdi.<\/p>\n<p style=\"text-align: justify;\"><strong>Kobra e\u015fli\u011finde Y\u00fcksekova&#8217;ya ge\u00e7i\u015f\u00a0<\/strong><\/p>\n<p style=\"text-align: justify;\">Cumhurba\u015fkan\u0131 G\u00fcl, Van&#8217;daki temaslar\u0131n\u0131n ard\u0131ndan kobra helikopterleri e\u015fli\u011finde Hakkari&#8217;nin Y\u00fcksekova il\u00e7esine ge\u00e7ti. U\u00e7u\u015f s\u0131ras\u0131nda Van Jandarma Asayi\u015f Kolordu Komutan\u0131 Korgeneral Y\u0131ld\u0131r\u0131m G\u00fcven\u00e7 taraf\u0131ndan b\u00f6lgenin co\u011frafi yap\u0131s\u0131 hakk\u0131nda bilgi verildi. G\u00fcl&#8217;\u00fc, ikinci dura\u011f\u0131 Y\u00fcksekova 3. Taktik T\u00fcmen Komutanl\u0131\u011f\u0131&#8217;nda kar\u015f\u0131layanlar aras\u0131nda \u00f6nceki ba\u015fyaveri Tu\u011fgeneral Metin \u00d6zbek de yer ald\u0131.<\/p>\n<p style=\"text-align: justify;\">Burada da y\u00fcr\u00fct\u00fclen askeri faaliyetlerle ilgili bilgi alan G\u00fcl, g\u00f6revlerinde \u00fcst\u00fcn ba\u015far\u0131 g\u00f6steren subay, astsubay, uzman \u00e7avu\u015f, erba\u015f ve erlere hediyeler verdi. Cumhurba\u015fkan\u0131 G\u00fcl, bu hediyelerin g\u00f6sterilen fedakarl\u0131klar kar\u015f\u0131s\u0131nda sembolik de\u011fer ta\u015f\u0131d\u0131\u011f\u0131n\u0131 ifade etti.<\/p>\n<p style=\"text-align: justify;\"><strong>Erlerle \u00f6\u011fle yeme\u011fi<\/strong><\/p>\n<p style=\"text-align: justify;\">\u00a0Cumhurba\u015fkan\u0131 G\u00fcl daha sonra, 3. Taktik T\u00fcmen Komutanl\u0131\u011f\u0131n\u0131n erba\u015f ve er yemekhanesinde her r\u00fctbeden askerle birlikte \u00f6\u011fle yeme\u011fi yedi. Askerlerle birlikte kuru fasulye ve bulgur pilav\u0131 yenilen yemekte, her masaya \u00fcst d\u00fczey bir komutan oturdu.<\/p>\n<p style=\"text-align: justify;\">Daha sonra yeni kurulan 7. Hudut Alay Komutanl\u0131\u011f\u0131&#8217;na ge\u00e7en G\u00fcl, burada Sancak Verme T\u00f6reni&#8217;ne kat\u0131ld\u0131. Sanca\u011f\u0131 \u00f6perek alay komutan\u0131na teslim eden Cumhurba\u015fkan\u0131 G\u00fcl ard\u0131ndan Sancak \u0130lk Devir Teslim Tutana\u011f\u0131n\u0131 imzalad\u0131. T\u00f6ren ge\u00e7idini izleyen Cumhurba\u015fkan\u0131 G\u00fcl, t\u00f6reni izlemek i\u00e7in gelen \u015fehit yak\u0131nlar\u0131 ve \u00e7ocuklarla yak\u0131ndan ilgilendi.<\/p>\n<p style=\"text-align: justify;\"><strong>Ate\u015fe gerek olmadan so\u011fuk suyla \u0131s\u0131nan yemek\u00a0<\/strong><\/p>\n<p style=\"text-align: justify;\"><a href=\"http:\/\/www.korhanyilmaz.com\/wp-content\/uploads\/2011\/10\/8089.jpg\"  class=\"lightview\"><img loading=\"lazy\" decoding=\"async\" class=\"alignleft size-full wp-image-41202\" style=\"margin-left: 10px; margin-right: 10px;\" src=\"http:\/\/www.korhanyilmaz.com\/wp-content\/uploads\/2011\/10\/8089.jpg\" alt=\"\" width=\"300\" height=\"195\" \/><\/a>Cumhurba\u015fkan\u0131 G\u00fcl, Y\u00fcksekova&#8217;daki inceleme ve temaslar\u0131n\u0131 tamamlad\u0131ktan sonra Hakkari Da\u011f Komando Tugay\u0131&#8217;na ge\u00e7ti. Burada Kayseri Komando Tugay\u0131ndan gelen askerlerin de oldu\u011fu birli\u011fin faaliyetleri hakk\u0131nda bilgi alan Cumhurba\u015fkan\u0131 G\u00fcl&#8217;e, komandolar\u0131n operasyona \u00e7\u0131kt\u0131klar\u0131 zaman yanlar\u0131na ald\u0131klar\u0131 kumanyalar g\u00f6sterildi. G\u00fcl, bir askeri yetkili taraf\u0131ndan tan\u0131t\u0131lan ve ate\u015fe gerek kalmadan, haz\u0131r yeme\u011fin \u00fczerine so\u011fuk suyun kat\u0131lmas\u0131yla \u00e7al\u0131\u015fan ve yeme\u011fi \u0131s\u0131tan \u00f6zel paketi ilgiyle izledi. G\u00fcl&#8217;\u00fcn elindeki paketin a\u011fz\u0131n\u0131 a\u00e7t\u0131\u011f\u0131nda yeme\u011fin duman\u0131n\u0131n \u00e7\u0131kt\u0131\u011f\u0131 g\u00f6r\u00fcld\u00fc. Cumhurba\u015fkan\u0131 G\u00fcl de bunun \u00fczerine, \u201cAskerine b\u00f6yle bir yemek veriyorsan, &#8216;Allah devlete millete zeval vermesin&#8217; denir\u201d dedi.<\/p>\n<p style=\"text-align: justify;\">Ak\u015fam yeme\u011fini de her r\u00fctbeden askerle birlikte tugayda yiyen Cumhurba\u015fkan\u0131 G\u00fcl, geceyi de Hakkari Da\u011f Komando Tugay\u0131&#8217;nda ge\u00e7irdi.<\/p>\n<p style=\"text-align: justify;\"><strong>G\u00fcl \u00c7ukurca&#8217;da\u00a0<\/strong><\/p>\n<p style=\"text-align: justify;\">Cumhurba\u015fkan\u0131 Abdullah G\u00fcl, Genelkurmay Ba\u015fkan\u0131 Orgeneral Necdet \u00d6zel ve komutanlarla geceyi ge\u00e7irdikleri Hakkari Da\u011f ve Komando Tugay Komutanl\u0131\u011f\u0131\u2019ndan bu sabah saatlerinde ayr\u0131ld\u0131. Cumhurba\u015fkan\u0131 G\u00fcl, Orgeneral \u00d6zel ve komutanlar, 7 helikopter e\u015fli\u011finde Hakkari\u2019nin Irak s\u0131n\u0131r\u0131nda bulunan \u00c7ukurca \u0130l\u00e7esi\u2019ne gitti.<\/p>\n<p style=\"text-align: justify;\"><strong>\u00c7ukurca&#8217;dan sonra \u015e\u0131rnak&#8217;ta\u00a0<\/strong><\/p>\n<p style=\"text-align: justify;\">Cumhurba\u015fkan\u0131 Abdullah G\u00fcl, Genelkurmay Ba\u015fkan\u0131 Orgeneral Necdet \u00d6zel ve komutanlarla bug\u00fcn saat 11.00 s\u0131ralar\u0131nda helikopterlerle \u015e\u0131rnak\u2019a ge\u00e7ti. Cumhurba\u015fkan\u0131 G\u00fcl ve komutanlar\u0131 ta\u015f\u0131yan 6 helikoptere e\u015flik eden 2 Kobra helikopter yo\u011fun toz bulutu alt\u0131nda \u015e\u0131rnak 23\u2019\u00fcnc\u00fc Jandarma S\u0131n\u0131r T\u00fcmen Komutanl\u0131\u011f\u0131\u2019na indi. Cumhurba\u015fkan\u0131 Abdullah G\u00fcl, Genelkurmay Ba\u015fkan\u0131 Orgeneral Necdet \u00d6zel ve beraberindekileri \u015e\u0131rnak Valisi Vahdettin \u00d6zkan, 23\u2019\u00fcnc\u00fc Jandarma S\u0131n\u0131r T\u00fcmen Komutan\u0131 T\u00fcmgeneral \u0130lhan B\u00f6l\u00fck, \u015e\u0131rnak Ticaret ve Sanayi Odas\u0131 Ba\u015fkan\u0131 Osman Geli\u015f ile \u015fehit yak\u0131nlar\u0131 kar\u015f\u0131lad\u0131. Burada \u00f6\u011fle yeme\u011fini erlerle beraber yiyen Cumhurba\u015fkan\u0131 G\u00fcl ve Genelkurmay Ba\u015fkan\u0131 \u00d6zel daha sonra helikopterlerle \u015e\u0131rnak\u2019taki di\u011fer birliklerini ziyaret ettikten sonra saat 14.15\u2019te \u015e\u0131rnak\u2019tan ayr\u0131ld\u0131.<\/p>\n<p style=\"text-align: justify;\"><a href=\"http:\/\/www.hurriyet.com.tr\/gundem\/18993195.asp\" target=\"_blank\">Kaynak : H\u00fcrriyet.com.tr<\/a><\/p>\n","protected":false},"excerpt":{"rendered":"<p style=\"text-align: justify;\">\n<p style=\"text-align: justify;\">Van Jandarma Asayi\u015f Komutanl\u0131\u011f\u0131 ile Hakkari&#8217;deki s\u0131n\u0131r birliklerini ziyaret eden G\u00fcl, fedakarl\u0131klar\u0131n\u0131 \u00f6vd\u00fc\u011f\u00fc askeri personele \u00e7e\u015fitli hediyeler verdi ve g\u00f6revlerinde ba\u015far\u0131lar diledi. G\u00fcl, geceyi Hakkari Da\u011f Komando Tugay\u0131&#8217;nda ge\u00e7irdi.Cumhurba\u015fkan\u0131 G\u00fcl&#8217;\u00fcn, b\u00f6lgedeki askerlere moral vermek amac\u0131yla ger\u00e7ekle\u015ftirdi\u011fi ziyarete ili\u015fkin bilgi, foto\u011fraf ve g\u00f6r\u00fcnt\u00fclere Cumhurba\u015fkanl\u0131\u011f\u0131&#8217;n\u0131n internet sitesinde yer verildi. Cumhurba\u015fkan\u0131 G\u00fcl, bug\u00fcn <\/p>\n","protected":false},"author":1,"featured_media":0,"comment_status":"open","ping_status":"open","sticky":false,"template":"","format":"standard","meta":{"footnotes":""},"categories":[105],"tags":[],"class_list":["post-41199","post","type-post","status-publish","format-standard","hentry","category-gundem","odd"],"_links":{"self":[{"href":"http:\/\/www.korhanyilmaz.com\/index.php?rest_route=\/wp\/v2\/posts\/41199","targetHints":{"allow":["GET"]}}],"collection":[{"href":"http:\/\/www.korhanyilmaz.com\/index.php?rest_route=\/wp\/v2\/posts"}],"about":[{"href":"http:\/\/www.korhanyilmaz.com\/index.php?rest_route=\/wp\/v2\/types\/post"}],"author":[{"embeddable":true,"href":"http:\/\/www.korhanyilmaz.com\/index.php?rest_route=\/wp\/v2\/users\/1"}],"replies":[{"embeddable":true,"href":"http:\/\/www.korhanyilmaz.com\/index.php?rest_route=%2Fwp%2Fv2%2Fcomments&post=41199"}],"version-history":[{"count":0,"href":"http:\/\/www.korhanyilmaz.com\/index.php?rest_route=\/wp\/v2\/posts\/41199\/revisions"}],"wp:attachment":[{"href":"http:\/\/www.korhanyilmaz.com\/index.php?rest_route=%2Fwp%2Fv2%2Fmedia&parent=41199"}],"wp:term":[{"taxonomy":"category","embeddable":true,"href":"http:\/\/www.korhanyilmaz.com\/index.php?rest_route=%2Fwp%2Fv2%2Fcategories&post=41199"},{"taxonomy":"post_tag","embeddable":true,"href":"http:\/\/www.korhanyilmaz.com\/index.php?rest_route=%2Fwp%2Fv2%2Ftags&post=41199"}],"curies":[{"name":"wp","href":"https:\/\/api.w.org\/{rel}","templated":true}]}}