{"id":41195,"date":"2011-10-15T13:58:22","date_gmt":"2011-10-15T10:58:22","guid":{"rendered":"http:\/\/www.korhanyilmaz.com\/?p=41195"},"modified":"2011-10-15T17:20:44","modified_gmt":"2011-10-15T14:20:44","slug":"sigara-icme-kardesim-alkolu-de-az-tuket","status":"publish","type":"post","link":"http:\/\/www.korhanyilmaz.com\/?p=41195","title":{"rendered":"&#8216;Sigara i\u00e7me karde\u015fim, alkol\u00fc de az t\u00fcket&#8217;"},"content":{"rendered":"<p style=\"text-align: justify;\"><a href=\"http:\/\/www.korhanyilmaz.com\/wp-content\/uploads\/2011\/10\/8087.jpg\"  class=\"lightview\"><img loading=\"lazy\" decoding=\"async\" class=\"aligncenter size-full wp-image-41196\" title=\"\" src=\"http:\/\/www.korhanyilmaz.com\/wp-content\/uploads\/2011\/10\/8087.jpg\" alt=\"\" width=\"313\" height=\"188\" \/><\/a><\/p>\n<p style=\"text-align: justify;\">Ba\u015fbakan Erdo\u011fan, partisinin K\u0131z\u0131lcahamam kamp\u0131nda milletvekillerine hitap etti..Erdo\u011fan konu\u015fmas\u0131nda motorlu ta\u015f\u0131tlar, i\u00e7ki, alkol ve cep telefonuna konulan \u00d6TV zamm\u0131yla ilgili ele\u015ftirilere de &#8221;Karde\u015fim sigaray\u0131 i\u00e7mezsin, olur biter. Alkol\u00fc daha az t\u00fcketirsin olur biter. Kalk\u0131p da Porsche kullanaca\u011f\u0131na Fiat&#8217;a bin. Biraz daha d\u00fc\u015f\u00fcr harcamay\u0131&#8221; yan\u0131t\u0131n\u0131 verdi.\u00a0<!--more--><\/p>\n<p style=\"text-align: justify;\">Ba\u015fbakan Erdo\u011fan, partisinin K\u0131z\u0131lcahamam kamp\u0131nda milletvekillerine hitap ediyor. Erdo\u011fan konu\u015fmas\u0131nda TBMM&#8217;de kad\u0131n vekillerin pantolon giyebilmelerine olanak sa\u011flayan d\u00fczenleme g\u00f6r\u00fc\u015f\u00fcl\u00fcrken BDP&#8217;lilerin ek bir \u00f6nerge vererek &#8216;t\u00fcrbanla da Meclis&#8217;e girilebilsin&#8217; teklifini de\u011ferlendirdi. Erdo\u011fan, &#8221;Dini Zerd\u00fc\u015ftl\u00fck olan\u0131n b\u00f6yle bir derdi olur mu&#8221; dedi.<\/p>\n<p style=\"text-align: justify;\"><a href=\"http:\/\/www.korhanyilmaz.com\/wp-content\/uploads\/2011\/10\/8090.jpg\"  class=\"lightview\"><img loading=\"lazy\" decoding=\"async\" class=\"alignleft  wp-image-41205\" style=\"margin-left: 10px; margin-right: 10px;\" src=\"http:\/\/www.korhanyilmaz.com\/wp-content\/uploads\/2011\/10\/8090.jpg\" alt=\"\" width=\"320\" height=\"212\" \/><\/a>Ba\u015fbakan Erdo\u011fan, Ak Parti&#8217;nin K\u0131z\u0131lcahamam&#8217;da d\u00fczenlenen \u201c18. \u0130sti\u015fare ve De\u011ferlendirme Toplant\u0131s\u0131\u201dn\u0131n a\u00e7\u0131l\u0131\u015f\u0131nda yapt\u0131\u011f\u0131 konu\u015fmada konuyla ilgili olarak \u015funlar\u0131 s\u00f6yledi:<\/p>\n<p style=\"text-align: justify;\">Son hafta i\u00e7erisinde bak\u0131yorsunuz bir grup \u00e7\u0131k\u0131yor. Hemen pat bir \u00f6nerge sunuyor, \u00f6yle bir derdi yok, \u00f6yle bir derdi olsa zaten olmas\u0131 gerekeni de yapar, kald\u0131 ki buna mani bir hal de yok. Madem b\u00f6yle bir \u015feyi istiyorsun, yola \u00e7\u0131k yap, mani bir hal yok. Benim ba\u015f\u00f6rt\u00fcl\u00fc karde\u015flerimi niye istismar ediyorsun? Yapacaksan yap, gelsin girsinler. Senin b\u00f6yle bir derdin yok ki. Dini Zerd\u00fc\u015ftl\u00fck olan bir anlay\u0131\u015f\u0131n b\u00f6yle bir derdi olabilir mi? Dert istismar, &#8216;Acaba Ak Parti&#8217;yi k\u00f6\u015feye nas\u0131l s\u0131k\u0131\u015ft\u0131r\u0131r\u0131z&#8217;, Ge\u00e7 o i\u015fi ge\u00e7. Siz, bizi k\u00f6\u015feye s\u0131k\u0131\u015ft\u0131ramazs\u0131n\u0131z. Bu millet kimin ne oldu\u011funu gayet iyi biliyor, bu i\u015f konu\u015fulmaz, bu i\u015f ya\u015fan\u0131r, yap\u0131l\u0131r. Biz bunu yap\u0131yoruz, ama bu \u00fclkeyi l\u00fczumsuz olarak germeye de kimsenin hakk\u0131 yok.<\/p>\n<p style=\"text-align: justify;\">Ba\u015fbakan Erdo\u011fan&#8217;\u0131n g\u00fcndemdeki konularla ilgili de\u011ferlendirmeleri ise \u015f\u00f6yle:<\/p>\n<p style=\"text-align: justify;\"><strong>YEN\u0130 ANAYASA \u00c7ALI\u015eMALARI\u00a0<\/strong><\/p>\n<p style=\"text-align: justify;\">Yeni anayasam\u0131z b\u00fcrokratik ideolojilerin de\u011fil milletimizin eseri olacakt\u0131r. Bug\u00fcnk\u00fc ihtiyac\u0131m\u0131za ister yeni bir &#8216;kontrat&#8217; diyelim, ister yeni bir &#8216;mukavele&#8217; diyelim, ister ad\u0131na &#8216;yeni bir toplumsal s\u00f6zle\u015fme&#8217; diyelim, demokrasimizi geli\u015ftiren, \u00f6zg\u00fcrl\u00fck alanlar\u0131n\u0131 geni\u015fleten yeni bir anayasa \u015fart oldu\u011funda herkes hemfikirdir. Biz, &#8216;kontrat&#8217; gibi, &#8216;mukavele&#8217; gibi, &#8216;s\u00f6zle\u015fme&#8217; gibi kavramlar\u0131n hepsinin s\u0131n\u0131rlay\u0131c\u0131 ve yetersiz olduklar\u0131n\u0131 d\u00fc\u015f\u00fcn\u00fcyoruz. Zira, millet eliyle yap\u0131lacak olan bu anayasa, T\u00fcrkiye Cumhuriyeti&#8217;nin b\u00fct\u00fcn vatanda\u015flar\u0131na kendi \u00fclkelerinde &#8216;ev sahibi&#8217; olduklar\u0131n\u0131 hissettiren, vatanda\u015fl\u0131k aidiyetlerini per\u00e7inleyen bir anayasa olacakt\u0131r. Bu anayasa, &#8216;kirac\u0131&#8217; ile &#8216;ev sahibi&#8217; aras\u0131nda bir &#8216;mukavele&#8217; de\u011fil, istisnas\u0131z her vatanda\u015f\u0131m\u0131z\u0131n hukukunu g\u00fcvenceye alan bir &#8216;toplumsal mutabakat metni&#8217; olmal\u0131d\u0131r.<\/p>\n<p style=\"text-align: justify;\">\u0130stiyoruz ki millet\u00e7e gelin bu \u00fcz\u00fcm\u00fc yiyelim, ba\u011fc\u0131yla u\u011fra\u015fmayal\u0131m, bu i\u015fi bitirelim. \u00c7\u00fcnk\u00fc biz s\u00f6z verdik, bu s\u00f6z\u00fc yerine getirece\u011fiz. \u00c7\u00fcnk\u00fc milletin eliyle yap\u0131lacak yeni anayasa i\u00e7in siyaset kurumu ba\u015fta olmak \u00fczere b\u00fct\u00fcn toplumsal kesimlerle birlikte son derece pozitif bir iklimin mevcut oldu\u011funu d\u00fc\u015f\u00fcn\u00fcyorum. Onun i\u00e7in de biz hi\u00e7bir zaman \u00f6n kesen olmayaca\u011f\u0131z. \u0130yi bir ba\u015flang\u0131\u00e7 yap\u0131lm\u0131\u015ft\u0131r, in\u015fallah bir irade zaaf\u0131na u\u011framadan, politik rekabete feda etmeden T\u00fcrkiye&#8217;ye yara\u015f\u0131r bir vakar ve olgunlukla bu i\u015fi tamamlayaca\u011f\u0131z.<\/p>\n<p style=\"text-align: justify;\"><strong>TER\u00d6RLE M\u00dcCADELEDE YEN\u0130 D\u00d6NEM BA\u015eLADI\u00a0<\/strong><\/p>\n<p style=\"text-align: justify;\">G\u00f6z\u00fcn\u00fc k\u0131rpmadan masum insanlar\u0131n can\u0131na kastedenler, me\u015fru bir davan\u0131n savunucusu olduklar\u0131na hi\u00e7 kimseyi inand\u0131ramazlar. T\u00fcrkiye&#8217;nin aya\u011f\u0131na zincir olmak isteyen, gen\u00e7, kad\u0131n, \u00e7ocuk, hamile, i\u015f\u00e7i, k\u00f6yl\u00fc demeden ocaklar s\u00f6nd\u00fcren caniler sonunda mutlaka ama mutlaka kaybedecekler. Demokrasinin yollar\u0131na may\u0131n d\u00f6\u015feyenlerin, kandan beslenmesine izin vermeyece\u011fiz. Ter\u00f6rle m\u00fccadelede art\u0131k yeni bir d\u00f6nem ba\u015flam\u0131\u015ft\u0131r. S\u00fcreci yeni ba\u015ftan ele ald\u0131k ve yenia\u00e7\u0131l\u0131mlar, ilave tedbirler geli\u015ftirdik.<\/p>\n<p style=\"text-align: justify;\"><strong>H\u0130\u00c7 K\u0130MSE ADA&#8217;NIN ORTAK MALI \u00dcZER\u0130NDE TEK TARAFLI HAK \u0130DD\u0130A EDEMEZ\u00a0<\/strong><\/p>\n<p style=\"text-align: justify;\">Bug\u00fcn sondajla K\u0131br\u0131s meselesinin \u00e7\u00f6z\u00fcm s\u00fcrecini sabote eden sorumsuz hareketleri, herkes dikkatle ve ibretle izlemeli. Hi\u00e7 kimse, Ada&#8217;n\u0131n ortak mal\u0131 ve ortak zenginlikleri \u00fczerinde tek tarafl\u0131 hak iddia edemez. Hak iddia eden ve hatta bu do\u011frultuda tek tarafl\u0131 \u00e7abalara giri\u015fen olursa da T\u00fcrkiye&#8217;den bunun kar\u015f\u0131l\u0131\u011f\u0131n\u0131 misliyle g\u00f6r\u00fcr.<\/p>\n<p style=\"text-align: justify;\"><strong>B\u0130Z\u0130M \u0130\u00c7\u0130N YOK H\u00dcKM\u00dcNDE OLAN B\u0130R \u00dcLKEYLE AYNI MASAYA OTURMAYIZ\u00a0<\/strong><\/p>\n<p style=\"text-align: justify;\">Bizim arzumuz 2012 y\u0131l\u0131n\u0131n ikinci yar\u0131s\u0131nda Birle\u015fik K\u0131br\u0131s Devleti&#8217;nin, AB D\u00f6nem Ba\u015fkanl\u0131\u011f\u0131n\u0131 \u00fcstlenmesidir. Aksi takdirde tek tarafl\u0131 olarak G\u00fcney K\u0131br\u0131s Rum Y\u00f6netimi&#8217;nin \u00fcstlenece\u011fi bir D\u00f6nem Ba\u015fkanl\u0131\u011f\u0131&#8217;nda bizim i\u00e7in yok h\u00fckm\u00fcnde olan bir s\u00f6zde \u00fclkeyle ayn\u0131 masaya oturmay\u0131z, oturmayaca\u011f\u0131z. O alt\u0131 ay i\u00e7erisinde AB, kar\u015f\u0131s\u0131nda T\u00fcrkiye&#8217;yi bulamayacakt\u0131r, \u00e7\u00fcnk\u00fc muhatab\u0131m\u0131z olmayan bir G\u00fcney K\u0131br\u0131s vard\u0131r, bunu kabul etmeleri gerekir, bunu kendilerine hep s\u00f6yledik, yine s\u00f6yl\u00fcyoruz. Tutulmayan s\u00f6zlerin, at\u0131lmayan ad\u0131mlar\u0131n, cevab\u0131 verilemeyen sorular\u0131n bedelini art\u0131k Kuzey K\u0131br\u0131s T\u00fcrk Cumhuriyeti&#8217;nin \u00f6demeyece\u011fini herkesin bilmesi ve bu d\u00fc\u015f\u00fcnceyle hareket etmesi gerekir.<\/p>\n<p style=\"text-align: justify;\"><strong>VEK\u0130LLER\u0130N LOJMANLARI SATILDI\u011eINDA NEDEN BUNU D\u0130LLEND\u0130RMED\u0130N\u00a0<\/strong><\/p>\n<p style=\"text-align: justify;\">Biz bu ara baz\u0131 \u00fcr\u00fcnlere zam yapt\u0131k. Hemen medyada birileri vekil maa\u015flar\u0131na zamm\u0131 g\u00fcndeme getiriyor. Her vekilin alt\u0131na araba, diyorlar bir programda izledim. U\u00e7ak bileti, kira vs diyorlar. Bu terbiyesizliktir. \u0130ktidara geldik vekillerin t\u00fcm lojmanlar\u0131n\u0131 satt\u0131k. Bu vekiller lojmanlar sat\u0131ld\u0131\u011f\u0131nda en ufak ses \u00e7\u0131karmad\u0131lar. Bu parlamento yapt\u0131 bunu. Bunu neden dillendirmedin. \u015eu anda vekillerimin \u00e7o\u011fu kirada. Ay\u0131pt\u0131r yahu. Vekiller san\u0131rs\u0131n ki el bebek g\u00fcl bebek \u00e7al\u0131\u015f\u0131yor. Hele hele Anadolu vekilleri b\u00fct\u00fcn Anadolu&#8217;dan gelen misafirleri a\u011f\u0131rlamak zorunda. A\u011f\u0131rlamazsan aynen o TV spikeri gibi ne derler biliyor musun: &#8221;Bizi a\u011f\u0131rlam\u0131yor. ay\u0131pt\u0131r yahu.&#8221; Milletin temsilcisini milletle nas\u0131l ay\u0131racaklar\u0131n\u0131n oyununu yap\u0131yorlar.<\/p>\n<p style=\"text-align: justify;\"><strong>S\u0130GARA \u0130\u00c7ME KARDE\u015e\u0130M, ALKOL\u00dc DE AZ T\u00dcKET\u00a0<\/strong><\/p>\n<p style=\"text-align: justify;\">Karde\u015fim sigaray\u0131 i\u00e7mezsin, olur biter. Alkol\u00fc daha az t\u00fcketirsin olur biter. Kalk\u0131p da Porsche kullanaca\u011f\u0131na Fiat&#8217;a bin. Biraz daha d\u00fc\u015f\u00fcr harcamay\u0131.<\/p>\n<p style=\"text-align: justify;\"><a href=\"http:\/\/www.hurriyet.com.tr\/gundem\/18994219.asp\" target=\"_blank\">Kaynak : H\u00fcrriyet.com.tr<\/a><\/p>\n","protected":false},"excerpt":{"rendered":"<p style=\"text-align: justify;\">\n<p style=\"text-align: justify;\">Ba\u015fbakan Erdo\u011fan, partisinin K\u0131z\u0131lcahamam kamp\u0131nda milletvekillerine hitap etti..Erdo\u011fan konu\u015fmas\u0131nda motorlu ta\u015f\u0131tlar, i\u00e7ki, alkol ve cep telefonuna konulan \u00d6TV zamm\u0131yla ilgili ele\u015ftirilere de &#8221;Karde\u015fim sigaray\u0131 i\u00e7mezsin, olur biter. Alkol\u00fc daha az t\u00fcketirsin olur biter. Kalk\u0131p da Porsche kullanaca\u011f\u0131na Fiat&#8217;a bin. Biraz daha d\u00fc\u015f\u00fcr harcamay\u0131&#8221; yan\u0131t\u0131n\u0131 verdi. <\/p>\n","protected":false},"author":1,"featured_media":0,"comment_status":"open","ping_status":"open","sticky":false,"template":"","format":"standard","meta":{"footnotes":""},"categories":[105],"tags":[],"class_list":["post-41195","post","type-post","status-publish","format-standard","hentry","category-gundem","odd"],"_links":{"self":[{"href":"http:\/\/www.korhanyilmaz.com\/index.php?rest_route=\/wp\/v2\/posts\/41195","targetHints":{"allow":["GET"]}}],"collection":[{"href":"http:\/\/www.korhanyilmaz.com\/index.php?rest_route=\/wp\/v2\/posts"}],"about":[{"href":"http:\/\/www.korhanyilmaz.com\/index.php?rest_route=\/wp\/v2\/types\/post"}],"author":[{"embeddable":true,"href":"http:\/\/www.korhanyilmaz.com\/index.php?rest_route=\/wp\/v2\/users\/1"}],"replies":[{"embeddable":true,"href":"http:\/\/www.korhanyilmaz.com\/index.php?rest_route=%2Fwp%2Fv2%2Fcomments&post=41195"}],"version-history":[{"count":0,"href":"http:\/\/www.korhanyilmaz.com\/index.php?rest_route=\/wp\/v2\/posts\/41195\/revisions"}],"wp:attachment":[{"href":"http:\/\/www.korhanyilmaz.com\/index.php?rest_route=%2Fwp%2Fv2%2Fmedia&parent=41195"}],"wp:term":[{"taxonomy":"category","embeddable":true,"href":"http:\/\/www.korhanyilmaz.com\/index.php?rest_route=%2Fwp%2Fv2%2Fcategories&post=41195"},{"taxonomy":"post_tag","embeddable":true,"href":"http:\/\/www.korhanyilmaz.com\/index.php?rest_route=%2Fwp%2Fv2%2Ftags&post=41195"}],"curies":[{"name":"wp","href":"https:\/\/api.w.org\/{rel}","templated":true}]}}