{"id":41192,"date":"2011-10-15T16:01:16","date_gmt":"2011-10-15T13:01:16","guid":{"rendered":"http:\/\/www.korhanyilmaz.com\/?p=41192"},"modified":"2011-10-15T17:04:16","modified_gmt":"2011-10-15T14:04:16","slug":"chpli-tekinden-basbakana-sigara-yaniti","status":"publish","type":"post","link":"http:\/\/www.korhanyilmaz.com\/?p=41192","title":{"rendered":"CHP&#8217;li Tekin&#8217;den Ba\u015fbakan&#8217;a &#8216;sigara&#8217; yan\u0131t\u0131"},"content":{"rendered":"<p style=\"text-align: justify;\">\n<p style=\"text-align: justify;\"><a href=\"http:\/\/www.korhanyilmaz.com\/wp-content\/uploads\/2011\/10\/8085.jpg\"  class=\"lightview\"><img loading=\"lazy\" decoding=\"async\" class=\"aligncenter size-full wp-image-41193\" title=\"\" src=\"http:\/\/www.korhanyilmaz.com\/wp-content\/uploads\/2011\/10\/8085.jpg\" alt=\"\" width=\"250\" height=\"150\" \/><\/a>CHP Genel Ba\u015fkan Yard\u0131mc\u0131s\u0131 G\u00fcrsel Tekin, Ba\u015fbakan Erdo\u011fan&#8217;\u0131n \u00d6TV zamm\u0131n\u0131 ele\u015ftirenlere y\u00f6nelik s\u00f6yledi\u011fi &#8221;Karde\u015fim sigaray\u0131 i\u00e7mezsin, olur biter. Alkol\u00fc daha az t\u00fcketirsin olur biter. Kalk\u0131p da Porsche kullanaca\u011f\u0131na Fiat\u2019a bin&#8221; \u015feklindeki a\u00e7\u0131klamas\u0131na tepki g\u00f6sterdi. Tekin, &#8221;Herkes l\u00fcks ya\u015fam i\u00e7inde de\u011fil&#8221; dedi.\u00a0<!--more--><\/p>\n<p style=\"text-align: justify;\">CHP Lideri Kemal K\u0131l\u0131\u00e7daro\u011flu\u2019nun Karaman\u2019daki gezisine e\u015flik eden Tekin, Ba\u015fbakan Recep Tayyip Erdo\u011fan\u2019\u0131n, partisinin K\u0131z\u0131lcahamam kamp\u0131nda milletvekillerine hitap etti\u011fi konu\u015fmas\u0131nda motorlu ta\u015f\u0131tlar, i\u00e7ki, alkol ve cep telefonuna yap\u0131lan \u00d6TV zamm\u0131yla ilgili yap\u0131lan ele\u015ftirelere y\u00f6nelik &#8221;Karde\u015fim sigaray\u0131 i\u00e7mezsin, olur biter. Alkol\u00fc daha az t\u00fcketirsin olur biter. Kalk\u0131p da Porsche kullanaca\u011f\u0131na Fiat\u2019a bin. Biraz daha d\u00fc\u015f\u00fcr harcamay\u0131&#8221; a\u00e7\u0131klamas\u0131na, herkesin l\u00fcks ya\u015fam i\u00e7inde olmad\u0131\u011f\u0131n\u0131 belirterek Ba\u015fbakan Erdo\u011fan\u2019\u0131 halk\u0131n i\u00e7ine inmeye davet etti.<\/p>\n<p style=\"text-align: justify;\"><span style=\"text-decoration: underline;\">Tekin, \u015funlar\u0131 s\u00f6yledi:<\/span><\/p>\n<p style=\"text-align: justify;\">&#8221;Say\u0131n Ba\u015fbakan o \u015fatafat ya\u015fam bi\u00e7imini g\u00f6r\u00fcnce, 7 y\u0131ld\u0131zl\u0131 otelerde, en l\u00fcks restoranlarda, l\u00fcks ara\u00e7lara binildi\u011fini g\u00f6r\u00fcnce zannediyor ki, T\u00fcrkiye\u2019de herkes bu ya\u015fam tarz\u0131 i\u00e7inde. Say\u0131n Ba\u015fbakan, \u00f6nce milletin i\u00e7ine ineceksiniz. \u0130\u015fsizli\u011fin sefaletin, ne boyutta oldu\u011funu g\u00f6receksiniz. Biraz \u00f6nce sizlerle (gazetecilere) dola\u015ft\u0131k. \u015eehirde et sat\u0131lm\u0131yor. B\u00fct\u00fcn d\u00f6nercilere bakt\u0131\u011f\u0131n\u0131zda, tavuk d\u00f6ner sat\u0131l\u0131yor. Daha ucuz olsun diye. T\u00fcrkiye\u2019nin neresine giderseniz gidin, bu sorun var.&#8221;<\/p>\n<p style=\"text-align: justify;\"><strong>&#8221;BA\u015eBAKAN YANGININ FARKINDA DE\u011e\u0130L&#8221;\u00a0<\/strong><\/p>\n<p style=\"text-align: justify;\">Zamm\u0131n ad\u0131n\u0131n de\u011fi\u015ftirildi\u011fini ifade eden Tekin, s\u00f6zlerini \u015f\u00f6yle s\u00fcrd\u00fcrd\u00fc: &#8221;Zam deme cesaretini g\u00f6steremeyenlerin, ad\u0131na g\u00fcncelleme ya da ba\u015fka terimler bularak, bunu kapatmalar\u0131 m\u00fcmk\u00fcn de\u011fildir. Say\u0131n Ba\u015fbakan, yang\u0131n\u0131n fark\u0131nda de\u011fildir. Yang\u0131n\u0131n fark\u0131nda olabilmesi i\u00e7in biraz a\u015fa\u011f\u0131lara inmesi gerekiyor. \u015eiddetle bu zamlar\u0131 protesto etmek istiyoruz. T\u00fcrkiye\u2019de emeklilerin, i\u015f\u00e7ilerin, memurlar\u0131n, \u00e7al\u0131\u015fanlar\u0131n, \u00e7ift\u00e7ilerin \u00e7ok \u00f6nemli s\u0131k\u0131nt\u0131lar\u0131n\u0131n oldu\u011funu say\u0131n Ba\u015fbakan\u2019\u0131n bilmesi gerekiyor. Ne zaman 7 y\u0131ld\u0131zl\u0131 otellerden \u00e7\u0131karlarsa onu fark etmi\u015f olurlar&#8221; dedi.<\/p>\n<p style=\"text-align: justify;\"><strong>&#8221;KORUMA M\u00dcD\u00dcR\u00dcN\u00dcN HAFIZASI YER\u0130NDE&#8221;\u00a0<\/strong><\/p>\n<p style=\"text-align: justify;\">Bir gazetecinin Ba\u015fbakan Yard\u0131mc\u0131s\u0131 Be\u015fir Atalay\u2019\u0131n koruma m\u00fcd\u00fcr\u00fcn\u00fcn &#8216;B\u00f6yle bir\u015fey olsayd\u0131 savc\u0131lar\u0131n beni tutuklamas\u0131 gerekirdi&#8217; diye a\u00e7\u0131klama yapt\u0131\u011f\u0131n\u0131 hat\u0131rlatmas\u0131 \u00fczerine G\u00fcrsel Tekin, &#8221;Bizim bildi\u011fimiz, bir ay \u00f6nce, kendisinin savc\u0131l\u0131k taraf\u0131ndan ifadesinin al\u0131nd\u0131\u011f\u0131d\u0131r. \u0130fadenin i\u00e7inde neyin olmad\u0131\u011f\u0131n\u0131 kendileri biliyordur. \u00d6n\u00fcm\u00fczdeki g\u00fcnlerde, savc\u0131l\u0131klar gere\u011fini yapacakt\u0131r. 3 g\u00fcn \u00f6nce say\u0131n Atalay, &#8216;korumam hat\u0131rlam\u0131yor&#8217; demi\u015fti. \u015eimdi g\u00f6r\u00fcyorum ki, koruma hat\u0131rl\u0131yor. B\u00fct\u00fcn haf\u0131zas\u0131 yerinde. Savc\u0131l\u0131\u011fa da ifade vermi\u015ftir. \u0130fadesinin i\u00e7eri\u011fine bakt\u0131\u011f\u0131mda orada b\u00fct\u00fcn tablo yat\u0131yordu&#8221; diye konu\u015ftu.<\/p>\n<p style=\"text-align: justify;\"><a href=\"http:\/\/www.hurriyet.com.tr\/gundem\/18995174.asp\" target=\"_blank\">Kaynak : H\u00fcrriyet.com.tr<\/a><\/p>\n","protected":false},"excerpt":{"rendered":"<p style=\"text-align: justify;\">\n<p style=\"text-align: justify;\">CHP Genel Ba\u015fkan Yard\u0131mc\u0131s\u0131 G\u00fcrsel Tekin, Ba\u015fbakan Erdo\u011fan&#8217;\u0131n \u00d6TV zamm\u0131n\u0131 ele\u015ftirenlere y\u00f6nelik s\u00f6yledi\u011fi &#8221;Karde\u015fim sigaray\u0131 i\u00e7mezsin, olur biter. Alkol\u00fc daha az t\u00fcketirsin olur biter. Kalk\u0131p da Porsche kullanaca\u011f\u0131na Fiat\u2019a bin&#8221; \u015feklindeki a\u00e7\u0131klamas\u0131na tepki g\u00f6sterdi. Tekin, &#8221;Herkes l\u00fcks ya\u015fam i\u00e7inde de\u011fil&#8221; dedi. <\/p>\n","protected":false},"author":1,"featured_media":0,"comment_status":"open","ping_status":"open","sticky":false,"template":"","format":"standard","meta":{"footnotes":""},"categories":[105],"tags":[],"class_list":["post-41192","post","type-post","status-publish","format-standard","hentry","category-gundem","odd"],"_links":{"self":[{"href":"http:\/\/www.korhanyilmaz.com\/index.php?rest_route=\/wp\/v2\/posts\/41192","targetHints":{"allow":["GET"]}}],"collection":[{"href":"http:\/\/www.korhanyilmaz.com\/index.php?rest_route=\/wp\/v2\/posts"}],"about":[{"href":"http:\/\/www.korhanyilmaz.com\/index.php?rest_route=\/wp\/v2\/types\/post"}],"author":[{"embeddable":true,"href":"http:\/\/www.korhanyilmaz.com\/index.php?rest_route=\/wp\/v2\/users\/1"}],"replies":[{"embeddable":true,"href":"http:\/\/www.korhanyilmaz.com\/index.php?rest_route=%2Fwp%2Fv2%2Fcomments&post=41192"}],"version-history":[{"count":0,"href":"http:\/\/www.korhanyilmaz.com\/index.php?rest_route=\/wp\/v2\/posts\/41192\/revisions"}],"wp:attachment":[{"href":"http:\/\/www.korhanyilmaz.com\/index.php?rest_route=%2Fwp%2Fv2%2Fmedia&parent=41192"}],"wp:term":[{"taxonomy":"category","embeddable":true,"href":"http:\/\/www.korhanyilmaz.com\/index.php?rest_route=%2Fwp%2Fv2%2Fcategories&post=41192"},{"taxonomy":"post_tag","embeddable":true,"href":"http:\/\/www.korhanyilmaz.com\/index.php?rest_route=%2Fwp%2Fv2%2Ftags&post=41192"}],"curies":[{"name":"wp","href":"https:\/\/api.w.org\/{rel}","templated":true}]}}