{"id":41189,"date":"2011-10-15T16:21:23","date_gmt":"2011-10-15T13:21:23","guid":{"rendered":"http:\/\/www.korhanyilmaz.com\/?p=41189"},"modified":"2011-10-15T17:00:41","modified_gmt":"2011-10-15T14:00:41","slug":"yolsuzluk-ve-yoksullugun-adi-guncelleme-mi-oldu","status":"publish","type":"post","link":"http:\/\/www.korhanyilmaz.com\/?p=41189","title":{"rendered":"&#8216;Yolsuzluk ve yoksullu\u011fun ad\u0131 g\u00fcncelleme mi oldu?&#8217;"},"content":{"rendered":"<p style=\"text-align: center;\"><a href=\"http:\/\/www.korhanyilmaz.com\/wp-content\/uploads\/2011\/10\/8084.jpg\"  class=\"lightview\"><img loading=\"lazy\" decoding=\"async\" class=\"aligncenter  wp-image-41190\" src=\"http:\/\/www.korhanyilmaz.com\/wp-content\/uploads\/2011\/10\/8084.jpg\" alt=\"\" width=\"320\" height=\"214\" \/><\/a><\/p>\n<p style=\"text-align: justify;\">CHP Genel Ba\u015fkan Yard\u0131mc\u0131s\u0131 G\u00fcrsel Tekin, zamlar\u0131n halk\u0131n belini b\u00fckt\u00fc\u011f\u00fcn\u00fc belirterek, &#8220;Yoksullu\u011fun ve yolsuzlu\u011fun yeni ad\u0131 g\u00fcncelleme mi oldu?&#8221; diye sordu.<\/p>\n<p style=\"text-align: justify;\">Tekin, yapt\u0131\u011f\u0131 yaz\u0131l\u0131 a\u00e7\u0131klamada, do\u011falgaza ve elektri\u011fe yap\u0131lan zamm\u0131n ekme\u011fe, suya, giyime, \u00fcretimde sanayiye yans\u0131yaca\u011f\u0131n\u0131 belirterek, AK Parti iktidar\u0131n\u0131 ele\u015ftirdi. AK Parti iktidar\u0131na \u201cSizin adalet ve kalk\u0131nma anlay\u0131\u015f\u0131n\u0131z halk\u0131n \u00fczerindeki y\u00fck\u00fc artt\u0131rarak, yanda\u015f\u0131n\u0131z olan \u015firketlere destek sa\u011flamak m\u0131d\u0131r?\u201d diye soran Tekin, a\u00e7\u0131klamas\u0131nda \u015funlar\u0131 kaydetti:\u00a0<!--more--><\/p>\n<p style=\"text-align: justify;\">\u201cBug\u00fcn ger\u00e7ekle\u015fen bu zamlar cari a\u00e7\u0131\u011f\u0131 halk\u0131n \u00fczerinden kapatma giri\u015fimidir. Bu \u00e7ok net. AKP y\u00f6netiminin olu\u015fturdu\u011fu cari a\u00e7\u0131\u011f\u0131n bedeli halka \u00f6detilmektedir. \u00c7\u00f6z\u00fcm, halk\u0131n \u00fczerindeki vergi y\u00fck\u00fcn\u00fc artt\u0131rmak de\u011fil istihdam yaratmak, \u00fcretimde art\u0131\u015f sa\u011flamak, vergi y\u00fck\u00fcnde de payla\u015f\u0131mda da adaleti sa\u011flamak olmal\u0131d\u0131r. Merkez Bankas\u0131n\u0131n kasalar\u0131n\u0131n dolmas\u0131n\u0131n yolu, halk\u0131n cebinin bo\u015falmas\u0131 de\u011fildir.<\/p>\n<p style=\"text-align: justify;\">&#8216;\u0130\u015fimiz hizmet g\u00fcc\u00fcm\u00fcz millet&#8217; slogan\u0131ndaki i\u015finiz, yanda\u015flar\u0131n\u0131z\u0131 daha da zenginle\u015ftirerek hizmet etmek, g\u00fcc\u00fcn\u00fczse halk\u0131n cebindeki \u00fc\u00e7 kuru\u015fa g\u00f6z dikmek midir? A\u011fz\u0131n\u0131zdan d\u00fc\u015f\u00fcrmedi\u011finiz &#8216;fakir fukara garip guraba&#8217; \u015fimdi nerede ve ne durumdad\u0131r, haberiniz var m\u0131?\u201d<\/p>\n<p style=\"text-align: justify;\"><strong>\u201cS\u0131ra halk\u0131n, y\u00f6netimi g\u00fcncellemesindedir\u201d<\/strong><\/p>\n<p style=\"text-align: justify;\">Maliye Bakan\u0131 Mehmet \u015eim\u015fek&#8217;in \u00d6TV&#8217;deki yeni d\u00fczenlemeler \u201cg\u00fcncelleme\u201d tabirini kulland\u0131\u011f\u0131n\u0131 ifade eden Tekin, \u015f\u00f6yle devam etti:<\/p>\n<p style=\"text-align: justify;\">\u201cA\u00e7\u0131l\u0131m, deyip ter\u00f6r \u00e7\u0131kmaz\u0131na mahkum etti\u011finiz vatanda\u015flar\u0131m\u0131z\u0131 \u015fimdi de &#8216;g\u00fcncelleme&#8217; tabiriyle daha da yoksullu\u011fa mahkum etmek mi istiyorsunuz? Biz mi yanl\u0131\u015f biliyoruz, &#8216;g\u00fcncelleme&#8217; iyiye ve do\u011fruya y\u00f6nelik olmaz m\u0131yd\u0131? Yoksullu\u011fun ve yolsuzlu\u011fun yeni ad\u0131 g\u00fcncelleme mi oldu? Sizin g\u00fcncellemeleriniz neden yoksullu\u011fa ve halk\u0131n \u00fczerinde bask\u0131 olu\u015fturmaya y\u00f6nelik? \u015eunu bilin ki s\u0131ra halk\u0131n, y\u00f6netimi g\u00fcncellemesindedir. Say\u0131n \u015eim\u015fek&#8217;in a\u00e7\u0131klamas\u0131 yetmiyormu\u015f gibi Ba\u015fbakan Yard\u0131mc\u0131s\u0131 Say\u0131n B\u00fclent Ar\u0131n\u00e7, &#8216;Bu zamlar 74 milyonu kapsam\u0131yor&#8217; diyerek \u00fclkeden nas\u0131l da bihaber oldu\u011funu g\u00f6stermi\u015ftir.\u201d<\/p>\n<p style=\"text-align: justify;\">Tekin, T\u00fcrkiye&#8217;nin i\u015fsizlik, yoksulluk, insani geli\u015fmi\u015flikte geri kalm\u0131\u015fl\u0131k, kad\u0131n cinayetleri, \u00e7ocuk istismar\u0131, gelir da\u011f\u0131l\u0131m\u0131ndaki adaletsizlik ve yolsuzluk gibi onlarca sorunun k\u0131skac\u0131nda oldu\u011funu savundu ve \u015funlar\u0131 kaydetti:<\/p>\n<p style=\"text-align: justify;\">\u201cAKP zihniyeti, bu sorunlar\u0131n \u00e7\u00f6z\u00fcm\u00fc yerine, halk\u0131n \u00fczerindeki vergi y\u00fck\u00fc ve bask\u0131y\u0131 nas\u0131l artt\u0131rabilece\u011fini d\u00fc\u015f\u00fcnmektedir. Bu g\u00fcncellemelerin sonu yoksullu\u011fun sebebiyet verdi\u011fi toplumsal buhran ve \u015fiddettir. Yap\u0131lan zamlar\u0131n hesab\u0131n\u0131 yoksulla\u015fan halk\u0131m\u0131za, yoksullu\u011fun k\u0131skac\u0131nda sindirilen vatanda\u015flar\u0131m\u0131za nas\u0131l vereceksiniz?<\/p>\n<p style=\"text-align: justify;\">\u015eunu bilin ki, bu \u00fclke ve vatanda\u015flar\u0131 sahipsiz de\u011fildir? D\u00fcn oldu\u011fu gibi bug\u00fcnde Cumhuriyet Halk Partisi yap\u0131lan t\u00fcm yanl\u0131\u015f ve adaletsizliklerin kar\u015f\u0131s\u0131ndad\u0131r.\u201d<\/p>\n<p style=\"text-align: justify;\"><a href=\"http:\/\/www.radikal.com.tr\/Radikal.aspx?aType=RadikalDetayV3&amp;ArticleID=1066464&amp;Date=15.10.2011&amp;CategoryID=78\" target=\"_blank\">Kaynak : Radikal.com.tr<\/a><\/p>\n","protected":false},"excerpt":{"rendered":"<p style=\"text-align: center;\">\n<p style=\"text-align: justify;\">CHP Genel Ba\u015fkan Yard\u0131mc\u0131s\u0131 G\u00fcrsel Tekin, zamlar\u0131n halk\u0131n belini b\u00fckt\u00fc\u011f\u00fcn\u00fc belirterek, &#8220;Yoksullu\u011fun ve yolsuzlu\u011fun yeni ad\u0131 g\u00fcncelleme mi oldu?&#8221; diye sordu.<\/p>\n<p style=\"text-align: justify;\">Tekin, yapt\u0131\u011f\u0131 yaz\u0131l\u0131 a\u00e7\u0131klamada, do\u011falgaza ve elektri\u011fe yap\u0131lan zamm\u0131n ekme\u011fe, suya, giyime, \u00fcretimde sanayiye yans\u0131yaca\u011f\u0131n\u0131 belirterek, AK Parti iktidar\u0131n\u0131 ele\u015ftirdi. AK Parti iktidar\u0131na \u201cSizin adalet ve kalk\u0131nma <\/p>\n","protected":false},"author":1,"featured_media":0,"comment_status":"open","ping_status":"open","sticky":false,"template":"","format":"standard","meta":{"footnotes":""},"categories":[105],"tags":[],"class_list":["post-41189","post","type-post","status-publish","format-standard","hentry","category-gundem","odd"],"_links":{"self":[{"href":"http:\/\/www.korhanyilmaz.com\/index.php?rest_route=\/wp\/v2\/posts\/41189","targetHints":{"allow":["GET"]}}],"collection":[{"href":"http:\/\/www.korhanyilmaz.com\/index.php?rest_route=\/wp\/v2\/posts"}],"about":[{"href":"http:\/\/www.korhanyilmaz.com\/index.php?rest_route=\/wp\/v2\/types\/post"}],"author":[{"embeddable":true,"href":"http:\/\/www.korhanyilmaz.com\/index.php?rest_route=\/wp\/v2\/users\/1"}],"replies":[{"embeddable":true,"href":"http:\/\/www.korhanyilmaz.com\/index.php?rest_route=%2Fwp%2Fv2%2Fcomments&post=41189"}],"version-history":[{"count":0,"href":"http:\/\/www.korhanyilmaz.com\/index.php?rest_route=\/wp\/v2\/posts\/41189\/revisions"}],"wp:attachment":[{"href":"http:\/\/www.korhanyilmaz.com\/index.php?rest_route=%2Fwp%2Fv2%2Fmedia&parent=41189"}],"wp:term":[{"taxonomy":"category","embeddable":true,"href":"http:\/\/www.korhanyilmaz.com\/index.php?rest_route=%2Fwp%2Fv2%2Fcategories&post=41189"},{"taxonomy":"post_tag","embeddable":true,"href":"http:\/\/www.korhanyilmaz.com\/index.php?rest_route=%2Fwp%2Fv2%2Ftags&post=41189"}],"curies":[{"name":"wp","href":"https:\/\/api.w.org\/{rel}","templated":true}]}}