{"id":41169,"date":"2011-10-14T12:15:09","date_gmt":"2011-10-14T09:15:09","guid":{"rendered":"http:\/\/www.korhanyilmaz.com\/?p=41169"},"modified":"2011-10-15T09:36:54","modified_gmt":"2011-10-15T06:36:54","slug":"annesinden-habersiz-uyursa-olecek","status":"publish","type":"post","link":"http:\/\/www.korhanyilmaz.com\/?p=41169","title":{"rendered":"Annesinden habersiz uyursa \u00f6lecek"},"content":{"rendered":"<p style=\"text-align: center;\"><a href=\"http:\/\/www.korhanyilmaz.com\/wp-content\/uploads\/2011\/10\/8079.jpg\"  class=\"lightview\"><img loading=\"lazy\" decoding=\"async\" class=\"aligncenter  wp-image-41170\" src=\"http:\/\/www.korhanyilmaz.com\/wp-content\/uploads\/2011\/10\/8079.jpg\" alt=\"\" width=\"396\" height=\"180\" \/><\/a><\/p>\n<p style=\"text-align: justify;\">5 ya\u015f\u0131ndaki \u00dcmm\u00fcg\u00fcls\u00fcm, d\u00fcnyada sadece birka\u00e7 y\u00fcz ki\u015fide g\u00f6r\u00fclen ve tedavisi olmayan hastal\u0131k nedeniyle solunum cihaz\u0131na ba\u011fl\u0131 uyuyabiliyor.<\/p>\n<p style=\"text-align: justify;\">Kocaeli&#8217;de ya\u015fayan 5 ya\u015f\u0131ndaki \u00dcmm\u00fcg\u00fcls\u00fcm, d\u00fcnyada sadece birka\u00e7 y\u00fcz ki\u015fide g\u00f6r\u00fclen ve tedavisi olmayan &#8221;Santral Hipoventilasyon Sendromu&#8221; (uykuya ba\u011fl\u0131 solunum bozuklu\u011fu) nedeniyle 5 y\u0131ld\u0131r geceleri solunum cihaz\u0131na ba\u011fl\u0131 \u015fekilde uyuyabiliyor.\u00a0<!--more--><\/p>\n<p style=\"text-align: justify;\">1996 y\u0131l\u0131nda evlenen Nebahat ve G\u00fcven Gen\u00e7 \u00e7iftinin \u00fc\u00e7\u00fcnc\u00fc \u00e7ocuklar\u0131 \u00dcmm\u00fcg\u00fcls\u00fcm, 2006 y\u0131l\u0131nda 8 ayl\u0131kken erken do\u011fum sonucu d\u00fcnyaya geldi. \u00dcmm\u00fcg\u00fcls\u00fcm, do\u011fdu\u011fu anda morarmaya ba\u015flay\u0131nca hemen kuv\u00f6ze al\u0131narak solunum cihaz\u0131na ba\u011fland\u0131.<\/p>\n<p style=\"text-align: justify;\">Doktorlarca yap\u0131lan kontrollerde \u00e7ocu\u011fa Santral Hipoventilasyon Sendromu (uykuya ba\u011fl\u0131 solunum bozuklu\u011fu) te\u015fhisi konuldu. Hastal\u0131\u011f\u0131 h\u0131zla ilerleyen \u00dcmm\u00fcg\u00fcls\u00fcm&#8217;\u00fcn gece solunum cihaz\u0131na ba\u011flanabilmesi i\u00e7in nefes borusunun \u00f6n duvar\u0131na, nefes al\u0131p vermesini kolayla\u015ft\u0131rmak amac\u0131yla cerrahi y\u00f6ntemle bir delik a\u00e7\u0131ld\u0131. Geceleri bu deli\u011fe ba\u011flanan solunum cihaz\u0131yla uyuyabilen minik \u00dcmm\u00fcg\u00fcls\u00fcm, 5 y\u0131ld\u0131r bu \u015fekilde ya\u015fama tutunuyor. Solunum cihaz\u0131 olmadan uyumas\u0131 durumunda hayat\u0131n\u0131 kaybedecek olan \u00dcmm\u00fcg\u00fcls\u00fcm, s\u00fcrekli d\u0131\u015far\u0131 \u00e7\u0131kamad\u0131\u011f\u0131 i\u00e7in g\u00fcn\u00fcn b\u00fcy\u00fck b\u00f6l\u00fcm\u00fcn\u00fc pencereden \u00e7ocuklar\u0131 izleyerek ge\u00e7iriyor.<\/p>\n<p style=\"text-align: justify;\">39 ya\u015f\u0131ndaki anne Nebahat Gen\u00e7, AA muhabirine, hamileyken doktorlar\u0131n her \u015feyin yolunda oldu\u011funu s\u00f6yledi\u011fini ve 3. \u00e7ocuklar\u0131 olan \u00dcmm\u00fcg\u00fcls\u00fcm&#8217;\u00fcn 8 ayl\u0131kken d\u00fcnyaya geldi\u011fini s\u00f6yledi. K\u0131z\u0131n\u0131n do\u011fumdan hemen sonra morarmaya ba\u015flad\u0131\u011f\u0131n\u0131n anlatan Gen\u00e7, kuv\u00f6ze al\u0131nan ve solunum cihaz\u0131na ba\u011flanan k\u0131zlar\u0131na Santral Hipoventilasyon Sendromu te\u015fhisi konuldu\u011funu anlatt\u0131.<\/p>\n<p style=\"text-align: justify;\">Uyudu\u011fu zaman solunum cihaz\u0131 deste\u011fi olmadan k\u0131z\u0131n\u0131n ya\u015famayaca\u011f\u0131n\u0131 ifade eden Gen\u00e7, &#8221;Doktorlar solunum cihaz\u0131 almam\u0131z gerekti\u011fini, cihaz olmadan k\u0131z\u0131m\u0131n ya\u015fayamayaca\u011f\u0131n\u0131 s\u00f6ylediler. Biz de cihaz\u0131 sigorta ile ald\u0131k&#8221; dedi.<\/p>\n<p style=\"text-align: justify;\">Do\u011fduktan sonra 3 ay yo\u011fun bak\u0131mda kalan \u00dcmm\u00fcg\u00fcls\u00fcm&#8217;\u00fcn nefes borusunun delinerek &#8221;Trakeostomi Kan\u00fcl\u00fc&#8221; konuldu\u011funu, solunum cihaz\u0131n\u0131n da buraya tak\u0131ld\u0131\u011f\u0131n\u0131 anlatan Gen\u00e7, \u015f\u00f6yle devam etti:<\/p>\n<p style=\"text-align: justify;\">&#8221;K\u0131z\u0131m\u0131n yan\u0131ndan 24 saat ayr\u0131lam\u0131yorum. K\u0131z\u0131m benden habersiz bir yerlerde uyursa \u00f6lecek. Bu \u00e7ok ac\u0131 bir durum. Ba\u015fka anneler \u00e7ocuklar\u0131n\u0131 uyutmaya \u00e7al\u0131\u015f\u0131r, ben ise \u00dcmm\u00fcg\u00fcls\u00fcm&#8217;\u00fc g\u00fcnd\u00fcz uyan\u0131k tutmaya \u00e7al\u0131\u015f\u0131yorum. Gece uyudu\u011fu zaman solunum makinesine ba\u011fl\u0131yorum. Buhar\u0131n\u0131 veriyorum ve bo\u011faz\u0131n\u0131 temizliyorum. Bo\u011faz\u0131ndaki kan\u00fcl veya cihaz\u0131n hortumlar\u0131 \u00e7\u0131kt\u0131\u011f\u0131 zaman hemen yerine tak\u0131yorum. K\u0131z\u0131ma bir \u015fey olmas\u0131n diye 24 saat ba\u015f\u0131ndan ayr\u0131lm\u0131yorum. O benim her \u015feyim.&#8221;<\/p>\n<p style=\"text-align: justify;\"><strong>GECE ELEKTR\u0130K KES\u0130NT\u0130S\u0130 KABUSU OLDU<\/strong><\/p>\n<p style=\"text-align: justify;\">\u00dcmm\u00fcg\u00fcls\u00fcm&#8217;\u00fcn bir s\u00fcre \u00f6nce grip oldu\u011funu ve solunum s\u0131k\u0131nt\u0131s\u0131 ya\u015famaya ba\u015flad\u0131\u011f\u0131n\u0131 anlatan anne Gen\u00e7, s\u00f6zlerini \u015f\u00f6yle s\u00fcrd\u00fcrd\u00fc:<\/p>\n<p style=\"text-align: justify;\">&#8221;Tam o d\u00f6nemde bir gece elektrikler kesildi ve cihaz\u0131n \u015farj\u0131 da bitti. K\u0131z\u0131m uykudan uyanm\u0131yordu. Balkondaki jenerat\u00f6r\u00fc \u00e7al\u0131\u015ft\u0131rmak istedim. \u00c7al\u0131\u015ft\u0131 fakat hemen durdu. K\u0131z\u0131m da hemen morarmaya ba\u015flad\u0131. O ara \u00e7ocu\u011fum elimden gitti sand\u0131m. 112 Acil Servisi arad\u0131m. Daha sonra elektrik gelince hemen oksijen cihaz\u0131n\u0131 takt\u0131m. O gece \u00e7ok korktum. Hastanelerin yo\u011fun bak\u0131m\u0131nda doktor veya hem\u015fire ne yap\u0131yorsa ben de onlar\u0131 yaparak k\u0131z\u0131m\u0131 hayatta tutmaya \u00e7al\u0131\u015f\u0131yorum.&#8221;<\/p>\n<p style=\"text-align: justify;\">&#8221;Gece uyudu\u011fumuzda elektrik gitse ya da cihazda bir sorun olsa ve bunu fark edemezsek k\u0131z\u0131m\u0131 kaybederiz&#8221; diyen Gen\u00e7, k\u0131z\u0131n\u0131n bo\u011faz\u0131ndaki delikten dolay\u0131 devaml\u0131 zat\u00fcrre oldu\u011funu, antibiyotik kullanmak zorunda kald\u0131klar\u0131na dikkati \u00e7ekti.<\/p>\n<p style=\"text-align: justify;\">K\u0131z\u0131n\u0131n bo\u011faz\u0131ndaki delik nedeniyle enfeksiyon kapma ihtimali oldu\u011funu, o y\u00fczden 3 ayda bir hastaneye gitmek zorunda olduklar\u0131n\u0131 vurgulayan Gen\u00e7, \u015f\u00f6yle konu\u015ftu:<\/p>\n<p style=\"text-align: justify;\">&#8221;Beyin geli\u015firse solunum ile ilgili bir geli\u015fme olabilir diye y\u0131lda bir defa kontrol ediyorlar. Bir hafta \u00f6nce y\u0131ll\u0131k kontrole gittik. Fakat durumda bir geli\u015fme olmad\u0131\u011f\u0131n\u0131 s\u00f6ylediler. Bir geli\u015fme olmad\u0131\u011f\u0131n\u0131 duyunca y\u0131k\u0131ld\u0131m. Gece yar\u0131s\u0131 \u0130stanbul&#8217;dan Kocaeli&#8217;ye geldik. Bu hastal\u0131k \u00e7ok yayg\u0131n bir hastal\u0131k de\u011fil. T\u00fcrkiye&#8217;de 8-10 \u00e7ocukta bulunan bir hastal\u0131k. Sadece \u00e7ocuklarda g\u00f6r\u00fclen bir hastal\u0131k. Bu hastal\u0131k te\u015fhis edilmeden \u00f6nce \u00e7ocuklar do\u011far do\u011fmaz \u00f6l\u00fcyorlard\u0131. Son 10 y\u0131lda solunum cihaz\u0131 ile eve g\u00f6ndermeye ba\u015flad\u0131lar. Yurt d\u0131\u015f\u0131nda da 300 ki\u015fide g\u00f6r\u00fcl\u00fcyormu\u015f.&#8221;<\/p>\n<p style=\"text-align: justify;\"><strong>VAL\u0130 TOPACA SAH\u0130P \u00c7IKTI<\/strong><\/p>\n<p style=\"text-align: justify;\">K\u0131z\u0131n\u0131n hastal\u0131\u011f\u0131ndan dolay\u0131 Kocaeli Valisi Ercan Topaca&#8217;n\u0131n kendilerini ziyaret etti\u011fini bildiren Gen\u00e7, s\u00f6zlerini \u015f\u00f6yle s\u00fcrd\u00fcrd\u00fc:<\/p>\n<p style=\"text-align: justify;\">&#8221;K\u0131z\u0131m biraz hiperaktif bir \u00e7ocuk. Evin i\u00e7erisinde durmuyor. Pencereden d\u0131\u015far\u0131 bakmay\u0131 \u00e7ok seviyor. Biz o zaman 6. katta oturuyorduk. Ben orada onu kontrol edemiyordum. \u0130kimiz de hapis hayat\u0131 ya\u015f\u0131yorduk. D\u00fc\u015fmesin diye camlar\u0131n \u00f6n\u00fcne s\u00fcrekli bir \u015feyler day\u0131yordum. Cihazlar ile inip \u00e7\u0131kmak da zor oluyordu. Bunlar\u0131 ya\u015fad\u0131\u011f\u0131m\u0131 Valimize anlatt\u0131m. Valimiz de valili\u011fe ait lojmanlar\u0131n oldu\u011funu istedi\u011fimiz takdirde ta\u015f\u0131nabilece\u011fimizi s\u00f6yledi. Biz de kabul ettik. Ayl\u0131k 250 lira kira \u00f6deyecek \u015fekilde 5 y\u0131ll\u0131k kontrat imzalad\u0131k. Yakla\u015f\u0131k 3 ayd\u0131r Yuvac\u0131k Irak Konutlar\u0131&#8217;nda oturuyoruz. \u015eimdi i\u00e7im rahat. \u00c7\u00fcnk\u00fc zemin katta oturuyoruz. K\u0131z\u0131m rahat\u00e7a pencereden bak\u0131yor. Temiz hava konusunda da buras\u0131 \u00e7ok temiz bir yer, solunumu i\u00e7in de iyi oldu. Valimize \u00e7ok te\u015fekk\u00fcr ediyorum.&#8221;<\/p>\n<p style=\"text-align: justify;\">K\u0131zlar\u0131n\u0131n 5 y\u0131ld\u0131r hasta oldu\u011funu ayn\u0131 zamanda di\u011fer iki k\u0131z\u0131n\u0131 da okuttuklar\u0131n\u0131 s\u00f6yleyen Gen\u00e7, masraflar nedeniyle bor\u00e7lar\u0131n\u0131n artt\u0131\u011f\u0131n\u0131 ba\u015fka \u00e7areleri kalmad\u0131\u011f\u0131 i\u00e7in evlerini ipotek ettirerek bor\u00e7lar\u0131n\u0131 taksitle \u00f6demeye \u00e7al\u0131\u015ft\u0131klar\u0131n\u0131 belirtti.<\/p>\n<p style=\"text-align: justify;\">Art\u0131k taksitleri \u00f6deyemeyecek duruma geldikleri i\u00e7in evlerini sat\u0131\u015fa \u00e7\u0131kard\u0131klar\u0131n\u0131 dile getiren Gen\u00e7, &#8221;Ama evi alan yok. Devlet mi al\u0131yor kim al\u0131yorsa als\u0131n. Biz kimseden yard\u0131m istemiyoruz. Hi\u00e7bir \u015feye muhta\u00e7 de\u011filiz. Tek iste\u011fimiz evimizi satmak ve borcumuzdan kurtulmak&#8221; dedi.<\/p>\n\n\t\t\t\t\t\t\t<style type='text\/css'>\n\t\t\t\t\t\t\t\t#gallery-1 {\n\t\t\t\t\t\t\t\t\tmargin: auto;\n\t\t\t\t\t\t\t\t}\n\t\t\t\t\t\t\t\t#gallery-1 .gallery-item {\n\t\t\t\t\t\t\t\t\tfloat: left;\n\t\t\t\t\t\t\t\t\tmargin-top: 10px;\n\t\t\t\t\t\t\t\t\ttext-align: center;\n\t\t\t\t\t\t\t\t\twidth: 33%;\t\t\t}\n\t\t\t\t\t\t\t\t#gallery-1 img {\n\t\t\t\t\t\t\t\t\tborder: 2px solid #cfcfcf;\n\t\t\t\t\t\t\t\t}\n\t\t\t\t\t\t\t\t#gallery-1 .gallery-caption {\n\t\t\t\t\t\t\t\t\tmargin-left: 0;\n\t\t\t\t\t\t\t\t}\n\t\t\t\t\t\t\t<\/style>\n\t\t\t\t\t\t\t<!-- z-Lightview gallery shortcode, see http:\/\/www.zaikos.com\/wp-plugins\/z-lightview\/ -->\n\t\t\t\t\t\t\t<div id='gallery-1' class='gallery galleryid-41169'><dl class='gallery-item'>\n\t\t\t\t\t<dt class='gallery-icon'>\n\t\t\t\t\t\t<a href='http:\/\/www.korhanyilmaz.com\/wp-content\/uploads\/2011\/10\/8079.jpg'>8079<\/a>\n\t\t\t\t\t<\/dt><\/dl><dl class='gallery-item'>\n\t\t\t\t\t<dt class='gallery-icon'>\n\t\t\t\t\t\t<a href='http:\/\/www.korhanyilmaz.com\/wp-content\/uploads\/2011\/10\/8080.jpg'>8080<\/a>\n\t\t\t\t\t<\/dt><\/dl><dl class='gallery-item'>\n\t\t\t\t\t<dt class='gallery-icon'>\n\t\t\t\t\t\t<a href='http:\/\/www.korhanyilmaz.com\/wp-content\/uploads\/2011\/10\/8081.jpg'>8081<\/a>\n\t\t\t\t\t<\/dt><\/dl><br style=\"clear: both\" \/>\n\t\t\t\t\t<br style='clear: both;' \/>\n\t\t\t\t<\/div>\n\n<p style=\"text-align: justify;\"><strong>D\u00dcNYADA \u00c7OK NAD\u0130R G\u00d6R\u00dcLEN B\u0130R HASTALIK<\/strong><\/p>\n<p style=\"text-align: justify;\">Kocaeli \u00dcniversitesi (KO\u00dc) T\u0131p Fak\u00fcltesi \u00c7ocuk G\u00f6\u011f\u00fcs Hastal\u0131klar\u0131 Bilim Dal\u0131 \u00d6\u011fretim \u00dcyesi Do\u00e7. Dr. Seda Uyan, \u00dcmm\u00fcg\u00fcls\u00fcm&#8217;\u00fcn yakaland\u0131\u011f\u0131 hastal\u0131\u011f\u0131n \u00e7ok nadir g\u00f6r\u00fclen bir hastal\u0131k oldu\u011funu ve bu hastal\u0131\u011fa yakalanan \u00e7ocuklar\u0131n uyurken nefes almay\u0131 unuttu\u011funu s\u00f6yledi.<\/p>\n<p style=\"text-align: justify;\">S\u00f6z konusu hastal\u0131kla m\u00fccadele eden \u00e7ocuklar\u0131n uyurken solunum cihaz\u0131na ba\u011flanmad\u0131klar\u0131 takdirde nefes alamad\u0131klar\u0131 i\u00e7in \u00f6ld\u00fc\u011f\u00fcne dikkati \u00e7eken Uyan, s\u00f6zlerini \u015f\u00f6yle tamamlad\u0131:<\/p>\n<p style=\"text-align: justify;\">&#8221;O y\u00fczden olduk\u00e7a ciddi bir problem. Bu hastal\u0131\u011f\u0131n d\u00fcnyada g\u00f6r\u00fclme y\u00fczdesini vermek \u00e7ok zor. D\u00fcnyada bu hastal\u0131\u011fa yakalanan insan say\u0131s\u0131n\u0131n 300 ila 500 ki\u015fi aras\u0131nda oldu\u011funu s\u00f6yleyebiliriz. Hastal\u0131\u011f\u0131n ila\u00e7l\u0131 bir tedavisi yok. Ancak uykudayken solunumunu desteklemek s\u00f6z konusu oluyor. Bu solunumu desteklemek i\u00e7in de bir tak\u0131m cihazlar laz\u0131m oluyor. \u00dcmm\u00fcg\u00fcls\u00fcm \u015fu anda ev tipi solunum cihaz\u0131 kullan\u0131yor. Bunu ilk ba\u015fta \u00e7ocuklar maske ile alamad\u0131klar\u0131 i\u00e7in yeteri kadar nefes alamad\u0131klar\u0131 i\u00e7in bo\u011faz\u0131ndan bir trakeostomi kan\u00fcl\u00fc yard\u0131m\u0131 ile oksijen veriliyor. Fakat \u00e7ocuk b\u00fcy\u00fcd\u00fck\u00e7e maskeye al\u0131\u015ft\u0131k\u00e7a bu bo\u011faz\u0131ndaki trakeostomi kapat\u0131l\u0131yor ve maske ile solunuma ge\u00e7iliyor.&#8221;<\/p>\n<p style=\"text-align: justify;\"><a href=\"http:\/\/www.gazeteport.com.tr\/haber\/57656\/annesinden_habersiz_uyursa_olecek\" target=\"_blank\">Kaynak : GAZETEPORT<\/a><\/p>\n","protected":false},"excerpt":{"rendered":"<p style=\"text-align: center;\">\n<p style=\"text-align: justify;\">5 ya\u015f\u0131ndaki \u00dcmm\u00fcg\u00fcls\u00fcm, d\u00fcnyada sadece birka\u00e7 y\u00fcz ki\u015fide g\u00f6r\u00fclen ve tedavisi olmayan hastal\u0131k nedeniyle solunum cihaz\u0131na ba\u011fl\u0131 uyuyabiliyor.<\/p>\n<p style=\"text-align: justify;\">Kocaeli&#8217;de ya\u015fayan 5 ya\u015f\u0131ndaki \u00dcmm\u00fcg\u00fcls\u00fcm, d\u00fcnyada sadece birka\u00e7 y\u00fcz ki\u015fide g\u00f6r\u00fclen ve tedavisi olmayan &#8221;Santral Hipoventilasyon Sendromu&#8221; (uykuya ba\u011fl\u0131 solunum bozuklu\u011fu) nedeniyle 5 y\u0131ld\u0131r geceleri solunum cihaz\u0131na ba\u011fl\u0131 \u015fekilde uyuyabiliyor. <\/p>\n","protected":false},"author":1,"featured_media":0,"comment_status":"open","ping_status":"open","sticky":false,"template":"","format":"standard","meta":{"footnotes":""},"categories":[105],"tags":[],"class_list":["post-41169","post","type-post","status-publish","format-standard","hentry","category-gundem","odd"],"_links":{"self":[{"href":"http:\/\/www.korhanyilmaz.com\/index.php?rest_route=\/wp\/v2\/posts\/41169","targetHints":{"allow":["GET"]}}],"collection":[{"href":"http:\/\/www.korhanyilmaz.com\/index.php?rest_route=\/wp\/v2\/posts"}],"about":[{"href":"http:\/\/www.korhanyilmaz.com\/index.php?rest_route=\/wp\/v2\/types\/post"}],"author":[{"embeddable":true,"href":"http:\/\/www.korhanyilmaz.com\/index.php?rest_route=\/wp\/v2\/users\/1"}],"replies":[{"embeddable":true,"href":"http:\/\/www.korhanyilmaz.com\/index.php?rest_route=%2Fwp%2Fv2%2Fcomments&post=41169"}],"version-history":[{"count":0,"href":"http:\/\/www.korhanyilmaz.com\/index.php?rest_route=\/wp\/v2\/posts\/41169\/revisions"}],"wp:attachment":[{"href":"http:\/\/www.korhanyilmaz.com\/index.php?rest_route=%2Fwp%2Fv2%2Fmedia&parent=41169"}],"wp:term":[{"taxonomy":"category","embeddable":true,"href":"http:\/\/www.korhanyilmaz.com\/index.php?rest_route=%2Fwp%2Fv2%2Fcategories&post=41169"},{"taxonomy":"post_tag","embeddable":true,"href":"http:\/\/www.korhanyilmaz.com\/index.php?rest_route=%2Fwp%2Fv2%2Ftags&post=41169"}],"curies":[{"name":"wp","href":"https:\/\/api.w.org\/{rel}","templated":true}]}}