{"id":41164,"date":"2011-10-14T20:47:09","date_gmt":"2011-10-14T17:47:09","guid":{"rendered":"http:\/\/www.korhanyilmaz.com\/?p=41164"},"modified":"2011-10-15T05:39:56","modified_gmt":"2011-10-15T02:39:56","slug":"hakim-durusmada-avukati-dovdu","status":"publish","type":"post","link":"http:\/\/www.korhanyilmaz.com\/?p=41164","title":{"rendered":"&#8216;Hakim duru\u015fmada avukat\u0131 d\u00f6vd\u00fc&#8217;"},"content":{"rendered":"<p style=\"text-align: justify;\">\n<p style=\"text-align: center;\"><a href=\"http:\/\/www.korhanyilmaz.com\/wp-content\/uploads\/2011\/10\/80781.jpg\"  class=\"lightview\"><img loading=\"lazy\" decoding=\"async\" class=\"aligncenter  wp-image-41166\" src=\"http:\/\/www.korhanyilmaz.com\/wp-content\/uploads\/2011\/10\/80781.jpg\" alt=\"\" width=\"350\" height=\"235\" \/><\/a><\/p>\n<p style=\"text-align: justify;\">Bal\u0131kesir 1. Sulh Hukuk Mahkemesi duru\u015fma salonunda bir hakimin, bir avukat\u0131 &#8221;tokat ve tekmeyle d\u00f6vd\u00fc\u011f\u00fc&#8221; iddia edildi.<\/p>\n<p style=\"text-align: justify;\">BALIKES\u0130R &#8211; Bal\u0131kesir Barosu Ba\u015fkan\u0131 Ya\u015far Meyvac\u0131 ve 50 avukat Bal\u0131kesir Adliyesi \u00f6n\u00fcnde bas\u0131n a\u00e7\u0131klamas\u0131 yapt\u0131.\u00a0<!--more--><\/p>\n<p style=\"text-align: justify;\">Meyvac\u0131, 36 y\u0131ll\u0131k avukat olan meslekta\u015flar\u0131 Muzaffer Zeybek&#8217;\u0131n, bug\u00fcn bir duru\u015fma salonunda bir hakimin fiili sald\u0131r\u0131s\u0131na u\u011frad\u0131\u011f\u0131 \u00f6ne s\u00fcrerek, &#8221;Belki de \u00fclkemizde ilk kez bug\u00fcn ger\u00e7ekle\u015fen, bir yarg\u0131c\u0131n, duru\u015fma salonunda, hi\u00e7bir neden olmaks\u0131z\u0131n, duru\u015fma s\u0131ras\u0131 gelen ve g\u00f6revini yapmak \u00fczere yerini alan, duayen bir meslekta\u015f\u0131m\u0131z\u0131 yumruklayarak d\u00f6vmesini kamuoyuyla payla\u015fmak i\u00e7in buraday\u0131z. Meslekta\u015f\u0131m\u0131za y\u00f6neltilen \u00e7ok \u00e7irkin, hi\u00e7bir \u015fekilde izah edilemeyecek bu tavr\u0131 \u015fiddetle k\u0131n\u0131yoruz&#8221; dedi.<\/p>\n<p style=\"text-align: justify;\">Meslekta\u015flar\u0131na y\u00f6nelik olan kendilerini derinden sarsan olay\u0131n avukatlara bak\u0131\u015f a\u00e7\u0131s\u0131n\u0131n yans\u0131mas\u0131 oldu\u011funu \u00f6ne s\u00fcren Meyvac\u0131, s\u00f6zlerini \u015f\u00f6yle s\u00fcrd\u00fcrd\u00fc:<\/p>\n<p style=\"text-align: justify;\">&#8221;Meslekta\u015f\u0131m\u0131z\u0131n \u015fahs\u0131nda ger\u00e7ekle\u015fen bu darp olay\u0131n\u0131 hepimize kar\u015f\u0131 ger\u00e7ekle\u015ftirilmi\u015f olarak kabul ediyoruz. Bu \u00e7ok \u00fcz\u00fcc\u00fc ve \u00e7ok \u00e7irkin tavr\u0131n kar\u015f\u0131l\u0131\u011f\u0131n\u0131n ne olaca\u011f\u0131n\u0131 merakla bekliyoruz. \u00c7\u00fcnk\u00fc yarg\u0131n\u0131n 3 aya\u011f\u0131ndan birisi olan savunmaya kar\u015f\u0131 ger\u00e7ekle\u015ftirilen bak\u0131\u015f a\u00e7\u0131s\u0131 bu \u015fekilde ortaya \u00e7\u0131kacakt\u0131r. Unutulmamal\u0131d\u0131r ki savunman\u0131n olmad\u0131\u011f\u0131 yerde ne adalet vard\u0131r ne de demokrasi.&#8221;<\/p>\n<p style=\"text-align: justify;\">Bu t\u00fcr bir &#8221;sald\u0131r\u0131n\u0131n&#8221; T\u00fcrkiye&#8217;de ilk defa ya\u015fand\u0131\u011f\u0131n\u0131 belirten Baro Ba\u015fkan\u0131 Meyvac\u0131, \u015fu ifadeleri kulland\u0131:<\/p>\n<p style=\"text-align: justify;\">&#8221;Biz ilk defa duru\u015fma salonunda avukat d\u00f6ven bir hakimle kar\u015f\u0131la\u015f\u0131yoruz. Olay\u0131 k\u0131n\u0131yoruz. Adalet Komisyonu Ba\u015fkan\u0131yla g\u00f6r\u00fc\u015f\u00fcp arkada\u015f\u0131m\u0131za sald\u0131ran hakimin duru\u015fmalar\u0131na girmeme karar\u0131 alaca\u011f\u0131z. Bal\u0131kesir Barosundan hi\u00e7bir avukat arkada\u015f\u0131m\u0131z\u0131n o hakimin duru\u015fmas\u0131na girmesini istemiyoruz.&#8221;<\/p>\n<p style=\"text-align: justify;\">Sald\u0131r\u0131ya u\u011frad\u0131\u011f\u0131n\u0131 \u00f6ne s\u00fcren avukat Muzaffer Zeybek ise 1975 y\u0131l\u0131ndan beri Bal\u0131kesir&#8217;de serbest avukatl\u0131k yapt\u0131\u011f\u0131n\u0131, meslek ya\u015fam\u0131nda ve ilk kez b\u00f6yle bir durumla kar\u015f\u0131la\u015ft\u0131\u011f\u0131n\u0131 s\u00f6yledi.<\/p>\n<p style=\"text-align: justify;\">Zeybek s\u00f6zlerini \u015f\u00f6yle s\u00fcrd\u00fcrd\u00fc:<\/p>\n<p style=\"text-align: justify;\">&#8221;Olay sabah saatlerinde meydana geldi. Duru\u015fma s\u0131ram\u0131z gelmi\u015fti. Duru\u015fma salonu da kalabal\u0131kt\u0131. S\u0131ram\u0131z\u0131 bekliyorduk. M\u00fcba\u015fir \u00e7a\u011f\u0131r\u0131nca yerlerimize ge\u00e7tik. Hakim k\u00fcrs\u00fcden kalkt\u0131, c\u00fcbbesini b\u0131rakt\u0131, d\u0131\u015far\u0131 do\u011fru y\u00fcr\u00fcd\u00fc. O arada benim de ikinci bir dosyam vard\u0131. M\u00fcba\u015fire Bursa&#8217;dan bir dosya bekledi\u011fimi ve avukat\u0131n\u0131n gelip gelmedi\u011fini sordum. Bunu s\u00f6yleyince hakim, d\u0131\u015far\u0131 \u00e7\u0131kar gibi yapt\u0131. D\u00f6nd\u00fc bana ne yumruklar, ne hakaretler&#8230; E\u011fer oradaki avukatlar uyan\u0131k olup araya girmeselerdi. \u015eu anda beynim patlard\u0131. Kendisiyle daha \u00f6nce hi\u00e7 bir sorunum yoktu. Kendisini Sakarya&#8217;da g\u00f6rev yapt\u0131\u011f\u0131 s\u0131rada da tan\u0131r\u0131m. Hatta orada duru\u015fmalar\u0131na da girdim. Ni\u00e7in b\u00f6yle davrand\u0131\u011f\u0131n\u0131 bilmiyorum.&#8221;<\/p>\n<p style=\"text-align: justify;\">Bu arada T\u00fcrkiye Barolar Birli\u011fi Ba\u015fkan\u0131 Av. Vedat Ahsen Co\u015far, telefonla Zeybek&#8217;i arayarak &#8221;ge\u00e7mi\u015f olsun&#8221; dileklerini iletti.<\/p>\n<p style=\"text-align: justify;\">Gazetecilerin \u015fahit oldu\u011fu g\u00f6r\u00fc\u015fme s\u0131ras\u0131nda Zeybek&#8217;in telefonda Co\u015far&#8217;a, hakim M.Y. hakk\u0131nda,&#8221;Gitmi\u015f Hukuk Komisyonu Ba\u015fkan\u0131&#8217;na, &#8216;\u015fekerim vard\u0131 ne yapt\u0131\u011f\u0131m\u0131 bilmiyorum&#8217; demi\u015f. Ben olsam kellemi alacaklar\u0131n\u0131 bilsem her \u015feyi s\u00f6ylerim&#8221; ifadesini kullanmas\u0131 dikkat \u00e7ekti.<\/p>\n<p style=\"text-align: justify;\">Hakim M.Y. hakk\u0131nda \u015fikayet\u00e7i olan Avukat Zeybek, hastaneye giderek rapor ald\u0131.<\/p>\n<p style=\"text-align: justify;\">Bal\u0131kesir&#8217;de 2 y\u0131ld\u0131r g\u00f6rev yapt\u0131\u011f\u0131 belirtilen Hakim M.Y. ise gazetecilerin sorusu \u00fczerine, konu\u015fmas\u0131n\u0131n do\u011fru olmayaca\u011f\u0131n\u0131 ifade etti.<\/p>\n<p style=\"text-align: justify;\"><a href=\"http:\/\/www.ntvmsnbc.com\/id\/25288904\/\" target=\"_blank\">Kaynak : NTVMSNBC<\/a><\/p>\n","protected":false},"excerpt":{"rendered":"<p style=\"text-align: justify;\">\n<p style=\"text-align: center;\">\n<p style=\"text-align: justify;\">Bal\u0131kesir 1. Sulh Hukuk Mahkemesi duru\u015fma salonunda bir hakimin, bir avukat\u0131 &#8221;tokat ve tekmeyle d\u00f6vd\u00fc\u011f\u00fc&#8221; iddia edildi.<\/p>\n<p style=\"text-align: justify;\">BALIKES\u0130R &#8211; Bal\u0131kesir Barosu Ba\u015fkan\u0131 Ya\u015far Meyvac\u0131 ve 50 avukat Bal\u0131kesir Adliyesi \u00f6n\u00fcnde bas\u0131n a\u00e7\u0131klamas\u0131 yapt\u0131. <\/p>\n","protected":false},"author":1,"featured_media":0,"comment_status":"open","ping_status":"open","sticky":false,"template":"","format":"standard","meta":{"footnotes":""},"categories":[105],"tags":[],"class_list":["post-41164","post","type-post","status-publish","format-standard","hentry","category-gundem","odd"],"_links":{"self":[{"href":"http:\/\/www.korhanyilmaz.com\/index.php?rest_route=\/wp\/v2\/posts\/41164","targetHints":{"allow":["GET"]}}],"collection":[{"href":"http:\/\/www.korhanyilmaz.com\/index.php?rest_route=\/wp\/v2\/posts"}],"about":[{"href":"http:\/\/www.korhanyilmaz.com\/index.php?rest_route=\/wp\/v2\/types\/post"}],"author":[{"embeddable":true,"href":"http:\/\/www.korhanyilmaz.com\/index.php?rest_route=\/wp\/v2\/users\/1"}],"replies":[{"embeddable":true,"href":"http:\/\/www.korhanyilmaz.com\/index.php?rest_route=%2Fwp%2Fv2%2Fcomments&post=41164"}],"version-history":[{"count":0,"href":"http:\/\/www.korhanyilmaz.com\/index.php?rest_route=\/wp\/v2\/posts\/41164\/revisions"}],"wp:attachment":[{"href":"http:\/\/www.korhanyilmaz.com\/index.php?rest_route=%2Fwp%2Fv2%2Fmedia&parent=41164"}],"wp:term":[{"taxonomy":"category","embeddable":true,"href":"http:\/\/www.korhanyilmaz.com\/index.php?rest_route=%2Fwp%2Fv2%2Fcategories&post=41164"},{"taxonomy":"post_tag","embeddable":true,"href":"http:\/\/www.korhanyilmaz.com\/index.php?rest_route=%2Fwp%2Fv2%2Ftags&post=41164"}],"curies":[{"name":"wp","href":"https:\/\/api.w.org\/{rel}","templated":true}]}}