{"id":41155,"date":"2011-10-14T17:17:51","date_gmt":"2011-10-14T14:17:51","guid":{"rendered":"http:\/\/www.korhanyilmaz.com\/?p=41155"},"modified":"2011-10-14T20:22:37","modified_gmt":"2011-10-14T17:22:37","slug":"iste-kostebek-dosyasindaki-o-belge","status":"publish","type":"post","link":"http:\/\/www.korhanyilmaz.com\/?p=41155","title":{"rendered":"\u0130\u015fte &#8216;K\u00f6stebek&#8217; dosyas\u0131ndaki o belge"},"content":{"rendered":"<p style=\"text-align: justify;\"><a href=\"http:\/\/www.korhanyilmaz.com\/wp-content\/uploads\/2011\/10\/8076.jpg\"  class=\"lightview\"><img loading=\"lazy\" decoding=\"async\" class=\"aligncenter size-full wp-image-41156\" title=\"\" src=\"http:\/\/www.korhanyilmaz.com\/wp-content\/uploads\/2011\/10\/8076.jpg\" alt=\"\" width=\"313\" height=\"188\" \/><\/a><\/p>\n<p style=\"text-align: justify;\">CHP Genel Ba\u015fkan\u0131 Kemal K\u0131l\u0131\u00e7daro\u011flu&#8217;nun g\u00fcndeme getirdi\u011fi ve eski \u0130\u00e7i\u015fleri Bakan\u0131 Be\u015fir Atalay&#8217;\u0131 &#8220;K\u00f6stebek&#8221; olarak su\u00e7lamas\u0131na neden olan belgeler bug\u00fcn S\u00f6zc\u00fc Gazetesi&#8217;nde yay\u0131nland\u0131.<\/p>\n<p style=\"text-align: justify;\">S\u00f6zc\u00fc Gazetesi Ankara temsilcisi Sayg\u0131 \u00d6zt\u00fcrk&#8217;\u00fcn haberine g\u00f6re, K\u0131l\u0131\u00e7daro\u011flu&#8217;nun TBMM k\u00fcrs\u00fcs\u00fcnden g\u00f6sterdi\u011fi &#8220;Deniz Feneri-K\u00f6stebek Olay\u0131&#8221; yaz\u0131l\u0131 klas\u00f6r\u00fcnde, konu\u015fma &#8216;tape&#8217;leri, kimin kimi ne zaman arad\u0131\u011f\u0131na ili\u015fkin telefon trafi\u011fi kay\u0131tlar\u0131n\u0131n da yer ald\u0131\u011f\u0131 iddia edildi.\u00a0<!--more--><\/p>\n<p style=\"text-align: justify;\"><strong><span style=\"text-decoration: underline;\">\u0130\u015fte o klas\u00f6rde oldu\u011fu \u00f6ne s\u00fcr\u00fclen belgeler:\u00a0<\/span><\/strong><\/p>\n<p style=\"text-align: justify;\"><strong>&#8220;Yap\u0131lacak aramayla ilgili di\u011ferlerine bilgi verdim&#8221;<\/strong><\/p>\n<p style=\"text-align: justify;\">&#8220;Deniz Feneri e.V soru\u015fturmas\u0131n\u0131n san\u0131klar\u0131ndan \u0130smail Karahan&#8217;\u0131n ifadesinde &#8220;arama yap\u0131laca\u011f\u0131n\u0131n \u00f6\u011frenildi\u011fi&#8221; yer al\u0131yor. \u0130\u015fte Karahan&#8217;\u0131n ifadesindeki o b\u00f6l\u00fcm:<\/p>\n<p style=\"text-align: justify;\">&#8220;\u0130stanbul&#8217;daki i\u015fyerlerimizde yap\u0131lan aramadan hemen birka\u00e7 g\u00fcn \u00f6nce Mustafa \u00c7elik beni telefonla arayarak y\u00fcz y\u00fcze g\u00f6r\u00fc\u015fmemiz gerekti\u011fini s\u00f6yledi. Bir araya geldi\u011fimizde bana i\u015fyerinde arama yap\u0131laca\u011f\u0131n\u0131 duydu\u011funu, bu nedenle izine ayr\u0131lmamam\u0131 belki i\u015fyerinde baz\u0131 bilgilere ihtiya\u00e7 duyulabilece\u011fini, bunlar\u0131 kendilerinin cevaplayamayabilece\u011fini s\u00f6yledi.<\/p>\n<p style=\"text-align: justify;\"><strong>\u00c7EL\u0130\u015eK\u0130L\u0130 \u0130FADE\u00a0<\/strong><\/p>\n<p style=\"text-align: justify;\">Cumhuriyet Gazetesi&#8217;nin haberine g\u00f6re, \u0130\u00e7i\u015fleri Bakan\u0131 Be\u015fir Atalay\u2019\u0131n Koruma M\u00fcd\u00fcr\u00fc Ali Karaba\u011f\u2019\u0131n savc\u0131l\u0131kta verdi\u011fi ifadede, \u201cK\u0131r\u0131kkale Belediye Ba\u015fkan\u0131 Veli Korkmaz\u2019\u0131 Bakan Bey\u2019in ertesi g\u00fcn\u00fc K\u0131r\u0131kkale\u2019ye gidece\u011fini bildirmek i\u00e7in arad\u0131m\u201d dedi\u011fi iddia edildi. Buna kar\u015f\u0131n Atalay\u2019\u0131n bu konu\u015fmadan bir g\u00fcn sonra K\u0131r\u0131kkale\u2019ye de\u011fil Ba\u015fbakan Tayyip Erdo\u011fan ile Irak\u2019a gitti\u011fi anla\u015f\u0131ld\u0131.<\/p>\n<p style=\"text-align: justify;\">Beni arama yap\u0131laca\u011f\u0131n\u0131 \u00f6\u011frendikten sonra baz\u0131 personelimizin i\u015ften ayr\u0131lmamas\u0131n\u0131 istedim. Bundan amac\u0131m arama s\u0131ras\u0131nda bilgilere ihtiya\u00e7 olabilece\u011fi i\u00e7indi. Mustafa \u00c7elik bana arama yap\u0131laca\u011f\u0131n\u0131 s\u00f6yledikten sonra Zekeriya Bey&#8217;e de ayn\u0131 bilgiyi vermi\u015f. Zira ertesi g\u00fcn \u00fc\u00e7\u00fcm\u00fcz bir araya gelerek konu\u015ftuk, bu konu\u015fmaya g\u00f6re arama yap\u0131laca\u011f\u0131ndan Zekeriya Bey&#8217;in de bilgisi oldu\u011fu anla\u015f\u0131l\u0131yordu. Bu konu\u015fmam\u0131z\u0131n temeli arama s\u0131ras\u0131nda ne yapaca\u011f\u0131m\u0131za y\u00f6nelik idi.<\/p>\n<p style=\"text-align: justify;\">Bundan kastetti\u011fim delil ya da kay\u0131t gizleme ya da yok etme de\u011fildi. En az\u0131ndan araman\u0131n medyan\u0131n g\u00fcndeminde yer alaca\u011f\u0131n\u0131 bu konular\u0131 konu\u015ftuk.&#8221;<\/p>\n<p style=\"text-align: justify;\">Saat 22:19: \u0130\u00e7i\u015fleri Bakanl\u0131\u011f\u0131 \u00d6zel Kalem M\u00fcd\u00fcrl\u00fc\u011f\u00fc ad\u0131na kay\u0131tl\u0131 ve yak\u0131n koruma taraf\u0131nda kullan\u0131lan cep telefonundan 14 Ekim 2010&#8217;da yani arama yap\u0131lmadan iki g\u00fcn \u00f6nce saat 22:19&#8217;da K\u0131r\u0131kkale Belediye Ba\u015fkan\u0131 Veli Korkmaz aran\u0131yor. Konu\u015fma 134 saniye s\u00fcr\u00fcyor.<\/p>\n<p style=\"text-align: justify;\">Saat 22:22: Belediye Ba\u015fkan\u0131 Veli Korkmaz, ba\u015fka bir telefonla Kanal 7 Genel M\u00fcd\u00fcr\u00fc Mustafa \u00c7elik&#8217;i ar\u0131yor.<\/p>\n<p style=\"text-align: justify;\">Telefon konu\u015fmas\u0131n\u0131n hemen ard\u0131ndan \u00c7elik, ayn\u0131 soru\u015fturman\u0131n \u015f\u00fcphelilerinden \u0130smail Karahan&#8217;\u0131 ar\u0131yor.<\/p>\n<p style=\"text-align: center;\"><a href=\"http:\/\/www.korhanyilmaz.com\/wp-content\/uploads\/2011\/10\/8075.jpg\"  class=\"lightview\"><img loading=\"lazy\" decoding=\"async\" class=\"aligncenter  wp-image-41157\" src=\"http:\/\/www.korhanyilmaz.com\/wp-content\/uploads\/2011\/10\/8075.jpg\" alt=\"\" width=\"419\" height=\"95\" \/><\/a><\/p>\n<p style=\"text-align: justify;\"><strong>CHP lideri K\u0131l\u0131\u00e7daro\u011flu iddialar\u0131n\u0131 s\u00fcrd\u00fcrd\u00fc\u00a0<\/strong><\/p>\n<p style=\"text-align: justify;\">Be\u015fir Atalay&#8217;\u0131, \u0130\u00e7i\u015fleri Bakanl\u0131\u011f\u0131 d\u00f6nemindeki uygulamas\u0131 nedeniyle &#8220;K\u00f6stebek&#8221;likle su\u00e7layan CHP lideri Kemal K\u0131l\u0131\u00e7daro\u011flu \u015funlar\u0131 s\u00f6yledi:<\/p>\n<p style=\"text-align: justify;\">&#8220;Be\u015fir Atalay, &#8216;belediye aran\u0131yor&#8217; diyor. Do\u011fru, belediye ba\u015fkan\u0131 \u00f6zel kalem m\u00fcd\u00fcr\u00fc taraf\u0131ndan aranabilir. Ama arayan \u00f6zel kalem m\u00fcd\u00fcr\u00fc de\u011fil, bakan\u0131n koruma m\u00fcd\u00fcr\u00fcd\u00fcr. Koruma m\u00fcd\u00fcr belediye ba\u015fkan\u0131n\u0131 niye ar\u0131yor? \u00dcstelik o g\u00fcnlerde bakan\u0131n K\u0131r\u0131kkale&#8217;ye gitmesi, gelmesi diye bir \u015fey de yok.<\/p>\n<p style=\"text-align: justify;\"><strong>&#8220;Bu olayda k\u00f6stebe\u011fin b\u00fcrokratik y\u00fcz\u00fc var&#8221;<\/strong><\/p>\n<p style=\"text-align: justify;\">Saat 22:20&#8217;de, koruma m\u00fcd\u00fcr\u00fcn\u00fcn K\u0131r\u0131kkale Belediye Ba\u015fkan\u0131&#8217;n\u0131 aramas\u0131 ve hemen ard\u0131ndan ba\u015flayan telefon trafi\u011fi anlaml\u0131d\u0131r. Deniz Feneri olay\u0131nda &#8216;k\u00f6stebe\u011fin&#8217; b\u00fcrokratik y\u00fcz\u00fc de var. Bakana arama yap\u0131laca\u011f\u0131 karar\u0131 nas\u0131l gitti? Mahkeme karar\u0131 verildi\u011fi \u00f6\u011frenildi\u011finde mi, yoksa mahkeme karar\u0131 m\u0131 bizzat bakana verilmi\u015ftir? Mahkeme karar\u0131 Emniyet&#8217;e gidince mi bakan aran\u0131p bildirilmi\u015ftir? Bakan, &#8216;bana \u00f6nceden haber verilmemi\u015ftir&#8217; diyemez. \u00c7\u00fcnk\u00fc, Karahan&#8217;\u0131n ifadesi \u00f6nceden haberdar olduklar\u0131n\u0131 ortaya koyuyor.&#8221; Yapt\u0131\u011f\u0131m a\u00e7\u0131klamalar i\u00e7in Say\u0131n be\u015fir Atalay, &#8216;hukuka ayk\u0131r\u0131d\u0131r&#8217; diyor. Benim bu konudaki soru \u00f6nergeme yasaya g\u00f6re 15 g\u00fcn i\u00e7inde cevap verilmesi gerekiyordu. Tam 3 y\u0131ld\u0131r soru \u00f6nergeme cevap vermediniz. hukuka bu kadar ba\u011fl\u0131 oldu\u011funu belirtenler, hukukun gere\u011fini yapmaz m\u0131?&#8221;<\/p>\n<p style=\"text-align: justify;\"><a href=\"http:\/\/www.hurriyet.com.tr\/gundem\/18984646.asp\" target=\"_blank\">Kaynak : H\u00fcrriyet.com.tr<\/a><\/p>\n","protected":false},"excerpt":{"rendered":"<p style=\"text-align: justify;\">\n<p style=\"text-align: justify;\">CHP Genel Ba\u015fkan\u0131 Kemal K\u0131l\u0131\u00e7daro\u011flu&#8217;nun g\u00fcndeme getirdi\u011fi ve eski \u0130\u00e7i\u015fleri Bakan\u0131 Be\u015fir Atalay&#8217;\u0131 &#8220;K\u00f6stebek&#8221; olarak su\u00e7lamas\u0131na neden olan belgeler bug\u00fcn S\u00f6zc\u00fc Gazetesi&#8217;nde yay\u0131nland\u0131.<\/p>\n<p style=\"text-align: justify;\">S\u00f6zc\u00fc Gazetesi Ankara temsilcisi Sayg\u0131 \u00d6zt\u00fcrk&#8217;\u00fcn haberine g\u00f6re, K\u0131l\u0131\u00e7daro\u011flu&#8217;nun TBMM k\u00fcrs\u00fcs\u00fcnden g\u00f6sterdi\u011fi &#8220;Deniz Feneri-K\u00f6stebek Olay\u0131&#8221; yaz\u0131l\u0131 klas\u00f6r\u00fcnde, konu\u015fma &#8216;tape&#8217;leri, kimin kimi ne zaman arad\u0131\u011f\u0131na ili\u015fkin <\/p>\n","protected":false},"author":1,"featured_media":0,"comment_status":"open","ping_status":"open","sticky":false,"template":"","format":"standard","meta":{"footnotes":""},"categories":[105],"tags":[],"class_list":["post-41155","post","type-post","status-publish","format-standard","hentry","category-gundem","odd"],"_links":{"self":[{"href":"http:\/\/www.korhanyilmaz.com\/index.php?rest_route=\/wp\/v2\/posts\/41155","targetHints":{"allow":["GET"]}}],"collection":[{"href":"http:\/\/www.korhanyilmaz.com\/index.php?rest_route=\/wp\/v2\/posts"}],"about":[{"href":"http:\/\/www.korhanyilmaz.com\/index.php?rest_route=\/wp\/v2\/types\/post"}],"author":[{"embeddable":true,"href":"http:\/\/www.korhanyilmaz.com\/index.php?rest_route=\/wp\/v2\/users\/1"}],"replies":[{"embeddable":true,"href":"http:\/\/www.korhanyilmaz.com\/index.php?rest_route=%2Fwp%2Fv2%2Fcomments&post=41155"}],"version-history":[{"count":0,"href":"http:\/\/www.korhanyilmaz.com\/index.php?rest_route=\/wp\/v2\/posts\/41155\/revisions"}],"wp:attachment":[{"href":"http:\/\/www.korhanyilmaz.com\/index.php?rest_route=%2Fwp%2Fv2%2Fmedia&parent=41155"}],"wp:term":[{"taxonomy":"category","embeddable":true,"href":"http:\/\/www.korhanyilmaz.com\/index.php?rest_route=%2Fwp%2Fv2%2Fcategories&post=41155"},{"taxonomy":"post_tag","embeddable":true,"href":"http:\/\/www.korhanyilmaz.com\/index.php?rest_route=%2Fwp%2Fv2%2Ftags&post=41155"}],"curies":[{"name":"wp","href":"https:\/\/api.w.org\/{rel}","templated":true}]}}