{"id":41151,"date":"2011-10-12T22:42:39","date_gmt":"2011-10-12T19:42:39","guid":{"rendered":"http:\/\/www.korhanyilmaz.com\/?p=41151"},"modified":"2011-10-14T17:46:21","modified_gmt":"2011-10-14T14:46:21","slug":"insan-haklarini-cani-yaninca-hatirladi","status":"publish","type":"post","link":"http:\/\/www.korhanyilmaz.com\/?p=41151","title":{"rendered":"\u0130nsan haklar\u0131n\u0131 can\u0131 yan\u0131nca hat\u0131rlad\u0131"},"content":{"rendered":"<p style=\"text-align: center;\"><a href=\"http:\/\/www.korhanyilmaz.com\/wp-content\/uploads\/2011\/10\/8074.jpg\"  class=\"lightview\"><img loading=\"lazy\" decoding=\"async\" class=\"aligncenter  wp-image-41152\" src=\"http:\/\/www.korhanyilmaz.com\/wp-content\/uploads\/2011\/10\/8074.jpg\" alt=\"\" width=\"350\" height=\"312\" \/><\/a><\/p>\n<p style=\"text-align: justify;\">G\u00f6revi d\u00f6neminde s\u0131zd\u0131rmalara sessiz kalan Atalay, \u201cK\u00f6stebek\u201d su\u00e7lamas\u0131na maruz kal\u0131nca feryad\u0131 bast\u0131: Hukuk \u00e7evreleri ibretle izlesin. Vicdan\u0131 olan, soru\u015fturmas\u0131 s\u00fcren dosyay\u0131 kamuoyuyla payla\u015f\u0131r m\u0131?<!--more--><\/p>\n<p style=\"text-align: justify;\"><strong>Onlar da feryat etmi\u015fti ama&#8230;<\/strong><\/p>\n<p style=\"text-align: justify;\">CHP lideri Kemal K\u0131l\u0131\u00e7daro\u011flu\u2019nun a\u00e7\u0131klad\u0131\u011f\u0131 \u201cK\u00f6stebek\u201d dosyas\u0131, Be\u015fir Atalay\u2019\u0131n insan haklar\u0131n\u0131 hat\u0131rlamas\u0131n\u0131 sa\u011flad\u0131. Y\u0131llard\u0131r s\u00fcren baz\u0131 davalar\u0131n onur k\u0131r\u0131c\u0131 muamelelere maruz kalm\u0131\u015f san\u0131klar\u0131 da yarg\u0131s\u0131z infaza isyan etmi\u015f, ancak d\u00f6nemin \u0130\u00e7i\u015fleri Bakan\u0131 Atalay\u2019dan \u00e7\u0131t \u00e7\u0131kmam\u0131\u015ft\u0131.<\/p>\n<p style=\"text-align: justify;\"><strong>\u201cG\u00fcnayd\u0131n say\u0131n Bakan!..\u201d<\/strong><\/p>\n<p style=\"text-align: justify;\">Atalay\u2019\u0131n tavr\u0131na jet yan\u0131t CHP Genel Ba\u015fkan Yard\u0131mc\u0131s\u0131 G\u00fcrsel Tekin\u2019den geldi: \u201cVicdan\u0131 olan, soru\u015fturmas\u0131 s\u00fcren dosyay\u0131 kamuoyuyla payla\u015f\u0131r m\u0131?\u201d diyor. G\u00fcnayd\u0131n say\u0131n Bakan! Bizim konu\u015fmalar\u0131m\u0131z yay\u0131nlan\u0131rken, hukuk anlay\u0131\u015f\u0131n\u0131z el veriyordu da buna m\u0131 el vermiyor!<\/p>\n<p style=\"text-align: justify;\"><strong>\u201cPi\u015fkinlik yapma, istifa et!\u201d<\/strong><\/p>\n<p style=\"text-align: justify;\">\u201cMakam odamdan ba\u015fkan\u0131n aranmas\u0131 normal\u201d demek pi\u015fkinlik. Organize i\u015fleri me\u015frula\u015ft\u0131rarak, hi\u00e7bir \u015fey de\u011filmi\u015f gibi pi\u015fkinlik yapmay\u0131n, istifa edin! \u201cHaberim yok\u201d diyorsan\u0131z o m\u00fcd\u00fcr\u00fc g\u00f6revden al\u0131n. Bu dosya burada da kalmayacak, devam\u0131 kamuoyu ile payla\u015f\u0131lacak.<\/p>\n<p style=\"text-align: justify;\"><strong>\u00c7\u0130FTE STANDARDA TEPK\u0130 YA\u011eDI<\/strong><\/p>\n<p style=\"text-align: justify;\"><strong>Atalay, tepkide hakl\u0131 ama&#8230;<\/strong><\/p>\n<p style=\"text-align: justify;\">Avukat Celal \u00dclgen: Y\u00fczlerce san\u0131k ve \u015f\u00fcpheli i\u00e7in ayn\u0131 uygulamalar yap\u0131l\u0131rken neredeydi? Yasa d\u0131\u015f\u0131 kay\u0131tlar, delil say\u0131lmas\u0131, yanda\u015f bas\u0131n\u0131n yay\u0131nlad\u0131\u011f\u0131 i\u00e7erikleri hi\u00e7 mi g\u00f6rmedi?<\/p>\n<p style=\"text-align: justify;\"><strong>Bas\u0131na serviste neredeydi!<\/strong><\/p>\n<p style=\"text-align: justify;\">Avukat Mehmet Cengiz: Be\u015fikta\u015f merkezli soru\u015fturmalarda savunmaya verilmeyen belgeler, bas\u0131na servis edilirken neredeydi? Nerenin aranaca\u011f\u0131 haberi \u00e7\u0131ksa oras\u0131 arand\u0131!<\/p>\n<p style=\"text-align: justify;\"><strong>Dosya delilleri, bas\u0131ndan!<\/strong><\/p>\n<p style=\"text-align: justify;\">Avukat Vural Erg\u00fcl: M\u00fcvekkillerimizle ilgili iddialar\u0131 bas\u0131ndan \u00f6\u011frendik! Yasa d\u0131\u015f\u0131 elde edilen, t\u00fcretilen delillerin yanda\u015f bas\u0131n \u00fczerinden dava dosyas\u0131na sokuldu\u011funu g\u00f6rd\u00fck!<\/p>\n<p style=\"text-align: justify;\"><strong>Can\u0131n yan\u0131nca m\u0131 hukuku insan onurunu hat\u0131rlad\u0131n<\/strong><\/p>\n<p style=\"text-align: justify;\">Deniz Feneri e.V olay\u0131 ile ilgili \u201cK\u00f6stebek\u201dlikle su\u00e7lanan Ba\u015fbakan Yard\u0131mc\u0131s\u0131 Be\u015fir Atalay, hukuk \u00e7evrelerini g\u00f6reve \u00e7a\u011f\u0131rd\u0131: Herkes tabloyu ibretle izlesin<\/p>\n<p style=\"text-align: justify;\">Ba\u015fbakan Yard\u0131mc\u0131s\u0131 Be\u015fir Atalay, CHP Genel Ba\u015fkan\u0131 Kemal K\u0131l\u0131\u00e7daro\u011flu\u2019nun Deniz Feneri soru\u015fturmas\u0131yla ilgili \u201ck\u00f6stebek\u201d iddialar\u0131na ili\u015fkin yapt\u0131\u011f\u0131 a\u00e7\u0131klamada, anamuhalefet liderinin iftira att\u0131\u011f\u0131n\u0131 belirterek, \u201cKendi onuruna d\u00fc\u015fk\u00fcn olmayanlar ba\u015fkalar\u0131n\u0131n onuru ile kolay oynarlar. Burada zerre kadar insani bir tav\u0131r yok. Burada s\u00f6yledi\u011fi her \u015fey inan\u0131n bir kurgudur, yaland\u0131r, iftirad\u0131r. T\u00fcm hukuk \u00e7evreleri ibretle izlesin\u201d dedi. Atalay\u2019\u0131n bu s\u00f6zlerine CHP\u2019den jet yan\u0131t geldi. Genel Ba\u015fkan Yard\u0131mc\u0131s\u0131 G\u00fcrsel Tekin, \u201cDaha ge\u00e7en hafta Say\u0131n Ba\u015fkan\u0131m\u0131z\u0131n bir gazeteci ile konu\u015fmalar\u0131 \u00e7ar\u015faf \u00e7ar\u015faf b\u00fct\u00fcn gazetelerde yay\u0131mland\u0131. Ben de gazeteci Nedim \u015eener ile konu\u015fmu\u015fum. Bu konu\u015fma gazetelerde yay\u0131nland\u0131. Hukuk anlay\u0131\u015f\u0131n\u0131z buna el veriyordu, buna m\u0131 el vermiyor\u201d diye konu\u015ftu.<\/p>\n<p style=\"text-align: justify;\"><strong>Sadece savc\u0131lar biliyordu<\/strong><\/p>\n<p style=\"text-align: justify;\">Atalay, d\u00fcn NTV\u2019de kat\u0131ld\u0131\u011f\u0131 programda K\u0131l\u0131\u00e7daro\u011flu\u2019nun iddialar\u0131 i\u00e7in konu\u015ftu. K\u0131l\u0131\u00e7daro\u011flu\u2019nu dava edeceklerini belirten Atalay, \u201cBir anamuhalefet partisi genel ba\u015fkan\u0131n\u0131 d\u00fc\u015f\u00fcn\u00fcn. Grup toplant\u0131s\u0131nda elinde tamamen gizli olan, gizlilik durumunda olan soru\u015fturma dosyas\u0131n\u0131 sallayarak hi\u00e7bir \u015fey a\u00e7\u0131klamadan, i\u015fe yarar hi\u00e7bir \u015fey a\u00e7\u0131klamadan b\u00f6yle bir duruma d\u00fc\u015f\u00fcyor\u201d dedi. Deniz Feneri savc\u0131lar\u0131n\u0131n g\u00f6revden al\u0131nmalar\u0131yla ilgili bir soruya Atalay \u015fu cevab\u0131 verdi: \u201cSavc\u0131lar HSYK taraf\u0131ndan g\u00f6revden al\u0131nd\u0131. G\u00f6revden alman\u0131n sebebi evrakta sahtekarl\u0131k gibi su\u00e7lamalard\u0131r.\u201d K\u00f6stebek iddialar\u0131yla ilgili sadece savc\u0131lar\u0131n bildi\u011fi dosyalar\u0131n belgelerin ana muhalefet liderinin elinde kamuoyuna a\u00e7\u0131klanmas\u0131 konusunda de\u011ferlendirmede bulunan Atalay, t\u00fcm hukuk \u00e7evrelerinin bu ya\u015fananlar\u0131 ibretle seyretmesi gerekti\u011fini belirterek bununla ilgili gerekenin yap\u0131lmas\u0131 \u00e7a\u011fr\u0131s\u0131nda bulundu.<\/p>\n<p style=\"text-align: justify;\"><strong>\u00a0Tekin: Atalay istifa etsin<\/strong><\/p>\n<p style=\"text-align: justify;\">CHP Genel Ba\u015fkan Yard\u0131mc\u0131s\u0131 G\u00fcrsel Tekin, Ba\u015fbakan Yard\u0131mc\u0131s\u0131 Be\u015fir Atalay\u2019n\u0131n Deniz Feneri soru\u015fturmas\u0131yla ilgili NTV\u2019ye yapt\u0131\u011f\u0131 a\u00e7\u0131klamaya an\u0131nda cevap verdi. Tekin, \u201cKoruma m\u00fcd\u00fcr\u00fcn\u00fcn telefonla arad\u0131\u011f\u0131n\u0131 hat\u0131rlamamas\u0131 m\u00fcmk\u00fcn de\u011fil. \u2019Makam odamdan ba\u015fkan\u0131n aranmas\u0131 normaldir\u2019deme pi\u015fkinli\u011fini anlam\u0131\u015f de\u011filim. Arama karar\u0131 ne zaman \u00e7\u0131kt\u0131? Senin koruma m\u00fcd\u00fcr\u00fc niye telefon ediyor?\u201d diyerek \u015f\u00f6yle konu\u015ftu: \u201cNerede isterlerse sadece Deniz Feneri\u2019ni tart\u0131\u015fmaya biz CHP olarak a\u00e7\u0131\u011f\u0131z. Ana muhalet liderinin konu\u015fmalar\u0131 gazetelerde yer ald\u0131. B\u00f6yle bir demokrasi, hukuk anlay\u0131\u015f\u0131 olabilir mi? Bir hukuk garabeti varsa bunun sorumlusu h\u00fck\u00fcmettir. Bakan \u2019Benim ilgim yok\u2019diyorsa, o m\u00fcd\u00fcr\u00fc g\u00f6revden almas\u0131 laz\u0131m. Say\u0131n K\u0131l\u0131\u00e7daro\u011flu\u2019nun 3 y\u0131l \u00f6nce s\u00f6yledi\u011fi \u015feyler do\u011fru \u00e7\u0131kt\u0131. Bundan daha net ne olabir? Umut ediyorum gensoruya kalmaz. Demokrasilerde istifa m\u00fcessesi diye bir \u015fey var, san\u0131yorum say\u0131n bakan gere\u011fini yapacakt\u0131r.\u201d<\/p>\n<p style=\"text-align: justify;\"><strong>Dosyan\u0131n devam\u0131 gelecek<\/strong><\/p>\n<p style=\"text-align: justify;\">\u201cDaha ge\u00e7en hafta Say\u0131n Ba\u015fkan\u0131m\u0131z\u0131n bir gazeteci ile konu\u015fmalar\u0131 \u00e7ar\u015faf \u00e7ar\u015faf b\u00fct\u00fcn gazetelerde yay\u0131nland\u0131. Ben de gazeteci Nedim \u015eener ile konu\u015fmu\u015fum. Bu konu\u015fma gazetelerde yay\u0131nland\u0131\u201d diyen Tekin \u015f\u00f6yle devam etti:<\/p>\n<p style=\"text-align: justify;\">\u201cHukuk anlay\u0131\u015f\u0131n\u0131z buna el veriyordu, buna m\u0131 el vermiyor. Anamuhalefet liderinin konu\u015fmalar\u0131n\u0131n o gazetelerde ne i\u015fi var diye sormazlar m\u0131 size? 3 y\u0131l \u00f6nce Say\u0131n K\u0131l\u0131\u00e7daro\u011flu\u2019nun sordu\u011fu sorulara yan\u0131t verilmedi. Say\u0131n Bakan, Say\u0131n Ba\u015fbakan daha somut, daha net ne olabilir? B\u00fct\u00fcn bunlar g\u00f6receksiniz sadece burada kalmaycak. Bu dosyan\u0131n devam\u0131 kamuoyu ile payla\u015f\u0131lacak. Say\u0131n Bakan\u2019\u0131n itiraz edebildi\u011fi ne var burada? \u0130ftira diyor. Burada iftira olan ne var? Nas\u0131l bir \u00fclke olduk, nas\u0131l bir anlay\u0131\u015ft\u0131r, nas\u0131l bir pi\u015fkinliktir? Avrupa\u2019da y\u00fczy\u0131l\u0131n davas\u0131 denilen davay\u0131 Say\u0131n K\u0131l\u0131\u00e7daro\u011flu kendisine dava edinecek, sonra belediyeye yap\u0131lan herhangi bir operasyonmu\u015f gibi g\u00f6r\u00fcl\u00fcyor. Neden Erzurum, Hakkari de\u011fil de K\u0131r\u0131kkale Belediye Ba\u015fkan\u0131\u2019n\u0131 ar\u0131yor? T\u00fcm bunlara bakman\u0131z laz\u0131m.\u201d<\/p>\n<p style=\"text-align: justify;\"><strong>Bu ne pi\u015fkinlik<\/strong><\/p>\n<p style=\"text-align: justify;\">CHP Genel Ba\u015fkan Yard\u0131mc\u0131s\u0131 G\u00fcrsel Tekin, Ba\u015fbakan Yard\u0131mc\u0131s\u0131 Be\u015fir Atalay\u2019\u0131n<\/p>\n<p style=\"text-align: justify;\">odas\u0131ndan K\u0131r\u0131kkale Belediye Ba\u015fkan\u0131\u2019na telefon a\u00e7\u0131lmas\u0131n\u0131 normal kar\u015f\u0131lamas\u0131n\u0131 pi\u015fkinlik<\/p>\n<p style=\"text-align: justify;\">olarak de\u011ferlendirdi. Tekin \u201cAtalay demokrasilerdeki istifa m\u00fcessesesini hat\u0131rlamal\u0131\u201d dedi<\/p>\n<p style=\"text-align: justify;\"><strong>Ak\u0131llar\u0131, vicdanlar\u0131 daha \u00f6nce neredeydi?<\/strong><\/p>\n<p style=\"text-align: justify;\">Ba\u015fbakan Yard\u0131mc\u0131s\u0131 Be\u015fir Atalay\u2019\u0131n, kendisi hakk\u0131nda \u201cK\u00f6stebek\u201d iddias\u0131nda bulunan CHP lideri Kemal K\u0131l\u0131\u00e7daro\u011flu i\u00e7in s\u00f6yledi\u011fi, \u201cGizli olan soru\u015fturma dosyalar\u0131yla su\u00e7lamak anamuhalefet liderine yak\u0131\u015fm\u0131yor. Bunlar\u0131n hepsi kurgu iftira. D\u00fcnk\u00fc tabloyu b\u00fct\u00fcn hukuk \u00e7evreleri ibretle seyretsin. Elinde daha gizli soru\u015fturma safhas\u0131nda benimle ilgili olmayan \u015feyleri getirip dosyay\u0131 bizzat g\u00f6steriyorsa toplumda adalet duygusuyla ilgili sorun var demektir\u201d s\u00f6zlerine hukuk\u00e7ulardan da tepki ya\u011fd\u0131.<\/p>\n<p style=\"text-align: justify;\"><strong>Kendi memurlar\u0131<\/strong><\/p>\n<p style=\"text-align: justify;\">\u00dcmraniye, Balyoz, Islak \u0130mza, Poyrazk\u00f6y, \u0130nternet And\u0131c\u0131 gibi davalarda bir \u00e7ok san\u0131\u011f\u0131n avukatl\u0131\u011f\u0131n\u0131 yapan Celal \u00dclgen, Be\u015fir Atalay\u2019\u0131n tepkisinde \u00e7ok hakl\u0131 oldu\u011funu belirterek, \u201cAma, Atalay bu tepkide bulunurken y\u00fczlerce san\u0131k ve \u015f\u00fcpheli i\u00e7in ayn\u0131 uygulamalar yap\u0131l\u0131rken nerediydi? Bunlar kendi bakanl\u0131\u011f\u0131na ba\u011fl\u0131 memurlar taraf\u0131ndan y\u00fcr\u00fct\u00fclen soru\u015fturmalar. Bunlar\u0131n bir teki hakk\u0131nda soru\u015fturma bile a\u00e7\u0131lmad\u0131. \u00d6rne\u011fin; yetkisiz dinleme kararlar\u0131, internete d\u00fc\u015fen yasad\u0131\u015f\u0131 dinleme kay\u0131tlar\u0131, usul\u00fcne g\u00f6re elde edilmemi\u015f kay\u0131tlar\u0131n delil kabul edilmesi, soru\u015fturma a\u015famas\u0131nda daha avukatlara bile g\u00f6sterilmeden yanda\u015f bas\u0131nda yay\u0131nlanan dosya i\u00e7erikleri bir bakan olarak hi\u00e7 dikkatini \u00e7ekmemi\u015f mi?\u201d dedi.<\/p>\n<p style=\"text-align: justify;\"><strong>Bilgiyi bakanl\u0131k s\u0131zd\u0131rd\u0131<\/strong><\/p>\n<p style=\"text-align: justify;\">Yapt\u0131\u011f\u0131 \u015fikayetle Almanya\u2019daki Deniz Feneri e.V soru\u015fturmas\u0131 ile ba\u011flant\u0131l\u0131 Deniz Feneri soru\u015fturmas\u0131n\u0131 ba\u015flatan Mehmet Cengiz, geli\u015fmeleri Atalay\u2019\u0131n deyimiyle \u201cibretle\u201d izledi\u011fini s\u00f6yledi. Cengiz, \u015f\u00f6yle konu\u015ftu: \u201cDeniz Feneri yolsuzlu\u011funu \u00f6rtbas etmek ve delilleri karartmak i\u00e7in bakanl\u0131k makam\u0131ndan devreye girildi\u011fini bu vesileyle \u00f6\u011frenmi\u015f olduk. Savc\u0131larla ilgili a\u00e7\u0131lan soru\u015fturma vesilesiyle her t\u00fcrl\u00fc bilgi ve belge kamuoyuna servis edilirkin buna sessiz kalan, hatta te\u015fvik edin siyasal iktidar, bu dosyada kendi aleyhlerine olan hususlar a\u00e7\u0131kland\u0131\u011f\u0131nda gizlili\u011fin arkas\u0131na s\u0131\u011f\u0131n\u0131yorlar. Deniz Feneri savc\u0131lar\u0131n\u0131n \u00fc\u00e7 senelik \u00e7al\u0131\u015fmalar\u0131ndan en ufak bir belge bilgi s\u0131zmad\u0131. Bu soru\u015fturman\u0131n m\u00fc\u015ftekisi oldu\u011fum halde bana bile bilgi verilmedi. Bu bilgiler ilk kez savc\u0131lar hakk\u0131nda soru\u015fturma ba\u015flat\u0131ld\u0131\u011f\u0131nda iktidar taraf\u0131ndan ortaya at\u0131ld\u0131. Bizzat Adalet Bakanl\u0131\u011f\u0131 taraf\u0131ndan savc\u0131lar\u0131n aleyhine olabilece\u011fi d\u00fc\u015f\u00fcn\u00fclen belge, bilgi bas\u0131na servis edildi. Atalay, Adalet Bakanl\u0131\u011f\u0131\u2019na dava a\u00e7s\u0131n.\u201d<\/p>\n<p style=\"text-align: justify;\"><strong>Deliller bas\u0131ndan<\/strong><\/p>\n<p style=\"text-align: justify;\">Avukat Vural Erg\u00fcl de soru\u015fturma a\u015famas\u0131nda m\u00fcvekkilleri ile ilgili iddialar\u0131 bas\u0131ndan \u00f6\u011frendiklerini kaydederek \u015f\u00f6yle dedi: \u201cBizler, yarg\u0131 darbesi olarak adland\u0131rd\u0131\u011f\u0131m\u0131z \u00dcmraniye kapsam\u0131ndaki tak\u0131m davalarda yasad\u0131\u015f\u0131 elde edilen, hatta t\u00fcretilen delillerin dahi yanda\u015f bas\u0131n \u00fczerinden dava dosyas\u0131na sokuldu\u011funu izledik. \u015eimdi yak\u0131nanlar\u0131n ak\u0131llar\u0131, g\u00f6zleri, vicdanlar\u0131 o tarihlerde neredeydi? \u0130\u015f gelip kendilerine dayan\u0131nca m\u0131 insan haklar\u0131, hukuk, adalet duygusu, onur gibi kavramlar ak\u0131llar\u0131na geldi. \u015eimdi soru\u015fturman\u0131n gizlili\u011finden s\u00f6zedenlerin Deniz Feneri e.V dava dosyas\u0131n\u0131n i\u00e7eri\u011fini tam olarak bilmedikleri anla\u015f\u0131l\u0131yor. Ortal\u0131kta dola\u015ft\u0131\u011f\u0131 iddia olunanlar yaln\u0131zca Almanya\u2019daki davada aleniyet kazanm\u0131\u015f belge ve bilgiler. Bu bilgilerinde gizlili\u011fi s\u00f6zkonusu bile edilemez. Deniz Feneri Almanya davas\u0131n\u0131 inceleyenler soru\u015fturman\u0131n gizlili\u011finin ihlal edildi\u011fi iddialar\u0131n\u0131n ciddiyetsizli\u011fini anlayacakt\u0131r.\u201d<\/p>\n<p style=\"text-align: justify;\"><a href=\"http:\/\/www.yg.yenicaggazetesi.com.tr\/habergoster.php?haber=57515\" target=\"_blank\">Kaynak : Yeni\u00e7a\u011f Gazetesi<\/a><\/p>\n","protected":false},"excerpt":{"rendered":"<p style=\"text-align: center;\">\n<p style=\"text-align: justify;\">G\u00f6revi d\u00f6neminde s\u0131zd\u0131rmalara sessiz kalan Atalay, \u201cK\u00f6stebek\u201d su\u00e7lamas\u0131na maruz kal\u0131nca feryad\u0131 bast\u0131: Hukuk \u00e7evreleri ibretle izlesin. Vicdan\u0131 olan, soru\u015fturmas\u0131 s\u00fcren dosyay\u0131 kamuoyuyla payla\u015f\u0131r m\u0131?<\/p>\n","protected":false},"author":1,"featured_media":0,"comment_status":"open","ping_status":"open","sticky":false,"template":"","format":"standard","meta":{"footnotes":""},"categories":[105],"tags":[],"class_list":["post-41151","post","type-post","status-publish","format-standard","hentry","category-gundem","odd"],"_links":{"self":[{"href":"http:\/\/www.korhanyilmaz.com\/index.php?rest_route=\/wp\/v2\/posts\/41151","targetHints":{"allow":["GET"]}}],"collection":[{"href":"http:\/\/www.korhanyilmaz.com\/index.php?rest_route=\/wp\/v2\/posts"}],"about":[{"href":"http:\/\/www.korhanyilmaz.com\/index.php?rest_route=\/wp\/v2\/types\/post"}],"author":[{"embeddable":true,"href":"http:\/\/www.korhanyilmaz.com\/index.php?rest_route=\/wp\/v2\/users\/1"}],"replies":[{"embeddable":true,"href":"http:\/\/www.korhanyilmaz.com\/index.php?rest_route=%2Fwp%2Fv2%2Fcomments&post=41151"}],"version-history":[{"count":0,"href":"http:\/\/www.korhanyilmaz.com\/index.php?rest_route=\/wp\/v2\/posts\/41151\/revisions"}],"wp:attachment":[{"href":"http:\/\/www.korhanyilmaz.com\/index.php?rest_route=%2Fwp%2Fv2%2Fmedia&parent=41151"}],"wp:term":[{"taxonomy":"category","embeddable":true,"href":"http:\/\/www.korhanyilmaz.com\/index.php?rest_route=%2Fwp%2Fv2%2Fcategories&post=41151"},{"taxonomy":"post_tag","embeddable":true,"href":"http:\/\/www.korhanyilmaz.com\/index.php?rest_route=%2Fwp%2Fv2%2Ftags&post=41151"}],"curies":[{"name":"wp","href":"https:\/\/api.w.org\/{rel}","templated":true}]}}