{"id":41147,"date":"2011-10-14T08:32:51","date_gmt":"2011-10-14T05:32:51","guid":{"rendered":"http:\/\/www.korhanyilmaz.com\/?p=41147"},"modified":"2011-10-14T10:17:58","modified_gmt":"2011-10-14T07:17:58","slug":"mesai-yazin-06-00da-baslasin","status":"publish","type":"post","link":"http:\/\/www.korhanyilmaz.com\/?p=41147","title":{"rendered":"&#8220;Mesai yaz\u0131n 06.00&#8217;da ba\u015flas\u0131n&#8221;"},"content":{"rendered":"<p style=\"text-align: justify;\"><a href=\"http:\/\/www.korhanyilmaz.com\/wp-content\/uploads\/2011\/10\/8073.jpg\"  class=\"lightview\"><img loading=\"lazy\" decoding=\"async\" class=\"aligncenter size-full wp-image-41148\" title=\"\" src=\"http:\/\/www.korhanyilmaz.com\/wp-content\/uploads\/2011\/10\/8073.jpg\" alt=\"\" width=\"292\" height=\"224\" \/><\/a><\/p>\n<p style=\"text-align: justify;\">Enerji Bakan\u0131 Y\u0131ld\u0131z, mesaiye g\u00fcn \u0131\u015f\u0131\u011f\u0131 ayarlamas\u0131 yap\u0131p yaz\u0131n 06.00&#8217;da i\u015fe ba\u015flamay\u0131 \u00f6nerdi. Hak edilmeyen refah\u0131n 1970&#8217;lerde pe\u015fin al\u0131nd\u0131\u011f\u0131n\u0131 s\u00f6yleyen Y\u0131ld\u0131z &#8220;Cumartesi de \u00e7al\u0131\u015f\u0131ls\u0131n&#8221; dedi.<\/p>\n<p style=\"text-align: justify;\">Avrupa Parlamentosu&#8217;ndaki T\u00fcrkiye Dostlar\u0131 Grubu&#8217;nun d\u00fczenledi\u011fi &#8220;T\u00fcrkiye: B\u00fcy\u00fcyen Bir Ekonomi \u0130\u00e7in Enerji- F\u0131rsatlar ve Zorluklar&#8221; konulu konferansa kat\u0131lmak \u00fczere Br\u00fcksel&#8217;e gelen Enerji ve Tabii Kaynaklar Bakan\u0131 Taner Y\u0131ld\u0131z, u\u00e7akta \u00e7arp\u0131c\u0131 a\u00e7\u0131klamalarda bulundu.\u00a0<!--more--><\/p>\n<p style=\"text-align: justify;\">Sabah&#8217;\u0131n haberine g\u00f6re ;Y\u0131ld\u0131z, kamu kurumlar\u0131nda mesai saatlerinin g\u00fcn \u0131\u015f\u0131\u011f\u0131na g\u00f6re d\u00fczenlenmesini g\u00fcndeme getirdi ve bu konuyu Bakanlar Kurulu&#8217;na \u00f6nerece\u011fini s\u00f6yledi.<\/p>\n<p style=\"text-align: justify;\"><span style=\"text-decoration: underline;\"><em>Y\u0131ld\u0131z&#8217;\u0131n de\u011ferlendirmeleri \u00f6zetle \u015f\u00f6yle:\u00a0<\/em><\/span><\/p>\n<p style=\"text-align: justify;\"><strong>B\u00fcrokrata esnaf mesaisi:<\/strong><\/p>\n<p style=\"text-align: justify;\">Yaz\u0131n, g\u00fcn 05.00&#8217;te \u0131\u015f\u0131yorsa, biz de haz\u0131rl\u0131klar\u0131m\u0131z\u0131 yap\u0131p saat 06.00&#8217;da i\u015fimize ba\u015flayal\u0131m. K\u0131\u015f\u0131n, g\u00fcn 06.00&#8217;da a\u011far\u0131yorsa, 07.00&#8217;de i\u015fte olal\u0131m. Mesainin biti\u015fi de g\u00fcn\u0131\u015f\u0131\u011f\u0131na paralel olsun. Nitekim yaz saati uygulamas\u0131yla y\u0131ll\u0131k 600 milyon kilovat saat (120 milyon lira) tasarruf sa\u011fl\u0131yoruz. Ama g\u00fcn \u0131\u015f\u0131\u011f\u0131na g\u00f6re \u00e7al\u0131\u015fma 3 milyar kilovat saat yani 600 milyon lira tasarruf sa\u011flar. Ben, insanlar\u0131n \u00fczerinde b\u0131rakt\u0131\u011f\u0131 psikolojik etki ve verimlilik a\u00e7\u0131s\u0131ndan mesai saatlerinin erkene al\u0131nmas\u0131ndan yanay\u0131m. Amerikal\u0131 ayn\u0131 saatte i\u015fe ba\u015flad\u0131\u011f\u0131nda anlaml\u0131 oluyor da bizde neden anlaml\u0131 olmas\u0131n? K\u00fclt\u00fcr\u00fcm\u00fczde bu t\u00fcr \u015feyler vard\u0131r. Kayseri&#8217;de, Konya&#8217;da, Tahtakale&#8217;de esnaf b\u00f6yle \u00e7al\u0131\u015f\u0131r.<\/p>\n<p style=\"text-align: justify;\"><strong>Cumartesi de \u00e7al\u0131\u015fal\u0131m:<\/strong><\/p>\n<p style=\"text-align: justify;\">Son se\u00e7imden sonra partide bir toplant\u0131 yap\u0131ld\u0131. &#8220;Herkes iyi bir \u015fey s\u00f6ylesin&#8221; dendi. Ben, &#8220;Cumartesi g\u00fcnleri de \u00e7al\u0131\u015f\u0131ls\u0131n&#8221; demi\u015ftim. 1970&#8217;lerde bu uygulama vard\u0131 ama sonra kald\u0131r\u0131ld\u0131 ve T\u00fcrkiye hak etmedi\u011fi refah seviyesini pe\u015fin sat\u0131n alm\u0131\u015f oldu. Bu do\u011fru bir yakla\u015f\u0131m de\u011fildi. Niye daha \u00e7ok \u00e7al\u0131\u015fmayal\u0131m? B\u0131rakal\u0131m, kald\u0131racaksa bunu \u00e7ocuklar\u0131m\u0131z kald\u0131rs\u0131n. T\u00fcrkiye normalle\u015fmesini hen\u00fcz tamamlam\u0131\u015f de\u011fil. Bizim, hedefleri konulmu\u015f \u00e7ok \u00e7al\u0131\u015fmaya ihtiyac\u0131m\u0131z var.<\/p>\n<p style=\"text-align: justify;\"><strong>GSM, elektrik faturas\u0131n\u0131 ge\u00e7ti:<\/strong><\/p>\n<p style=\"text-align: justify;\">10 y\u0131l \u00f6nce T\u00fcrkiye&#8217;nin elektrik i\u00e7in \u00f6dedi\u011fi fatura 22 milyar lirayd\u0131. \u0130leti\u015fime \u00f6denen para \u00e7ok d\u00fc\u015f\u00fckt\u00fc. Bug\u00fcn ileti\u015fime \u00f6denen fatura, cep telefonu a\u011f\u0131rl\u0131kl\u0131 22 milyar lira. Mesken ba\u015f\u0131na \u00f6denen GSM faturas\u0131 elektrik faturas\u0131n\u0131 ge\u00e7ti. Ni\u00e7in GSM faturas\u0131 \u00f6derken bir endi\u015fe s\u0131k\u0131nt\u0131 duymay\u0131z da elektrikte yak\u0131nmam\u0131z olur?<\/p>\n<p style=\"text-align: justify;\"><strong>Piri Reis&#8217;e haks\u0131zl\u0131k:<\/strong><\/p>\n<p style=\"text-align: justify;\">Sondaj\u0131n ba\u015flamas\u0131na yak\u0131n reaksiyoner atak yapmak durumunda idi T\u00fcrkiye. Ba\u015fbakan\u0131m\u0131z New York&#8217;ta &#8220;K\u0131br\u0131s halk\u0131n\u0131n tamam\u0131na adil payla\u015f\u0131m olacaksa veya sondaj duracaksa biz Piri Reis&#8217;i \u00e7ekiyoruz&#8221; dedi. Orada \u00f6nemli olan uluslar aras\u0131 hukukun ihlal edilmesine verilen fiili cevapt\u0131r. Siz Piri Reis&#8217;in cesametini k\u00fc\u00e7\u00fcmserseniz bu olay\u0131n kendisine haks\u0131zl\u0131k olur.<\/p>\n<p style=\"text-align: justify;\"><strong>Kutlu siyasetin y\u00fck\u00fc:<\/strong><\/p>\n<p style=\"text-align: justify;\">E\u011fer 9 vatanda\u015f\u0131m\u0131z katledilmeseydi, \u015fu anda Akdeniz&#8217;in enerji da\u011f\u0131l\u0131m\u0131nda \u00e7ok ciddi geli\u015fmeler olacakt\u0131. \u00d6zel sekt\u00f6r\u00fcn \u0130srail ile birlikte \u00e7al\u0131\u015fma i\u00e7in yapmak bize sundu\u011fu teklifi reddetmeyebilirdik. Bize, \u00e7\u0131kar\u0131lacak gaz\u0131n sevk\u0131yat\u0131 ve kullan\u0131m\u0131yla ilgili teklif getirildi. Sadece enerji sekt\u00f6r\u00fcyle alakal\u0131 baksayd\u0131m hem g\u00fczerg\u00e2h hem de kaynak \u00e7e\u015fitlili\u011fi a\u00e7\u0131s\u0131ndan farkl\u0131 bir stratejim olabilirdi. Ama burada ulusal siyasetin o kutlu y\u00fck\u00fcn\u00fc enerji sekt\u00f6r\u00fc omuzlamak zorunda kalm\u0131\u015ft\u0131r.<\/p>\n<p style=\"text-align: justify;\"><strong>N\u00fckleerde kararl\u0131 tutum:<\/strong><\/p>\n<p style=\"text-align: justify;\">Fuku\u015fima \u00f6nemli bir olayd\u0131r ancak ders \u00e7\u0131karman\u0131n anlam\u0131 santrallerden vazge\u00e7mek olarak terc\u00fcme ediliyorsa, bunun do\u011fru olmad\u0131\u011f\u0131 kanaatindeyim. \u00c7\u00fcnk\u00fc o zaman kimse ders almam\u0131\u015f demektir. \u015eu anda d\u00fcnyada 442 tane i\u015fletilen santral var. Biz geli\u015fen ve b\u00fcy\u00fcyen T\u00fcrkiye&#8217;nin enerji ihtiyac\u0131n\u0131n kar\u015f\u0131lanmas\u0131 ile alakal\u0131 kararl\u0131l\u0131\u011f\u0131m\u0131zdan vazge\u00e7meyece\u011fiz.<\/p>\n<p style=\"text-align: justify;\"><strong>AB&#8217;ye yalvaracak de\u011filiz:<\/strong><\/p>\n<p style=\"text-align: justify;\">Do\u011falgaz ve elektrikte AB ile ileri d\u00fczeyde i\u015fbirli\u011fi i\u00e7indeyiz. AB enerjide T\u00fcrkiye&#8217;yle yak\u0131n \u00e7al\u0131\u015fma gere\u011fine inan\u0131yorsa enerji ba\u015fl\u0131\u011f\u0131n\u0131 a\u00e7arak bu tutumunu ortaya koymal\u0131d\u0131r. Ama yalvaracak halimiz yok. Biz projelerimizi ger\u00e7ekle\u015ftiriyoruz. Kaybeden T\u00fcrkiye olmayacakt\u0131r.<\/p>\n<p style=\"text-align: justify;\"><strong>Rumlar piyon<\/strong><\/p>\n<p style=\"text-align: justify;\">Bu bir satran\u00e7 oyunu. Bu satran\u00e7 oyununda Rumlar piyon olmaktan \u00f6teye gidememi\u015ftir. Hi\u00e7bir zaman bu s\u00fcreci y\u00f6netemeyecekler. Bir \u015fah veya bir vezir olamayacaklar. Rumlar\u0131n yapt\u0131\u011f\u0131 bir \u00f6n alma de\u011fil. Hukuksuzlu\u011fun \u00f6n almas\u0131 olmaz.<\/p>\n<p style=\"text-align: justify;\"><a href=\"http:\/\/www.cnnturk.com\/2011\/guncel\/10\/14\/mesai.yazin.06.00da.baslasin\/633092.0\/index.html\" target=\"_blank\">Kaynak : CNN T\u00dcRK<\/a><\/p>\n","protected":false},"excerpt":{"rendered":"<p style=\"text-align: justify;\">\n<p style=\"text-align: justify;\">Enerji Bakan\u0131 Y\u0131ld\u0131z, mesaiye g\u00fcn \u0131\u015f\u0131\u011f\u0131 ayarlamas\u0131 yap\u0131p yaz\u0131n 06.00&#8217;da i\u015fe ba\u015flamay\u0131 \u00f6nerdi. Hak edilmeyen refah\u0131n 1970&#8217;lerde pe\u015fin al\u0131nd\u0131\u011f\u0131n\u0131 s\u00f6yleyen Y\u0131ld\u0131z &#8220;Cumartesi de \u00e7al\u0131\u015f\u0131ls\u0131n&#8221; dedi.<\/p>\n<p style=\"text-align: justify;\">Avrupa Parlamentosu&#8217;ndaki T\u00fcrkiye Dostlar\u0131 Grubu&#8217;nun d\u00fczenledi\u011fi &#8220;T\u00fcrkiye: B\u00fcy\u00fcyen Bir Ekonomi \u0130\u00e7in Enerji- F\u0131rsatlar ve Zorluklar&#8221; konulu konferansa kat\u0131lmak \u00fczere Br\u00fcksel&#8217;e gelen Enerji ve <\/p>\n","protected":false},"author":1,"featured_media":0,"comment_status":"open","ping_status":"open","sticky":false,"template":"","format":"standard","meta":{"footnotes":""},"categories":[105],"tags":[],"class_list":["post-41147","post","type-post","status-publish","format-standard","hentry","category-gundem","odd"],"_links":{"self":[{"href":"http:\/\/www.korhanyilmaz.com\/index.php?rest_route=\/wp\/v2\/posts\/41147","targetHints":{"allow":["GET"]}}],"collection":[{"href":"http:\/\/www.korhanyilmaz.com\/index.php?rest_route=\/wp\/v2\/posts"}],"about":[{"href":"http:\/\/www.korhanyilmaz.com\/index.php?rest_route=\/wp\/v2\/types\/post"}],"author":[{"embeddable":true,"href":"http:\/\/www.korhanyilmaz.com\/index.php?rest_route=\/wp\/v2\/users\/1"}],"replies":[{"embeddable":true,"href":"http:\/\/www.korhanyilmaz.com\/index.php?rest_route=%2Fwp%2Fv2%2Fcomments&post=41147"}],"version-history":[{"count":0,"href":"http:\/\/www.korhanyilmaz.com\/index.php?rest_route=\/wp\/v2\/posts\/41147\/revisions"}],"wp:attachment":[{"href":"http:\/\/www.korhanyilmaz.com\/index.php?rest_route=%2Fwp%2Fv2%2Fmedia&parent=41147"}],"wp:term":[{"taxonomy":"category","embeddable":true,"href":"http:\/\/www.korhanyilmaz.com\/index.php?rest_route=%2Fwp%2Fv2%2Fcategories&post=41147"},{"taxonomy":"post_tag","embeddable":true,"href":"http:\/\/www.korhanyilmaz.com\/index.php?rest_route=%2Fwp%2Fv2%2Ftags&post=41147"}],"curies":[{"name":"wp","href":"https:\/\/api.w.org\/{rel}","templated":true}]}}