{"id":41142,"date":"2011-10-14T08:41:15","date_gmt":"2011-10-14T05:41:15","guid":{"rendered":"http:\/\/www.korhanyilmaz.com\/?p=41142"},"modified":"2011-10-14T09:40:34","modified_gmt":"2011-10-14T06:40:34","slug":"o-laf-kilicdaroglunun-alnina-yapisir","status":"publish","type":"post","link":"http:\/\/www.korhanyilmaz.com\/?p=41142","title":{"rendered":"O laf K\u0131l\u0131\u00e7daro\u011flu&#8217;nun aln\u0131na yap\u0131\u015f\u0131r!"},"content":{"rendered":"<p style=\"text-align: center;\"><a href=\"http:\/\/www.korhanyilmaz.com\/wp-content\/uploads\/2011\/10\/8072.jpg\"  class=\"lightview\"><img loading=\"lazy\" decoding=\"async\" class=\"aligncenter  wp-image-41143\" src=\"http:\/\/www.korhanyilmaz.com\/wp-content\/uploads\/2011\/10\/8072.jpg\" alt=\"\" width=\"307\" height=\"236\" \/><\/a><\/p>\n<p style=\"text-align: justify;\">Ba\u015fbakan Yard\u0131mc\u0131s\u0131 Ar\u0131n\u00e7, CHP Genel Ba\u015fkan\u0131 K\u0131l\u0131\u00e7daro\u011flu&#8217;nun Ba\u015fbakan Yard\u0131mc\u0131s\u0131 Be\u015fir Atalay&#8217;a y\u00f6nelik iddialar\u0131yla ilgili, &#8220;Elinde ne kadar kal\u0131n dosya sallarsa sallas\u0131n, \u00fczerine ne kadar b\u00fcy\u00fck harflerle k\u00f6stebek veya yolsuzluk diye yazarsa yazs\u0131n, bunlar\u0131n i\u00e7inin bo\u015f oldu\u011funu ben aynen yak\u0131n g\u00f6rd\u00fcm ve biliyorum&#8221; dedi.<\/p>\n<p style=\"text-align: justify;\">Ar\u0131n\u00e7, Kanal D&#8217;de yay\u0131mlanan &#8220;32. G\u00fcn&#8221; program\u0131nda Mehmet Ali Birand&#8217;\u0131n konu\u011fu oldu.\u00a0<!--more--><\/p>\n<p style=\"text-align: justify;\">Birand&#8217;\u0131n, K\u0131l\u0131\u00e7daro\u011flu&#8217;nun Ba\u015fbakan Yard\u0131mc\u0131s\u0131 Be\u015fir Atalay&#8217;a y\u00f6nelik iddialar\u0131n\u0131 hat\u0131rlatarak, konuya nas\u0131l bakt\u0131\u011f\u0131n\u0131 sormas\u0131 \u00fczerine Ar\u0131n\u00e7, bir ka\u00e7 a\u00e7\u0131dan meseleye bakmak gerekti\u011fini s\u00f6yledi.<\/p>\n<p style=\"text-align: justify;\">K\u0131l\u0131\u00e7daro\u011flu a\u00e7\u0131s\u0131ndan bak\u0131ld\u0131\u011f\u0131nda, bu ortaya at\u0131lan iddialar\u0131 ciddiyetsiz g\u00f6rd\u00fc\u011f\u00fcn\u00fc belirten Ar\u0131n\u00e7, \u015f\u00f6yle konu\u015ftu:<\/p>\n<p style=\"text-align: justify;\">&#8220;Elinde ne kadar kal\u0131n dosya sallarsa sallas\u0131n, \u00fczerine ne kadar b\u00fcy\u00fck harflerle k\u00f6stebek veya yolsuzluk diye yazarsa yazs\u0131n bunlar\u0131n i\u00e7inin bo\u015f oldu\u011funu ben aynen yak\u0131n g\u00f6rd\u00fcm ve biliyorum. Aynen yak\u0131n, bizzat g\u00f6rmek ve ya\u015famak anlam\u0131na gelir. Ele\u015ftiri bab\u0131nda s\u00f6yl\u00fcyorum, yoksa bir genel ba\u015fkana bunu s\u00f6ylememem gerekir. \u0130sminin &#8216;\u00c7ark\u00e7\u0131 Kemale&#8217; \u00e7\u0131kt\u0131\u011f\u0131n\u0131 do\u011frulayabilecek \u00e7ok ciddiyetsiz i\u015flerle bug\u00fcne kadar me\u015fgul oldu. O yolsuzluklarla m\u00fccadele eden bir ki\u015fi olarak kendini takdim ediyor ama adeta elinde \u00e7eki\u00e7 olan herkesi de \u00e7ivi gibi g\u00f6ren bir anlay\u0131\u015fla yola \u00e7\u0131k\u0131yor. Kendisinin d\u0131\u015f\u0131nda herkes yolsuzluk yapmaktad\u0131r ve o da yolsuzluklar\u0131n pe\u015finde bir hafiye gibi durmaktad\u0131r. Zaten kamuoyundaki onu genel ba\u015fkan yapmaya g\u00f6t\u00fcren yola bu ta\u015flar\u0131 b\u00f6yle d\u00f6\u015femi\u015ftir. Ama inan\u0131n, hem televizyonda kar\u015f\u0131 kar\u015f\u0131ya yapt\u0131\u011f\u0131 m\u00fccadeleler s\u0131ras\u0131nda, hem de elinde g\u00f6sterdi\u011fi dosya veya klas\u00f6rlerle bug\u00fcne kadar do\u011frulu\u011fu, hakl\u0131l\u0131\u011f\u0131 kan\u0131tlanm\u0131\u015f bir iddias\u0131 yok. O y\u00fczden tecr\u00fcbemle sabittir ki Say\u0131n Atalay&#8217;la, bakan\u0131m\u0131zla ilgili olarak ve \u00fcstelik \u00e7ok sevimsiz bir \u015fekilde ismini k\u00f6stebek koymak suretiyle onu a\u015fa\u011f\u0131layan, ona hakareti ama\u00e7layan bir yafta yap\u0131\u015ft\u0131rmas\u0131n\u0131 ben do\u011fru bulmuyorum.&#8221;<\/p>\n<p style=\"text-align: justify;\">Ar\u0131n\u00e7, Deniz Feneri konusunun yeni olmad\u0131\u011f\u0131n\u0131 dile getirerek, bu meseleye bak\u0131\u015f a\u00e7\u0131s\u0131n\u0131 defalarca s\u00f6yledi\u011fini kaydetti. Deniz Feneri&#8217;nin T\u00fcrkiye&#8217;deki faaliyetlerine e\u015fiyle birlikte kat\u0131ld\u0131\u011f\u0131n\u0131 belirten Ar\u0131n\u00e7, &#8220;Bu derne\u011fe g\u00fcvendim, b\u00fct\u00fcn faaliyetlerine maddi destek sa\u011flad\u0131m. \u0130mkanlar\u0131mla fakirlere, yoksullara ben de ula\u015fmaya \u00e7al\u0131\u015ft\u0131m&#8221; dedi.<\/p>\n<p style=\"text-align: justify;\"><strong>-&#8220;Yanl\u0131\u015flar\u0131 varsa beni yaralar&#8221;-<\/strong><\/p>\n<p style=\"text-align: justify;\">&#8220;\u0130nan\u0131yorum ki T\u00fcrkiye&#8217;deki faaliyetleri temizdir ve beyazd\u0131r&#8221; diyen Ar\u0131n\u00e7, s\u00f6zlerini \u015f\u00f6yle s\u00fcrd\u00fcrd\u00fc: &#8220;E\u011fer yanl\u0131\u015flar\u0131 varsa bu beni yaralar. \u00c7\u00fcnk\u00fc ben onlara g\u00fcvendim, benim gibi binlerce insan\u0131 da yaralar. \u00c7\u00fcnk\u00fc onlar da onlara g\u00fcven duyarak onlar\u0131n faaliyetlerine kat\u0131ld\u0131lar. Dolay\u0131s\u0131yla Almanya&#8217;dan buraya do\u011fru hareket eden bir \u00e7izgide bir yarg\u0131lama s\u00fcreci varsa bize d\u00fc\u015fen bu yarg\u0131lama s\u00fcrecinin sonucunu beklemektir. \u00c7\u00fcnk\u00fc insanlar yanl\u0131\u015f yapabilir, su\u00e7 i\u015fleyebilir hata yapabilir. Pe\u015finen, &#8216;bunlar \u00e7ok iyi insanlard\u0131r, kesinlikle b\u00f6yle bir \u015feyler yapmaz, ben onlara kefilim&#8217; noktas\u0131nda de\u011filim. Neden? Kendime sayg\u0131m\u0131 kabul ederim ve onu kaybetmek istemem. \u00c7\u00fcnk\u00fc, bir yerde bombalamay\u0131 2 tane astsubay\u0131n yapt\u0131\u011f\u0131 ortaya \u00e7\u0131kt\u0131\u011f\u0131nda Genelkurmay Ba\u015fkan\u0131 B\u00fcy\u00fckan\u0131t, &#8216;bunlar iyi \u00e7ocuklard\u0131r, onlar\u0131 iyi tan\u0131r\u0131m&#8217; demi\u015fti. \u015eimdi ben onu ele\u015ftiren bir insan olarak &#8216;bunlar da iyi \u00e7ocuklard\u0131r yapmaz \u00f6yle \u015feyler&#8217; dersem B\u00fcy\u00fckan\u0131t&#8217;la ayn\u0131 noktaya gelmi\u015f olurum. Ben buna hayat\u0131mda gelmedim. Onlar do\u011frudur diye inan\u0131yorum, \u00e7ok iyi hizmetler yapt\u0131lar diye inan\u0131yorum. Ama Almanya dosyas\u0131 ve Almanya&#8217;dan T\u00fcrkiye&#8217;ye nakledilen haberlerin burada bir yarg\u0131lama s\u00fcreci ba\u015flatt\u0131\u011f\u0131n\u0131 biliyorsam&#8230; Sonunu bir g\u00f6relim. Acaba ne olacak?&#8221;<\/p>\n<p style=\"text-align: justify;\">Ar\u0131n\u00e7, bu konunun \u00fc\u00e7\u00fcnc\u00fc bir boyutu oldu\u011funu da dile getirerek, Deniz Feneri davas\u0131nda san\u0131k durumunda olanlardan, Mustafa \u00c7elik, Zekeriya Karaman, Zahid Akman gibi baz\u0131 isimleri tan\u0131d\u0131\u011f\u0131n\u0131 s\u00f6yledi.<\/p>\n<p style=\"text-align: justify;\"><strong>Ar\u0131n\u00e7, \u015f\u00f6yle konu\u015ftu:\u00a0<\/strong><\/p>\n<p style=\"text-align: justify;\">&#8220;Bunlarla iyi ili\u015fkilerimiz oldu, ayn\u0131 yolda y\u00fcr\u00fcd\u00fck. Kanal 7 olsun, di\u011fer \u00e7al\u0131\u015fmalar\u0131nda olsun&#8230; Her zaman dostlu\u011fumuz arkada\u015fl\u0131\u011f\u0131m\u0131z oldu. Ama ben onlar\u0131n her g\u00fcn ne yapt\u0131klar\u0131n\u0131 bilmiyorum. Hangi ili\u015fkiler i\u00e7erisinde olduklar\u0131n\u0131 bilmiyorum. \u0130yi insanlar olarak bir arada bulunduk. Dindar insanlar, vicdanl\u0131 insanlar olarak onlar\u0131 tan\u0131d\u0131m. Ama bug\u00fcn i\u00e7erdeler, sorgulamalar\u0131 yap\u0131ld\u0131, davalar\u0131 a\u00e7\u0131lacak. Benim g\u00f6nl\u00fcm diyor ki in\u015fallah en k\u0131sa zamanda \u00e7\u0131karlar ve en k\u0131sa zamanda bundan aklan\u0131rlar.&#8221;<\/p>\n<p style=\"text-align: justify;\">Be\u015fir Atalay&#8217;\u0131n 1971&#8217;den beri arkada\u015f\u0131 oldu\u011funu anlatan Ar\u0131n\u00e7, hukuk fak\u00fcltesini birlikte okuduklar\u0131n\u0131, askerli\u011fini K\u0131r\u0131kkale&#8217;de yaparken de, akademisyenlik d\u00f6neminde de beraber olduklar\u0131n\u0131 s\u00f6yledi.<\/p>\n<p style=\"text-align: justify;\">Ar\u0131n\u00e7, Atalay&#8217;\u0131n evlendi\u011fi aileyi dahi tan\u0131d\u0131\u011f\u0131n\u0131 ifade ederek, onun vicdanl\u0131, ahlakl\u0131, kendilerinden dahi kuralc\u0131, hukuka \u00e7ok ba\u011fl\u0131 oldu\u011funu bildi\u011fini bildirdi.<\/p>\n<p style=\"text-align: justify;\"><strong>-&#8220;(K\u00f6stebek) laf\u0131 K\u0131l\u0131\u00e7daro\u011flu&#8217;nun aln\u0131na yap\u0131\u015f\u0131r&#8221;-\u00a0<\/strong><\/p>\n<p style=\"text-align: justify;\">K\u0131l\u0131\u00e7daro\u011flu&#8217;nun iddialar\u0131n\u0131n ciddi olabilmesi i\u00e7in Be\u015fir Atalay&#8217;\u0131n kendisinin o ki\u015filere telefon a\u00e7\u0131p, iddia edildi\u011fi gibi &#8220;takibat var, arama var, kendinize \u00e7eki d\u00fczen verin&#8221; demesi gerekti\u011fini anlatan Ar\u0131n\u00e7, Atalay&#8217;\u0131n birine talimat verip &#8220;onlar\u0131 uyar&#8221; diyerek telefon ettirebilece\u011fini ama b\u00f6yle bir \u015feyin de olmad\u0131\u011f\u0131n\u0131 s\u00f6yledi.<\/p>\n<p style=\"text-align: justify;\">Ar\u0131n\u00e7, &#8220;B\u00fct\u00fcn bunlar\u0131n hi\u00e7birisi ispat edilmedi\u011fi zaman bu k\u00f6stebek laf\u0131 Be\u015fir Atalay&#8217;a da zaten tutmaz, ama K\u0131l\u0131\u00e7daro\u011flu&#8217;nun aln\u0131na yap\u0131\u015f\u0131r. Neden? \u00c7\u00fcnk\u00fc, soru\u015fturman\u0131n gizlili\u011fi esast\u0131r. Bu gizli olan soru\u015fturmadan bir b\u00f6l\u00fcm\u00fcn\u00fc al\u0131p da orada filan ki\u015finin, filan ki\u015fiye telefon etti\u011fini telefon dinleme kay\u0131tlar\u0131ndan tespit etmi\u015flerse, ama i\u00e7eri\u011fi i\u015flerine gelmedi\u011fi halde sadece bu telefon g\u00f6r\u00fc\u015fmelerini vererek nas\u0131l olur da \u0130\u00e7i\u015fleri Bakan\u0131&#8217;n\u0131n makam\u0131ndan K\u0131r\u0131kkale Belediye Ba\u015fkan\u0131&#8217;na telefon edilir diyorsa bu fos \u00e7\u0131kar. Bunun arkas\u0131ndan hi\u00e7bir \u015fey olmaz. Say\u0131n K\u0131l\u0131\u00e7daro\u011flu bug\u00fcne kadarki t\u00fcm iddialar\u0131 nas\u0131l yanl\u0131\u015f \u00e7\u0131kt\u0131ysa, bu da onlardan bir tanesi olur&#8221; diye konu\u015ftu.<\/p>\n<p style=\"text-align: justify;\">Birand&#8217;\u0131n, telefon g\u00f6r\u00fc\u015fmeleriyle ilgili iddialar\u0131 hat\u0131rlatmas\u0131 \u00fczerine, Ar\u0131n\u00e7, Meclis ba\u015fkan\u0131yken, kendi b\u00f6lgesi oldu\u011fu korumalar\u0131n\u0131n i\u00e7inde, b\u00fcrokratlar\u0131n\u0131n aras\u0131nda Manisa&#8217;l\u0131lar\u0131n oldu\u011funu s\u00f6yledi.<\/p>\n<p style=\"text-align: justify;\">Ba\u015fir Atalay&#8217;\u0131n da yan\u0131nda bulunanlardan K\u0131r\u0131kkaleli olabilece\u011fini, K\u0131r\u0131kkale ile ilgili bir telefon g\u00f6r\u00fc\u015fmesi yap\u0131lm\u0131\u015f olabilece\u011fini anlatan Ar\u0131n\u00e7, Atalay&#8217;\u0131n kendisinin de K\u0131r\u0131kkale&#8217;nin se\u00e7im b\u00f6lgesi oldu\u011funu, K\u0131r\u0131kkale Belediye\u00a0Ba\u015fkan\u0131&#8217;n\u0131 40 y\u0131ld\u0131r tan\u0131d\u0131\u011f\u0131n\u0131 ve kendisinin de aram\u0131\u015f olabilece\u011fini s\u00f6yledi\u011fini vurgulad\u0131. Ar\u0131n\u00e7, \u00f6nemli olan\u0131n telefon g\u00f6r\u00fc\u015fmesinde ne s\u00f6ylendi\u011fi oldu\u011funu belirterek, bu ortaya konulmad\u0131k\u00e7a K\u0131l\u0131\u00e7daro\u011flu&#8217;nun yapt\u0131klar\u0131n\u0131n netice\u00a0vermeyecek bir \u015fey oldu\u011funu dile getirdi.<\/p>\n<p style=\"text-align: justify;\"><strong>-&#8220;\u00c7ok \u00fcz\u00fcld\u00fc arkada\u015f\u0131m\u0131z&#8221;-\u00a0<\/strong><\/p>\n<p style=\"text-align: justify;\">Be\u015fir Atalay&#8217;\u0131n \u00e7ok \u00fcz\u00fcld\u00fc\u011f\u00fcn\u00fc anlatan Ar\u0131n\u00e7, \u015funlar\u0131 kaydetti: &#8220;\u00c7ok \u00fcz\u00fcld\u00fc arkada\u015f\u0131m\u0131z. B\u00f6yle haks\u0131z bir su\u00e7lamayla kar\u015f\u0131 kar\u015f\u0131ya kalmas\u0131 ve hele her konuda titiz \u00e7al\u0131\u015fan bir arkada\u015f\u0131m\u0131z\u0131n hi\u00e7 ummad\u0131\u011f\u0131 bir \u015fekilde \u00e7ok \u00e7irkin bir yak\u0131\u015ft\u0131rmayla takdim edilmesi onu fevkalade \u00fczd\u00fc. E\u011fer K\u0131l\u0131\u00e7daro\u011flu&#8217;nun elinde bu telefon kay\u0131tlar\u0131 bir yeri y\u00f6nlendirmek, bir yere haber vermek, bir yeri ikaz etmek ve \u00f6zellikle Deniz Feneri ile ba\u011flant\u0131l\u0131 bir konuya nisar ediyorsa l\u00fctfen bu ak\u015fam, bu sabah bunu a\u00e7\u0131klas\u0131n. Olabilir ki Say\u0131n Atalay b\u00f6yle bir yanl\u0131\u015f\u0131n i\u00e7ine de d\u00fc\u015fm\u00fc\u015ft\u00fcr veya onun ad\u0131na birisi b\u00f6yle bir \u015fey de yapm\u0131\u015ft\u0131r ama \u015f\u00fcpheli b\u0131rakmay\u0131n. \u015e\u00fcpheli b\u0131rak\u0131rsan\u0131z siz bunu siyaseten kullan\u0131rs\u0131n\u0131z ama olan o ki\u015fiye olur, size de olur sonucunda. Siz g\u00fcvenilmez bir insan olursuzunuz. O arkada\u015f\u0131m\u0131z da pe\u015finen su\u00e7lanm\u0131\u015f bir insan olarak kal\u0131r.&#8221;<\/p>\n<p style=\"text-align: justify;\">Ar\u0131n\u00e7, &#8220;Deniz Feneri davas\u0131 size genel olarak rahats\u0131zl\u0131k veriyor mu?&#8221; sorusuna ise, &#8220;Veriyor tabi vermez mi. Veriyor. Umar\u0131m biran \u00f6nce bu yarg\u0131 s\u00fcreci bitecektir ve her \u015fey ortaya \u00e7\u0131kar, umar\u0131m yine de&#8230; Sonunda herkes ne oldu\u011funu a\u00e7\u0131kca g\u00f6rmeli&#8221; yan\u0131t\u0131n\u0131 verdi.<\/p>\n<p style=\"text-align: justify;\">Birand&#8217;\u0131n, HSYK&#8217;n\u0131n davayla ilgili baz\u0131 savc\u0131lar\u0131 g\u00f6revden almas\u0131yla ilgili, &#8220;El koruyormu\u015f hissi b\u0131rakt\u0131&#8221; \u015feklindeki de\u011ferlendirmesi \u00fczerine Ar\u0131n\u00e7, HSYK&#8217;n\u0131n rutin i\u015flerden biri oldu\u011funu s\u00f6yledi. Ar\u0131n\u00e7, &#8220;Ergenekon&#8221; soru\u015fturmas\u0131 kapsam\u0131nda tutuklu bulunan Mehmet Haberal&#8217;\u0131n, tutuklulu\u011fa itiraz\u0131n\u0131 reddeden hakimlerin tazminata mahkum olduklar\u0131n\u0131 dile getirerek, &#8220;Hakimlerin tazminata mahkum edildi\u011fi bir T\u00fcrkiye&#8217;de savc\u0131lar\u0131n kanun d\u0131\u015f\u0131 i\u015flemleri var, bunlar sebebiyle herhangi bir tedbir uygulanm\u0131\u015fsa bunu \u00e7ok g\u00f6rmemek laz\u0131m&#8221; dedi.<\/p>\n<p style=\"text-align: justify;\">HSYK&#8217;n\u0131n, AB \u0130lerleme Raporunda da oldu\u011fu gibi taban\u0131 geni\u015fleyen, \u00e7e\u015fitlendirilen ve h\u00fck\u00fcmetin siyasi tasarruflar\u0131n\u0131 tamamen d\u0131\u015far\u0131da b\u0131rakan bir geli\u015fme olarak g\u00f6r\u00fcld\u00fc\u011f\u00fcn\u00fc belirterek, savc\u0131lar\u0131n g\u00f6revden al\u0131nmas\u0131n\u0131n Deniz\u00a0Feneri davas\u0131na mahsus g\u00f6r\u00fclmemesini istedi. Ar\u0131n\u00e7, her davan\u0131n savc\u0131s\u0131, hakimi hakk\u0131nda bir \u015fikayet olursa bak\u0131lmas\u0131 gerekti\u011fini anlatt\u0131.<\/p>\n<p style=\"text-align: justify;\"><a href=\"http:\/\/www.cnnturk.com\/2011\/turkiye\/10\/14\/o.laf.kilicdaroglunun.alnina.yapisir\/633094.0\/index.html\" target=\"_blank\">Kaynak : CNN T\u00dcRK<\/a><\/p>\n","protected":false},"excerpt":{"rendered":"<p style=\"text-align: center;\">\n<p style=\"text-align: justify;\">Ba\u015fbakan Yard\u0131mc\u0131s\u0131 Ar\u0131n\u00e7, CHP Genel Ba\u015fkan\u0131 K\u0131l\u0131\u00e7daro\u011flu&#8217;nun Ba\u015fbakan Yard\u0131mc\u0131s\u0131 Be\u015fir Atalay&#8217;a y\u00f6nelik iddialar\u0131yla ilgili, &#8220;Elinde ne kadar kal\u0131n dosya sallarsa sallas\u0131n, \u00fczerine ne kadar b\u00fcy\u00fck harflerle k\u00f6stebek veya yolsuzluk diye yazarsa yazs\u0131n, bunlar\u0131n i\u00e7inin bo\u015f oldu\u011funu ben aynen yak\u0131n g\u00f6rd\u00fcm ve biliyorum&#8221; dedi.<\/p>\n<p style=\"text-align: justify;\">Ar\u0131n\u00e7, Kanal D&#8217;de yay\u0131mlanan &#8220;32. <\/p>\n","protected":false},"author":1,"featured_media":0,"comment_status":"open","ping_status":"open","sticky":false,"template":"","format":"standard","meta":{"footnotes":""},"categories":[105],"tags":[],"class_list":["post-41142","post","type-post","status-publish","format-standard","hentry","category-gundem","odd"],"_links":{"self":[{"href":"http:\/\/www.korhanyilmaz.com\/index.php?rest_route=\/wp\/v2\/posts\/41142","targetHints":{"allow":["GET"]}}],"collection":[{"href":"http:\/\/www.korhanyilmaz.com\/index.php?rest_route=\/wp\/v2\/posts"}],"about":[{"href":"http:\/\/www.korhanyilmaz.com\/index.php?rest_route=\/wp\/v2\/types\/post"}],"author":[{"embeddable":true,"href":"http:\/\/www.korhanyilmaz.com\/index.php?rest_route=\/wp\/v2\/users\/1"}],"replies":[{"embeddable":true,"href":"http:\/\/www.korhanyilmaz.com\/index.php?rest_route=%2Fwp%2Fv2%2Fcomments&post=41142"}],"version-history":[{"count":0,"href":"http:\/\/www.korhanyilmaz.com\/index.php?rest_route=\/wp\/v2\/posts\/41142\/revisions"}],"wp:attachment":[{"href":"http:\/\/www.korhanyilmaz.com\/index.php?rest_route=%2Fwp%2Fv2%2Fmedia&parent=41142"}],"wp:term":[{"taxonomy":"category","embeddable":true,"href":"http:\/\/www.korhanyilmaz.com\/index.php?rest_route=%2Fwp%2Fv2%2Fcategories&post=41142"},{"taxonomy":"post_tag","embeddable":true,"href":"http:\/\/www.korhanyilmaz.com\/index.php?rest_route=%2Fwp%2Fv2%2Ftags&post=41142"}],"curies":[{"name":"wp","href":"https:\/\/api.w.org\/{rel}","templated":true}]}}