{"id":41138,"date":"2011-10-14T09:22:47","date_gmt":"2011-10-14T06:22:47","guid":{"rendered":"http:\/\/www.korhanyilmaz.com\/?p=41138"},"modified":"2011-10-14T09:43:31","modified_gmt":"2011-10-14T06:43:31","slug":"kilicdaroglundan-inonulu-deniz-feneri-mesaji","status":"publish","type":"post","link":"http:\/\/www.korhanyilmaz.com\/?p=41138","title":{"rendered":"K\u0131l\u0131\u00e7daro\u011flu&#8217;ndan \u0130n\u00f6n\u00fc\u2019l\u00fc Deniz Feneri mesaj\u0131"},"content":{"rendered":"<p style=\"text-align: justify;\"><a href=\"http:\/\/www.korhanyilmaz.com\/wp-content\/uploads\/2011\/10\/8071.jpg\"  class=\"lightview\"><img loading=\"lazy\" decoding=\"async\" class=\"aligncenter size-full wp-image-41139\" title=\"\" src=\"http:\/\/www.korhanyilmaz.com\/wp-content\/uploads\/2011\/10\/8071.jpg\" alt=\"\" width=\"292\" height=\"224\" \/><\/a><\/p>\n<p style=\"text-align: justify;\">CHP Genel Ba\u015fkan\u0131 Kemal K\u0131l\u0131\u00e7daro\u011flu, d\u00fcn sosyal payla\u015f\u0131m sitesi Twitter\u2019dan Deniz Feneri mesaj\u0131 verdi.<\/p>\n<p style=\"text-align: justify;\">K\u0131l\u0131\u00e7daro\u011flu, \u0130smet \u0130n\u00f6n\u00fc\u2019n\u00fcn 1961\u2019de s\u00f6yledi\u011fi, \u201cArkada\u015flar, bir \u00fclkede namus sahipleri, en az \u015fer ehli kadar cesur olmad\u0131k\u00e7a, o memleket mutlaka batar\u201d s\u00f6z\u00fcn\u00fc al\u0131nt\u0131layarak, \u201c\u0130nsanlar\u0131m\u0131z\u0131n birikimlerini ve emeklerini gasp edenlerin, Allah\u2019tan korkmaz kuldan utanmaz tav\u0131rlar\u0131 kimseyi \u015fa\u015f\u0131rtmamal\u0131d\u0131r\u201d diye yazd\u0131.<\/p>\n<p style=\"text-align: justify;\"><a href=\"http:\/\/www.cnnturk.com\/2011\/guncel\/10\/14\/kilicdaroglundan.inonu.lu.deniz.feneri.mesaji\/633099.0\/index.html\" target=\"_blank\">Kaynak : CNN T\u00dcRK<\/a><\/p>\n","protected":false},"excerpt":{"rendered":"<p style=\"text-align: justify;\">\n<p style=\"text-align: justify;\">CHP Genel Ba\u015fkan\u0131 Kemal K\u0131l\u0131\u00e7daro\u011flu, d\u00fcn sosyal payla\u015f\u0131m sitesi Twitter\u2019dan Deniz Feneri mesaj\u0131 verdi.<\/p>\n<p style=\"text-align: justify;\">K\u0131l\u0131\u00e7daro\u011flu, \u0130smet \u0130n\u00f6n\u00fc\u2019n\u00fcn 1961\u2019de s\u00f6yledi\u011fi, \u201cArkada\u015flar, bir \u00fclkede namus sahipleri, en az \u015fer ehli kadar cesur olmad\u0131k\u00e7a, o memleket mutlaka batar\u201d s\u00f6z\u00fcn\u00fc al\u0131nt\u0131layarak, \u201c\u0130nsanlar\u0131m\u0131z\u0131n birikimlerini ve emeklerini gasp edenlerin, Allah\u2019tan korkmaz kuldan utanmaz tav\u0131rlar\u0131 <\/p>\n","protected":false},"author":1,"featured_media":0,"comment_status":"open","ping_status":"open","sticky":false,"template":"","format":"standard","meta":{"footnotes":""},"categories":[105],"tags":[],"class_list":["post-41138","post","type-post","status-publish","format-standard","hentry","category-gundem","odd"],"_links":{"self":[{"href":"http:\/\/www.korhanyilmaz.com\/index.php?rest_route=\/wp\/v2\/posts\/41138","targetHints":{"allow":["GET"]}}],"collection":[{"href":"http:\/\/www.korhanyilmaz.com\/index.php?rest_route=\/wp\/v2\/posts"}],"about":[{"href":"http:\/\/www.korhanyilmaz.com\/index.php?rest_route=\/wp\/v2\/types\/post"}],"author":[{"embeddable":true,"href":"http:\/\/www.korhanyilmaz.com\/index.php?rest_route=\/wp\/v2\/users\/1"}],"replies":[{"embeddable":true,"href":"http:\/\/www.korhanyilmaz.com\/index.php?rest_route=%2Fwp%2Fv2%2Fcomments&post=41138"}],"version-history":[{"count":0,"href":"http:\/\/www.korhanyilmaz.com\/index.php?rest_route=\/wp\/v2\/posts\/41138\/revisions"}],"wp:attachment":[{"href":"http:\/\/www.korhanyilmaz.com\/index.php?rest_route=%2Fwp%2Fv2%2Fmedia&parent=41138"}],"wp:term":[{"taxonomy":"category","embeddable":true,"href":"http:\/\/www.korhanyilmaz.com\/index.php?rest_route=%2Fwp%2Fv2%2Fcategories&post=41138"},{"taxonomy":"post_tag","embeddable":true,"href":"http:\/\/www.korhanyilmaz.com\/index.php?rest_route=%2Fwp%2Fv2%2Ftags&post=41138"}],"curies":[{"name":"wp","href":"https:\/\/api.w.org\/{rel}","templated":true}]}}