{"id":41130,"date":"2011-10-13T19:50:14","date_gmt":"2011-10-13T16:50:14","guid":{"rendered":"http:\/\/www.korhanyilmaz.com\/?p=41130"},"modified":"2011-10-14T00:31:32","modified_gmt":"2011-10-13T21:31:32","slug":"dsi-mudurune-ermenistan-fircasi","status":"publish","type":"post","link":"http:\/\/www.korhanyilmaz.com\/?p=41130","title":{"rendered":"DS\u0130 M\u00fcd\u00fcr\u00fc&#8217;ne Ermenistan f\u0131r\u00e7as\u0131"},"content":{"rendered":"<p style=\"text-align: center;\"><a href=\"http:\/\/www.korhanyilmaz.com\/wp-content\/uploads\/2011\/10\/8068.jpg\"  class=\"lightview\"><img loading=\"lazy\" decoding=\"async\" class=\"aligncenter  wp-image-41131\" src=\"http:\/\/www.korhanyilmaz.com\/wp-content\/uploads\/2011\/10\/8068.jpg\" alt=\"\" width=\"307\" height=\"236\" \/><\/a><\/p>\n<p style=\"text-align: justify;\">Kars&#8217;ta d\u00fczenlenen \u0130l Koordinasyon Kurulu toplant\u0131s\u0131nda Vali Ahmet Kara, Ermenistan&#8217;da oldu\u011fu i\u00e7in toplant\u0131ya kat\u0131lmayan Devlet Su \u0130\u015fleri (DS\u0130) B\u00f6lge M\u00fcd\u00fcr\u00fc Hayati \u00c7elenk&#8217;i ele\u015ftirdi. Vali Kara, &#8220;Ermenistan&#8217;a ne halt etmeye gitti? Gelsin izah etsin&#8221; dedi.\u00a0<!--more--><\/p>\n<p style=\"text-align: justify;\">2011 y\u0131l\u0131n\u0131n son Koordinasyon Kurulu toplant\u0131s\u0131 saat 15.00&#8217;te Vali Ahmet Kara&#8217;n\u0131n Ba\u015fkanl\u0131\u011f\u0131nda Valilik toplant\u0131 salonunda yap\u0131ld\u0131.<\/p>\n<p style=\"text-align: justify;\">Toplant\u0131ya kaymakamlar, belediye ba\u015fkanlar\u0131, kamu kurum ve kurulu\u015flar\u0131n m\u00fcd\u00fcrleri kat\u0131ld\u0131.<\/p>\n<p style=\"text-align: justify;\">Kurum m\u00fcd\u00fcrleri s\u0131ras\u0131yla k\u00fcrs\u00fcye \u00e7\u0131karak 2011 y\u0131l\u0131 faaliyetlerini anlatt\u0131.<\/p>\n<p style=\"text-align: justify;\">DS\u0130 24&#8217;nc\u00fc B\u00f6lge M\u00fcd\u00fcr\u00fc Hayati \u00c7elenk&#8217;in, Ermenistan&#8217;da olmas\u0131 nedeniyle m\u00fcd\u00fcr yard\u0131mc\u0131s\u0131 Ali K\u00f6seali&#8217;nin kurumun faaliyetlerini anlatmaya ba\u015flamas\u0131 \u00fczerine Vali Ahmet Kara, &#8220;M\u00fcd\u00fcr\u00fcn\u00fcz nerede? Burada tart\u0131\u015f\u0131lmas\u0131 gereken sorunlar var. Ama DS\u0130 m\u00fcd\u00fcr\u00fc Ermenistan&#8217;a ka\u00e7\u0131yor. Bir ay \u00f6nceden bu toplant\u0131n\u0131n tarihi belirlenmi\u015ftir. Ermenistan daha \u00f6nemliyse gelsin bir izah etsin bakal\u0131m Ermenistan&#8217;a ne halt etmeye gitti. Gitmesine gerek yoktu. Ermenistan ile m\u00fchendisler g\u00f6r\u00fc\u015f\u00fcr, b\u00f6lge m\u00fcd\u00fcr\u00fcn\u00fcn g\u00f6r\u00fc\u015fmesini gerektirecek bir konu yoktur. Seni dinlemek istemiyorum. Sorular\u0131ma sen yan\u0131t veremezsin. Neyse anlat bakal\u0131m&#8221; diye konu\u015ftu.<\/p>\n<p style=\"text-align: justify;\">Valinin bu \u00e7\u0131k\u0131\u015f\u0131ndan sonra DS\u0130 24&#8217;nc\u00fc B\u00f6lge M\u00fcd\u00fcr\u00fc Ali K\u00f6seali konu\u015fmas\u0131na devam etti.<\/p>\n<p style=\"text-align: justify;\"><a href=\"http:\/\/www.cnnturk.com\/2011\/guncel\/10\/13\/dsi.mudurune.ermenistan.fircasi\/633069.0\/index.html\" target=\"_blank\">Kaynak : CNN T\u00dcRK<\/a><\/p>\n","protected":false},"excerpt":{"rendered":"<p style=\"text-align: center;\">\n<p style=\"text-align: justify;\">Kars&#8217;ta d\u00fczenlenen \u0130l Koordinasyon Kurulu toplant\u0131s\u0131nda Vali Ahmet Kara, Ermenistan&#8217;da oldu\u011fu i\u00e7in toplant\u0131ya kat\u0131lmayan Devlet Su \u0130\u015fleri (DS\u0130) B\u00f6lge M\u00fcd\u00fcr\u00fc Hayati \u00c7elenk&#8217;i ele\u015ftirdi. Vali Kara, &#8220;Ermenistan&#8217;a ne halt etmeye gitti? Gelsin izah etsin&#8221; dedi. <\/p>\n","protected":false},"author":1,"featured_media":0,"comment_status":"open","ping_status":"open","sticky":false,"template":"","format":"standard","meta":{"footnotes":""},"categories":[105],"tags":[],"class_list":["post-41130","post","type-post","status-publish","format-standard","hentry","category-gundem","odd"],"_links":{"self":[{"href":"http:\/\/www.korhanyilmaz.com\/index.php?rest_route=\/wp\/v2\/posts\/41130","targetHints":{"allow":["GET"]}}],"collection":[{"href":"http:\/\/www.korhanyilmaz.com\/index.php?rest_route=\/wp\/v2\/posts"}],"about":[{"href":"http:\/\/www.korhanyilmaz.com\/index.php?rest_route=\/wp\/v2\/types\/post"}],"author":[{"embeddable":true,"href":"http:\/\/www.korhanyilmaz.com\/index.php?rest_route=\/wp\/v2\/users\/1"}],"replies":[{"embeddable":true,"href":"http:\/\/www.korhanyilmaz.com\/index.php?rest_route=%2Fwp%2Fv2%2Fcomments&post=41130"}],"version-history":[{"count":0,"href":"http:\/\/www.korhanyilmaz.com\/index.php?rest_route=\/wp\/v2\/posts\/41130\/revisions"}],"wp:attachment":[{"href":"http:\/\/www.korhanyilmaz.com\/index.php?rest_route=%2Fwp%2Fv2%2Fmedia&parent=41130"}],"wp:term":[{"taxonomy":"category","embeddable":true,"href":"http:\/\/www.korhanyilmaz.com\/index.php?rest_route=%2Fwp%2Fv2%2Fcategories&post=41130"},{"taxonomy":"post_tag","embeddable":true,"href":"http:\/\/www.korhanyilmaz.com\/index.php?rest_route=%2Fwp%2Fv2%2Ftags&post=41130"}],"curies":[{"name":"wp","href":"https:\/\/api.w.org\/{rel}","templated":true}]}}