{"id":41120,"date":"2011-10-13T21:22:10","date_gmt":"2011-10-13T18:22:10","guid":{"rendered":"http:\/\/www.korhanyilmaz.com\/?p=41120"},"modified":"2011-10-14T00:10:28","modified_gmt":"2011-10-13T21:10:28","slug":"polis-karakoluna-saldiri-1-sehit","status":"publish","type":"post","link":"http:\/\/www.korhanyilmaz.com\/?p=41120","title":{"rendered":"Polis karakoluna sald\u0131r\u0131: 1 \u015fehit"},"content":{"rendered":"<p style=\"text-align: justify;\"><a href=\"http:\/\/www.korhanyilmaz.com\/wp-content\/uploads\/2011\/10\/8066.jpg\"  class=\"lightview\"><img loading=\"lazy\" decoding=\"async\" class=\"aligncenter size-full wp-image-41121\" title=\"\" src=\"http:\/\/www.korhanyilmaz.com\/wp-content\/uploads\/2011\/10\/8066.jpg\" alt=\"\" width=\"313\" height=\"240\" \/><\/a><\/p>\n<p style=\"text-align: justify;\">Hatay&#8217;\u0131n \u0130skenderun il\u00e7esine ba\u011fl\u0131 Denizciler beldesinde \u015eehit Polis Kaz\u0131m \u015eeng\u00fcl Polis Merkezi Amirli\u011fi&#8217;ne uzun namlulu silahlarla a\u00e7\u0131lan ate\u015f sonucunda 1 polis memuru \u015fehit oldu, biri a\u011f\u0131r 3 polis memuru yaraland\u0131.<\/p>\n<p style=\"text-align: justify;\">Hatay Valisi Celalettin Lekesiz AA muhabirine yapt\u0131\u011f\u0131 a\u00e7\u0131klamada, \u0130skenderun-Adana karayolu \u00fczerinde bulunan polis merkez amirli\u011fine kimli\u011fi belirsiz ki\u015filer taraf\u0131ndan bir ara\u00e7tan uzun namlulu silahlarla ate\u015f a\u00e7\u0131ld\u0131\u011f\u0131n\u0131 s\u00f6yledi.\u00a0<!--more--><\/p>\n<p style=\"text-align: justify;\">A\u00e7\u0131lan ate\u015f sonucunda, bir polis memurunun \u015fehit oldu\u011funu, biri a\u011f\u0131r 3 polisin de yaraland\u0131\u011f\u0131n\u0131 belirten Lekesiz, &#8220;Ter\u00f6r sald\u0131r\u0131s\u0131 \u00fczerinde duruyoruz. Olayda 1 \u015fehit, 3 yaral\u0131 polis var. \u00c7\u0131kan \u00e7at\u0131\u015fmada bir ter\u00f6rist \u00f6l\u00fc ele ge\u00e7irildi. \u0130\u00e7inden ate\u015f a\u00e7\u0131lan arac\u0131n plakas\u0131n\u0131 belirledik. G\u00f6revliler arac\u0131 bulmaya \u00e7al\u0131\u015f\u0131yorlar&#8221; dedi.<\/p>\n<p style=\"text-align: justify;\">Kaymakam Ali \u0130hsan Su, \u0130l\u00e7e Emniyet M\u00fcd\u00fcr\u00fc Kamil Y\u0131ld\u0131zkaya ile \u0130l\u00e7e Jandarma Komutan\u0131 Mustafa Aygen, olay yerine gelerek yetkililerden bilgi ald\u0131lar.<\/p>\n<p style=\"text-align: justify;\"><strong>Valilikten a\u00e7\u0131klama\u00a0<\/strong><\/p>\n<p style=\"text-align: justify;\">Valilik Bas\u0131n B\u00fcrosu, Hatay&#8217;\u0131n \u0130skenderun il\u00e7esi, Denizciler Beldesi \u015eehit Polis Kaz\u0131m \u015eeng\u00fcl Polis Merkezi Amirli\u011fi binas\u0131na yap\u0131lan sald\u0131r\u0131 ile ilgili a\u00e7\u0131klama yap\u0131ld\u0131.<\/p>\n<p style=\"text-align: justify;\">Yaz\u0131l\u0131 a\u00e7\u0131klamada, \u015funlara yer verildi: &#8220;Polis merkezi amirli\u011fine, i\u00e7erisinde 4 ter\u00f6rist oldu\u011fu de\u011ferlendirilen gri renkli \u00e7ift kabinli Toyota marka bir ara\u00e7tan inen b\u00f6l\u00fcc\u00fc ter\u00f6r \u00f6rg\u00fct\u00fc mensubu 2 ter\u00f6rist taraf\u0131ndan uzun namlulu silahlarla sald\u0131r\u0131 olmu\u015ftur. Ter\u00f6r \u00f6rg\u00fct\u00fc mensubu taraf\u0131ndan yap\u0131lan sald\u0131r\u0131ya n\u00f6bet\u00e7i polis memuru taraf\u0131ndan an\u0131nda kar\u015f\u0131l\u0131k verilmesi sonucu 1 ter\u00f6rist \u00f6ld\u00fcr\u00fclm\u00fc\u015ft\u00fcr. \u00d6ld\u00fcr\u00fclen ter\u00f6ristten, uzun namlulu M16 silah, 2 el bombas\u0131 ile 5 \u015farj\u00f6r ele ge\u00e7irilmi\u015ftir. \u00c7\u0131kan \u00e7at\u0131\u015fmada, Kahramanmara\u015f n\u00fcfusuna kay\u0131tl\u0131 n\u00f6bet\u00e7i polis memuru Kadir Alc\u0131o\u011flu \u015fehit olmu\u015ftur. Olaya m\u00fcdahale eden Mersin G\u00fclnar n\u00fcfusuna kay\u0131tl\u0131 polis memuru Ali Zeytin ve Mersin Erdemli n\u00fcfusuna kay\u0131tl\u0131 polis memuru Hasan Y\u0131lmaz hafif \u015fekilde yaralanm\u0131\u015f olup, \u0130skenderun Devlet Hastanesi&#8217;nde tedavi alt\u0131na al\u0131nm\u0131\u015ft\u0131r.&#8221;<\/p>\n<p style=\"text-align: justify;\">A\u00e7\u0131klamada, \u0130skenderun n\u00fcfusuna kay\u0131tl\u0131 sivil memur Halil Kara&#8217;n\u0131n a\u011f\u0131r yaral\u0131 oldu\u011fu ve \u0130skenderun Devlet Hastanesi&#8217;nde ameliyata al\u0131nd\u0131\u011f\u0131, ka\u00e7an ter\u00f6ristlerle ilgili g\u00fcvenlik kuvvetlerinin \u00e7ok y\u00f6nl\u00fc olarak operasyonlar\u0131n\u0131n devam etti\u011fi belirtildi.<\/p>\n<p style=\"text-align: justify;\">Bu arada, \u015fehit polis ile \u00f6l\u00fc olarak ele ge\u00e7irilen ter\u00f6ristin otopsi yap\u0131lmak \u00fczere cesetlerinin Adana Adli T\u0131p Kurumu&#8217;na g\u00f6nderildi\u011fi, yar\u0131n \u015fehit polis i\u00e7in t\u00f6ren d\u00fczenlenece\u011fi de \u00f6\u011frenildi.<\/p>\n<p style=\"text-align: justify;\"><strong>\u015eahin: &#8220;Faillerin kim oldu\u011funu tespit etmek zor de\u011fil&#8221;\u00a0<\/strong><\/p>\n<p style=\"text-align: justify;\">\u0130\u00e7i\u015fleri Bakan\u0131 \u0130dris Naim \u015eahin,sald\u0131r\u0131 ile ilgili olarak AA muhabirine yapt\u0131\u011f\u0131 a\u00e7\u0131klamada, sald\u0131r\u0131da 1 polisin \u015fehit oldu\u011funu, 1&#8217;i a\u011f\u0131r 3 polis memurunun da yaraland\u0131\u011f\u0131n\u0131 a\u00e7\u0131klad\u0131.<\/p>\n<p style=\"text-align: justify;\">&#8220;Takip devam ediyor&#8221; diyen \u015eahin, faillere ili\u015fkin bir bilgi olup olmad\u0131\u011f\u0131n\u0131n sorulmas\u0131 \u00fczerine ise &#8220;Etkisiz hale getirilen ter\u00f6ristin \u00fczerinden elde edilen bilgilerden kim oldu\u011fu, kimler oldu\u011fu zaman ge\u00e7tik\u00e7e anla\u015f\u0131l\u0131r ama kimin ya da kimlerin oldu\u011funun tahminini yapmak \u00e7ok zor de\u011fil&#8221; dedi.<\/p>\n<p style=\"text-align: justify;\"><strong>Denizciler&#8217;de 6 asker \u015fehit olmu\u015ftu\u00a0<\/strong><\/p>\n<p style=\"text-align: justify;\">\u0130skenderun il\u00e7esine 10 kilometre uzakl\u0131ktaki Denizciler Beldesi&#8217;nin Modernevler Mahallesi&#8217;ndeki \u0130kmal Destek Komutanl\u0131\u011f\u0131&#8217;nda n\u00f6bet de\u011fi\u015fimi yapan askeri kamyonete 31 May\u0131s 2010&#8217;da d\u00fczenlenen roketli sald\u0131r\u0131da 6 askeri \u015fehit edilmi\u015f, 7 asker de yaralanm\u0131\u015ft\u0131.<\/p>\n<p style=\"text-align: justify;\">27 Kas\u0131m 2008&#8217;de yine Adana-\u0130skenderun otoyolu Denizciler Beldesi Mevkii&#8217;nde Amanos Da\u011flar\u0131&#8217;nda yuvalanan ter\u00f6ristlerin, PKK&#8217;n\u0131n kurulu\u015f tarihini bahane ederek d\u00fczenledi\u011fi sald\u0131r\u0131s\u0131nda polis memurlar\u0131 37 ya\u015f\u0131ndaki \u0130brahim Dar\u0131c\u0131 ve 38 ya\u015f\u0131ndaki Halil Aksak \u015fehit olmu\u015f, 4 polis de yaralanm\u0131\u015ft\u0131.<\/p>\n<p style=\"text-align: justify;\"><a href=\"http:\/\/www.cnnturk.com\/2011\/turkiye\/10\/13\/polis.karakoluna.saldiri.1.sehit\/633057.0\/index.html\" target=\"_blank\">Kaynak : CNN T\u00dcRK<\/a><\/p>\n","protected":false},"excerpt":{"rendered":"<p style=\"text-align: justify;\">\n<p style=\"text-align: justify;\">Hatay&#8217;\u0131n \u0130skenderun il\u00e7esine ba\u011fl\u0131 Denizciler beldesinde \u015eehit Polis Kaz\u0131m \u015eeng\u00fcl Polis Merkezi Amirli\u011fi&#8217;ne uzun namlulu silahlarla a\u00e7\u0131lan ate\u015f sonucunda 1 polis memuru \u015fehit oldu, biri a\u011f\u0131r 3 polis memuru yaraland\u0131.<\/p>\n<p style=\"text-align: justify;\">Hatay Valisi Celalettin Lekesiz AA muhabirine yapt\u0131\u011f\u0131 a\u00e7\u0131klamada, \u0130skenderun-Adana karayolu \u00fczerinde bulunan polis merkez amirli\u011fine kimli\u011fi belirsiz ki\u015filer <\/p>\n","protected":false},"author":1,"featured_media":0,"comment_status":"open","ping_status":"open","sticky":false,"template":"","format":"standard","meta":{"footnotes":""},"categories":[105],"tags":[],"class_list":["post-41120","post","type-post","status-publish","format-standard","hentry","category-gundem","odd"],"_links":{"self":[{"href":"http:\/\/www.korhanyilmaz.com\/index.php?rest_route=\/wp\/v2\/posts\/41120","targetHints":{"allow":["GET"]}}],"collection":[{"href":"http:\/\/www.korhanyilmaz.com\/index.php?rest_route=\/wp\/v2\/posts"}],"about":[{"href":"http:\/\/www.korhanyilmaz.com\/index.php?rest_route=\/wp\/v2\/types\/post"}],"author":[{"embeddable":true,"href":"http:\/\/www.korhanyilmaz.com\/index.php?rest_route=\/wp\/v2\/users\/1"}],"replies":[{"embeddable":true,"href":"http:\/\/www.korhanyilmaz.com\/index.php?rest_route=%2Fwp%2Fv2%2Fcomments&post=41120"}],"version-history":[{"count":0,"href":"http:\/\/www.korhanyilmaz.com\/index.php?rest_route=\/wp\/v2\/posts\/41120\/revisions"}],"wp:attachment":[{"href":"http:\/\/www.korhanyilmaz.com\/index.php?rest_route=%2Fwp%2Fv2%2Fmedia&parent=41120"}],"wp:term":[{"taxonomy":"category","embeddable":true,"href":"http:\/\/www.korhanyilmaz.com\/index.php?rest_route=%2Fwp%2Fv2%2Fcategories&post=41120"},{"taxonomy":"post_tag","embeddable":true,"href":"http:\/\/www.korhanyilmaz.com\/index.php?rest_route=%2Fwp%2Fv2%2Ftags&post=41120"}],"curies":[{"name":"wp","href":"https:\/\/api.w.org\/{rel}","templated":true}]}}