{"id":41109,"date":"2011-10-13T16:24:48","date_gmt":"2011-10-13T13:24:48","guid":{"rendered":"http:\/\/www.korhanyilmaz.com\/?p=41109"},"modified":"2011-10-13T19:14:19","modified_gmt":"2011-10-13T16:14:19","slug":"bir-haftaya-kadar-cezaevine-gidebilirim","status":"publish","type":"post","link":"http:\/\/www.korhanyilmaz.com\/?p=41109","title":{"rendered":"&#8216;Bir haftaya kadar cezaevine gidebilirim&#8217;"},"content":{"rendered":"<p style=\"text-align: center;\"><a href=\"http:\/\/www.korhanyilmaz.com\/wp-content\/uploads\/2011\/10\/8064.jpg\"  class=\"lightview\"><img loading=\"lazy\" decoding=\"async\" class=\"aligncenter  wp-image-41110\" src=\"http:\/\/www.korhanyilmaz.com\/wp-content\/uploads\/2011\/10\/8064.jpg\" alt=\"\" width=\"396\" height=\"180\" \/><\/a><\/p>\n<p style=\"text-align: justify;\">Diyarbak\u0131r B\u00fcy\u00fck\u015fehir Belediye Ba\u015fkan\u0131 Osman Baydemir: Bir haftaya kadar D Tipi Cezaevi\u2019ne gidebilirim. Zulme boyun e\u011fmektense oray\u0131 tercih ediyorum.<\/p>\n<p style=\"text-align: justify;\">D\u0130YARBAKIR- Diyarbak\u0131r 3\u2019\u00fcnc\u00fc \u0130n\u015faat ve 2\u2019inci Belediye \u0130htiya\u00e7lar\u0131 Fuar\u0131, bug\u00fcn d\u00fczenlenen t\u00f6renle a\u00e7\u0131ld\u0131. A\u00e7\u0131l\u0131\u015fa kat\u0131lan Diyarbak\u0131r B\u00fcy\u00fck\u015fehir Belediye Ba\u015fkan\u0131 BDP\u2019li Osman Baydemir, fuar ve belediyecelik ile ilgili daha \u00f6nce haz\u0131rlad\u0131\u011f\u0131 metni okudu\u011fu s\u0131rada aniden \u00f6n\u00fcndeki metni kapatarak, &#8220;E\u011fer siz beni ba\u011f\u0131\u015flarsan\u0131z, daha fazla yapamayaca\u011f\u0131m.<!--more--><\/p>\n<p style=\"text-align: justify;\">Hakikaten daha fazla yapam\u0131yorum. Arkada\u015flar\u0131m sa\u011folsun bana konu\u015fma metni haz\u0131rlam\u0131\u015flar. Vallahi yapamayaca\u011f\u0131m, okuyamayaca\u011f\u0131m. Ben size bu konu\u015fma metnini kapatay\u0131m, kendi y\u00fcre\u011fimden ge\u00e7enleri s\u00f6yleyeyim arkada\u015flar. Valahi olmuyor, olmuyor, b\u00f6yle gitmiyor. Ortado\u011fu 3\u2019\u00fcnc\u00fc in\u015faat fuar\u0131, 2&#8243;nci Ortado\u011fu Belediye \u0130htiya\u00e7lar\u0131 Fuar\u0131. Ve biz bizeyiz. Yabanc\u0131 kimse de yok aram\u0131zda&#8221; diyerek s\u00f6z\u00fc KCK\/TM davas\u0131nda tutuklu BDP\u2019li belediye ba\u015fkanlar\u0131na getirdi.<\/p>\n<p style=\"text-align: justify;\"><strong>&#8217;98 BELED\u0130YE BA\u015eKANI CEZAEV\u0130NDE\u2019<\/strong><\/p>\n<p style=\"text-align: justify;\">\u0130n\u015faat ve belediye s\u00f6zlerinin kendisinde tutuklu ba\u015fkanlar\u0131 \u00e7a\u011fr\u0131\u015ft\u0131rd\u0131\u011f\u0131n\u0131 ifade eden Baydemir \u015funlar\u0131 s\u00f6yledi:<\/p>\n<p style=\"text-align: justify;\">&#8220;\u0130n\u015faat ve belediye denince acaba bir \u00e7a\u011fr\u0131\u015f\u0131m m\u0131 yap\u0131yor? Belediye ba\u015fkanlar\u0131, in\u015faat, cezaevi, belediye ba\u015fkanlar\u0131, cezaevi. \u015e\u0131rnak\u2019tan geliyorum. \u015eu anda \u015e\u0131rnak\u2019ta d\u0131\u015farda kalan belediye ba\u015fkan\u0131 yok. \u015e\u0131rnak\u2019\u0131n b\u00fct\u00fcn belediye ba\u015fkanlar\u0131 cezaevine konulmu\u015ftur. Ve biz burada yerindenli\u011fi ve burada ekonomik, sosyal kalk\u0131nmay\u0131 ve burada bar\u0131\u015f\u0131 konu\u015fmaya \u00e7al\u0131\u015f\u0131yoruz. \u015eu anda 98 belediye ba\u015fkan\u0131 arkada\u015f\u0131m, se\u00e7ilmi\u015f arkada\u015f\u0131m cezaevinde. A\u00e7\u0131k ve net s\u00f6yl\u00fcyorum; Tek bir belediye ba\u015fkan\u0131 arkada\u015f\u0131m, siyaset\u00e7i arkada\u015f\u0131m cezaevinde kald\u0131\u011f\u0131 m\u00fcddet\u00e7e ben kendimi \u00f6zg\u00fcr hissetmeyece\u011fim. Biz kendimizi \u00f6zg\u00fcr hissetmeyece\u011fiz.&#8221;<\/p>\n<p style=\"text-align: justify;\"><strong>&#8216;ZULME BOYUN E\u011eMEKTENSE CEZAEV\u0130N\u0130 TERC\u0130H EDER\u0130M\u2019<\/strong><\/p>\n<p style=\"text-align: justify;\">Cezaevlerinedeki belediye ba\u015fkanlar\u0131n\u0131n sadece \u015fah\u0131slar\u0131yla s\u0131n\u0131rl\u0131 olmad\u0131\u011f\u0131na dikkat \u00e7eken Baydemir, \u015f\u00f6yle konu\u015ftu:<\/p>\n<p style=\"text-align: justify;\">&#8220;Cezaevine konulan her belediye ba\u015fkan\u0131, sadece kendi \u015fahs\u0131yla s\u0131n\u0131rl\u0131 de\u011fildir. Onu se\u00e7en b\u00fct\u00fcn halk\u0131n cezaevine konuldu\u011funun anlam\u0131n\u0131 \u00e7\u0131karmam\u0131z laz\u0131m. 1998\u2019li y\u0131llarda insan haklar\u0131 hareketindeyken s\u00f6yledi\u011fim bir s\u00f6z\u00fc burada da tekrarlamak istiyorum. \u00d6yle bir cendereden ge\u00e7iyoruz ki \u015funu s\u00f6ylemimiz laz\u0131m; \u2019susma sustuk\u00e7a s\u0131ra sana gelecek\u2019. Biz sustuk\u00e7a a\u00e7\u0131k s\u00f6yl\u00fcyorum s\u0131ra ba\u015fkas\u0131na da gelecek. Elbetteki bug\u00fcn halen umudum dipdiridir. Umudum dipdiri olmazsa valla bu kentte bir g\u00fcn ya\u015fanmaz, bir saniye ya\u015fanmaz. Ama daha fazla ortak \u00e7aba sarfetmemiz laz\u0131m.<\/p>\n<p style=\"text-align: justify;\">Yanl\u0131\u015fa daha fazla yek v\u00fccut kar\u015f\u0131 \u00e7\u0131kmam\u0131z laz\u0131m. \u00c7\u00f6z\u00fcm sadece ve sadece m\u00fczakere y\u00f6ntemindedir. \u00c7\u00f6z\u00fcm sadece ve sadece diyalogdad\u0131r. \u00c7\u00f6z\u00fcm sadece sadece ekonomik ve sosyal kalk\u0131nmadad\u0131r. T\u00fcrkiye\u2019nin bat\u0131 yakas\u0131n\u0131n vicdan\u0131n\u0131n da art\u0131k harekete ge\u00e7mesinin zaman\u0131d\u0131r burada olup bitenlere. Ey T\u00fcrk halk\u0131, size iddia edildi\u011fi ve yans\u0131t\u0131ld\u0131\u011f\u0131 gibi de\u011fildir. Burada ya\u015fanan bir zul\u00fcmd\u00fcr. Ve zulme kar\u015f\u0131 \u00e7\u0131kmak, en az\u0131ndan \u2019kabul etmiyorum\u2019 demek bana g\u00f6re hepimizin boynunun borcudur. Belki de yak\u0131nda bir haftaya kadar \u015furda D tipine gidebilirim. Benim ba\u015f\u0131m ve g\u00f6z\u00fcm \u00fcst\u00fcne. Zulme boyun e\u011fmektense oray\u0131 tercih ediyorum.&#8221;<\/p>\n<p style=\"text-align: justify;\"><strong>ENSAR\u0130O\u011eLU: \u2019S\u0130YAS\u0130 ALANI \u00d6ZG\u00dcRLE\u015eT\u0130RMEK LAZIM\u2019<\/strong><\/p>\n<p style=\"text-align: justify;\">AK Parti Diyarbak\u0131r Milletvekili Galip Ensario\u011flu da yapt\u0131\u011f\u0131 konu\u015fmada, Diyarbak\u0131r\u2019da siyaset ve ticaretin birbirinden ay\u0131rt etmenin m\u00fcmk\u00fcn olmad\u0131\u011f\u0131n\u0131 belirterek, Baydemir\u2019in s\u00f6ylediklerine kat\u0131ld\u0131\u011f\u0131n\u0131 s\u00f6yledi. Diyarbak\u0131r\u2019da siyaset, ticaret, \u00fcretim, sanayi geli\u015fmenin i\u00e7i\u00e7e oldu\u011funu kaydeden Ensario\u011flu, \u015f\u00f6yle dedi:<\/p>\n<p style=\"text-align: justify;\">&#8220;Say\u0131n ba\u015fkan\u0131m siyasi konulara de\u011findi. Diyarbak\u0131r\u2019da malesef siyasetle ticareti \u00e7ok ay\u0131rdetmek m\u00fcmk\u00fcn de\u011fil. Siyaset, ticaret, \u00fcretim, sanayi geli\u015fmeler hepsi i\u00e7 i\u00e7e. Say\u0131n ba\u015fkana kat\u0131l\u0131yorum. Ger\u00e7ekten siyasi alan\u0131 \u00f6zg\u00fcrle\u015ftirmek gerek. Siyasi alan\u0131 \u00f6zg\u00fcrle\u015ftirdi\u011fimiz gibi biraz da m\u00fcsamahakar olmak gerekir. Evet hi\u00e7 kimsenin su\u00e7 i\u015fleme imtiyaz\u0131 yok. Mutlaka al\u0131nanlar bir dellilere dayand\u0131r\u0131larak i\u00e7eri al\u0131n\u0131yordur. Ama bunu yaparken biraz daha \u00f6zen g\u00f6stermek gerekir. Siyasaseti y\u00f6ntem olarak tercih edenlere biraz daha musmahakar, biraz daha ho\u015fg\u00f6r\u00fcyle bakmak gerekir. Bir tak\u0131m ili\u015fkileri de do\u011fal s\u00fcreci i\u00e7inde belki bir realite olarak g\u00f6rmek gerekir.&#8221;<\/p>\n<p style=\"text-align: justify;\"><strong>&#8216;\u00c7\u00d6Z\u00dcME EN YAKIN OLAN ANDAYIZ, SANCILARI OLACAK\u2019<\/strong><\/p>\n<p style=\"text-align: justify;\">T\u00fcrkiye\u2019nin \u00f6nemli bir s\u00fcre\u00e7ten ge\u00e7ti\u011fini hat\u0131rlatan Ensario\u011flu, bar\u0131\u015f i\u00e7in halen umutlu oldu\u011funu dile getirerek konu\u015fmas\u0131n\u0131 \u015f\u00f6yle s\u00fcrd\u00fcrd\u00fc:<\/p>\n<p style=\"text-align: justify;\">&#8220;Ben asla umutsuz de\u011filim. Hatta bug\u00fcn belki \u00e7\u00f6z\u00fcme en yak\u0131n oldu\u011fumuz bir anday\u0131z. T\u00fcrkiye\u2019de hem halk\u0131n \u2019yeter\u2019 dedi\u011fi ve \u00e7\u00f6z\u00fcm istedi\u011fi, hem de yeni parlamentoda herkesin bildi\u011fi gibi y\u00fczde 95 halk\u0131n iradesi parlamentoya yans\u0131m\u0131\u015ft\u0131r. Ciddi bir f\u0131rsat \u00f6n\u00fcm\u00fczde duruyor. Ve yeni bir anayasayla belki varolan b\u00fct\u00fcn sorunlar\u0131m\u0131z\u0131 \u00e7\u00f6zece\u011fiz. B\u00f6ylesi bir s\u00fcre\u00e7ten ge\u00e7iyoruz. Bunun da sanc\u0131lar\u0131 mutlaka vard\u0131r ve olacakt\u0131r. Ama kimse moralini bozmas\u0131n, b\u00fct\u00fcn bu olumsuzluklara ra\u011fmen, \u00e7\u00f6z\u00fcme de en yak\u0131n oldu\u011fumuz bir anday\u0131z. Hepimizin belki ortak diyalogla katk\u0131 sunmas\u0131 \u00e7aba sarfetmesi gerekir.&#8221;<\/p>\n<p style=\"text-align: justify;\"><strong>\u2019S\u0130YASET\u00c7\u0130LER DE CESARETLE R\u0130SK ALMALI\u2019<\/strong><\/p>\n<p style=\"text-align: justify;\">Siyaset yapanlara ho\u015f g\u00f6r\u00fc ile bak\u0131lmas\u0131 gerekti\u011fine i\u015faret eden Ensario\u011flu, siyaset\u00e7ilerin de cesaretle risk al\u0131p \u00f6zg\u00fcr siyaset yapmas\u0131 \u00e7a\u011fr\u0131s\u0131nda bulundu. Ensario\u011flu s\u00f6zlerini \u015f\u00f6yle tamamlad\u0131:<\/p>\n<p style=\"text-align: justify;\">&#8220;Bir tarafta siyaset yapanlara daha ho\u015f bakmak gerekir dedik. Ve siyaset yapanlar\u0131n sadece halka hesap vermesi gerekir. Yarg\u0131\u00e7lara de\u011fil. Ama di\u011fer tarafta siyaset yapanlar\u0131n da biraz daha cesaretle risk al\u0131p, \u00f6zg\u00fcr siyaset yapmas\u0131 gerekir ki bu diyalogu sa\u011flayabilelim. Ve buradan bir \u00e7\u00f6z\u00fcm \u00fcretebilelim. \u0130nan\u0131yorum ki Diyarbak\u0131r\u2019da ve b\u00f6lgemizde e\u011fer bu sorunu \u00e7\u00f6zebilirsek, bu s\u00fcreci atlatabilirsek, b\u00f6lgemizde hem sanayile\u015fme, hem istihdam, her t\u00fcrl\u00fc sorun da beraberinde \u00e7\u00f6zece\u011fiz. Bu anlamda in\u015fallah ben bu yeni anayasa s\u00fcrecinin \u00e7ok ciddi f\u0131rsat yaratt\u0131\u011f\u0131 kanaatindeyim.&#8221; Ensario\u011flu ve Baydemir daha sonra birlikte T\u00fcrkiye, b\u00f6lge ve Kuzey Irak\u2019tan \u00e7ok say\u0131da firman\u0131n stand a\u00e7t\u0131\u011f\u0131 fuar\u0131 gezerek, g\u00f6revlilerden bilgi ald\u0131.<\/p>\n<p style=\"text-align: justify;\"><a href=\"http:\/\/www.gazeteport.com.tr\/haber\/57510\/bir_haftaya_kadar_cezaevine_gidebilirim\" target=\"_blank\">Kaynak : GAZETEPORT<\/a><\/p>\n","protected":false},"excerpt":{"rendered":"<p style=\"text-align: center;\">\n<p style=\"text-align: justify;\">Diyarbak\u0131r B\u00fcy\u00fck\u015fehir Belediye Ba\u015fkan\u0131 Osman Baydemir: Bir haftaya kadar D Tipi Cezaevi\u2019ne gidebilirim. Zulme boyun e\u011fmektense oray\u0131 tercih ediyorum.<\/p>\n<p style=\"text-align: justify;\">D\u0130YARBAKIR- Diyarbak\u0131r 3\u2019\u00fcnc\u00fc \u0130n\u015faat ve 2\u2019inci Belediye \u0130htiya\u00e7lar\u0131 Fuar\u0131, bug\u00fcn d\u00fczenlenen t\u00f6renle a\u00e7\u0131ld\u0131. A\u00e7\u0131l\u0131\u015fa kat\u0131lan Diyarbak\u0131r B\u00fcy\u00fck\u015fehir Belediye Ba\u015fkan\u0131 BDP\u2019li Osman Baydemir, fuar ve belediyecelik ile ilgili daha \u00f6nce <\/p>\n","protected":false},"author":1,"featured_media":0,"comment_status":"open","ping_status":"open","sticky":false,"template":"","format":"standard","meta":{"footnotes":""},"categories":[105],"tags":[],"class_list":["post-41109","post","type-post","status-publish","format-standard","hentry","category-gundem","odd"],"_links":{"self":[{"href":"http:\/\/www.korhanyilmaz.com\/index.php?rest_route=\/wp\/v2\/posts\/41109","targetHints":{"allow":["GET"]}}],"collection":[{"href":"http:\/\/www.korhanyilmaz.com\/index.php?rest_route=\/wp\/v2\/posts"}],"about":[{"href":"http:\/\/www.korhanyilmaz.com\/index.php?rest_route=\/wp\/v2\/types\/post"}],"author":[{"embeddable":true,"href":"http:\/\/www.korhanyilmaz.com\/index.php?rest_route=\/wp\/v2\/users\/1"}],"replies":[{"embeddable":true,"href":"http:\/\/www.korhanyilmaz.com\/index.php?rest_route=%2Fwp%2Fv2%2Fcomments&post=41109"}],"version-history":[{"count":0,"href":"http:\/\/www.korhanyilmaz.com\/index.php?rest_route=\/wp\/v2\/posts\/41109\/revisions"}],"wp:attachment":[{"href":"http:\/\/www.korhanyilmaz.com\/index.php?rest_route=%2Fwp%2Fv2%2Fmedia&parent=41109"}],"wp:term":[{"taxonomy":"category","embeddable":true,"href":"http:\/\/www.korhanyilmaz.com\/index.php?rest_route=%2Fwp%2Fv2%2Fcategories&post=41109"},{"taxonomy":"post_tag","embeddable":true,"href":"http:\/\/www.korhanyilmaz.com\/index.php?rest_route=%2Fwp%2Fv2%2Ftags&post=41109"}],"curies":[{"name":"wp","href":"https:\/\/api.w.org\/{rel}","templated":true}]}}