{"id":41105,"date":"2011-10-13T13:15:32","date_gmt":"2011-10-13T10:15:32","guid":{"rendered":"http:\/\/www.korhanyilmaz.com\/?p=41105"},"modified":"2011-10-13T14:24:40","modified_gmt":"2011-10-13T11:24:40","slug":"bu-rapor-mosmor-bir-rapor","status":"publish","type":"post","link":"http:\/\/www.korhanyilmaz.com\/?p=41105","title":{"rendered":"&#8220;Bu rapor, mosmor bir rapor&#8221;"},"content":{"rendered":"<p style=\"text-align: justify;\"><a href=\"http:\/\/www.korhanyilmaz.com\/wp-content\/uploads\/2011\/10\/8063.jpg\"  class=\"lightview\"><img loading=\"lazy\" decoding=\"async\" class=\"aligncenter size-full wp-image-41106\" title=\"\" src=\"http:\/\/www.korhanyilmaz.com\/wp-content\/uploads\/2011\/10\/8063.jpg\" alt=\"\" width=\"292\" height=\"224\" \/><\/a><\/p>\n<p style=\"text-align: justify;\">CHP \u0130stanbul Milletvekili Umut Oran, AB Bakan\u0131 ve Ba\u015fm\u00fczakereci Egemen Ba\u011f\u0131\u015f&#8217;\u0131n, AB&#8217;ye pembe g\u00f6zl\u00fckl\u00fcklere bakt\u0131\u011f\u0131n\u0131 savunarak, &#8220;2011 AB \u0130lerleme Raporu pembe de\u011fil, mosmor bir rapor&#8221; dedi.<\/p>\n<p style=\"text-align: justify;\">Oran, TBMM&#8217;de d\u00fczenledi\u011fi bas\u0131n toplant\u0131s\u0131nda, 2011 AB \u0130lerleme Raporu&#8217;nu de\u011ferlendirdi. Ba\u015fbakan Recep Tayyip Erdo\u011fan&#8217;\u0131n &#8220;Bizim i\u00e7in AB&#8217;nin alternatifi yok&#8221; derken, \u015fimdi &#8220;Ask\u0131ya alaca\u011f\u0131z&#8221; ifadesini kulland\u0131\u011f\u0131n\u0131 belirten Oran, &#8220;Niye ask\u0131ya alaca\u011f\u0131z?&#8221; diye sordu.\u00a0<!--more--><\/p>\n<p style=\"text-align: justify;\">Oran, 6 y\u0131lda 33 fas\u0131ldan ancak 1 tanesinin kapat\u0131labildi\u011fini an\u0131msatt\u0131. Oran, AB Bakan\u0131 ve Ba\u015fm\u00fczakereci Egemen Ba\u011f\u0131\u015f&#8217;\u0131n, AB&#8217;yi s\u00fcrekli diyetisyene benzetti\u011fini, &#8220;Kendi ba\u015f\u0131n\u0131za kilo veremezsiniz, bir diyetisyene ihtiyac\u0131n\u0131z var&#8221; dedi\u011fini belirterek, ancak diyetisyenin yetmeyece\u011fini, \u00e7al\u0131\u015fmak, spor yapmak da gerekti\u011fini s\u00f6yledi.<\/p>\n<p style=\"text-align: justify;\">Oran, Ba\u011f\u0131\u015f&#8217;\u0131n bakan oldu\u011fu 6 Temmuzdan 21 Eyl\u00fcl tarihine kadar sadece 2 kez Avrupa&#8217;ya gitti\u011fini ifade ederek, &#8220;Ayda iki g\u00fcn perhiz yapmakla kilo verilmez. \u00dczerimizde kilolar, hantal yap\u0131m\u0131z var. Bakan&#8217;dan daha \u00e7ok \u00e7al\u0131\u015fmas\u0131n\u0131, ter ak\u0131tmas\u0131n\u0131, ikametgah\u0131n\u0131 Br\u00fcksel&#8217;e ta\u015f\u0131mas\u0131n\u0131 bekliyoruz&#8221; dedi.<\/p>\n<p style=\"text-align: justify;\">Oran, \u0130lerleme Raporu&#8217;nda, &#8220;Mart 2011&#8217;de hen\u00fcz bas\u0131lmam\u0131\u015f bir kitaba ter\u00f6r \u00f6rg\u00fct\u00fc belgesi olarak nitelendirilerek el konulmu\u015ftur. Hen\u00fcz bas\u0131m\u0131 yap\u0131lmam\u0131\u015f bir kitaba el konulmas\u0131 T\u00fcrkiye&#8217;de bas\u0131n \u00f6zg\u00fcrl\u00fc\u011f\u00fc ve davan\u0131n me\u015frulu\u011fu hakk\u0131nda endi\u015fe ve \u015f\u00fcphelere neden olmu\u015ftur&#8221; ifadesinin yer ald\u0131\u011f\u0131n\u0131 an\u0131msatt\u0131.<\/p>\n<p style=\"text-align: justify;\">Oran, Ba\u015fbakan Erdo\u011fan&#8217;\u0131n bas\u0131lmam\u0131\u015f kitab\u0131 bombaya benzetti\u011fini, bu bak\u0131\u015f a\u00e7\u0131s\u0131n\u0131n do\u011fru olmad\u0131\u011f\u0131n\u0131 ilerleme raporunda g\u00f6rd\u00fcklerini s\u00f6yledi.<\/p>\n<p style=\"text-align: justify;\">Raporda, yarg\u0131, kad\u0131nlar\u0131n sosyal ve siyasal haklar\u0131, dokunulmazl\u0131k gibi konular\u0131n bulundu\u011funa i\u015faret eden Oran, \u015f\u00f6yle devam etti: &#8220;\u00d6nce i\u011fneyi kendinize sonra \u00e7uvald\u0131z\u0131 ba\u015fkas\u0131na bat\u0131racaks\u0131n\u0131z. Ac\u0131y\u0131 hissetmemiz laz\u0131m, ac\u0131y\u0131 hissetmeden \u00e7\u00f6zemeyiz. Say\u0131n Bakan&#8217;\u0131n \u00e7al\u0131\u015fmalar\u0131, \u00e7abalar\u0131, muhalefetle diyaloglar\u0131 takdir edilecek ama daha \u00e7ok \u00e7al\u0131\u015fmas\u0131, Say\u0131n Ba\u015fbakan&#8217;\u0131n yan\u0131ndan ayr\u0131lmas\u0131, Br\u00fcksel&#8217;e gitmesi gerekiyor. Ba\u015fbakan, Ortado\u011fu&#8217;da&#8230; Arap bahar\u0131 Say\u0131n Ba\u015fbakan&#8217;\u0131 \u00e7arpm\u0131\u015f durumda, her \u015feye pembe g\u00f6zl\u00fcklerle bak\u0131yor. \u015eimdi Say\u0131n Ba\u011f\u0131\u015f&#8217;\u0131n d\u00fcnk\u00fc a\u00e7\u0131klamalar\u0131na bakt\u0131\u011f\u0131m zaman onu da Arap bahar\u0131 \u00e7arpm\u0131\u015f durumda. O da pembe g\u00f6zl\u00fckl\u00fcklere AB&#8217;ye bak\u0131yor. Ki bu rapora bakt\u0131\u011f\u0131mda pembe de\u011fil, mosmor bir rapor. Say\u0131n Bakan&#8217;\u0131n daha ger\u00e7ek\u00e7i olmas\u0131 gerekiyor. Say\u0131n Bakan, raporla ilgili Meclise hesap vermeli. 6 y\u0131lda nereden nereye geldin ya da gelemedin? Say\u0131n Bakan&#8217;\u0131n \u00f6n\u00fcm\u00fcze yol haritas\u0131 vermesi gerekiyor. Say\u0131n Ba\u015fbakan da AB s\u00fcreciyle ilgili kafas\u0131ndaki d\u00fc\u015f\u00fcnceleri Meclis ile payla\u015fmas\u0131 gerekiyor.&#8221;<\/p>\n<p style=\"text-align: justify;\"><a href=\"http:\/\/www.cnnturk.com\/2011\/turkiye\/10\/13\/bu.rapor.mosmor.bir.rapor\/632997.0\/index.html\" target=\"_blank\">Kaynak : CNN T\u00dcRK<\/a><\/p>\n","protected":false},"excerpt":{"rendered":"<p style=\"text-align: justify;\">\n<p style=\"text-align: justify;\">CHP \u0130stanbul Milletvekili Umut Oran, AB Bakan\u0131 ve Ba\u015fm\u00fczakereci Egemen Ba\u011f\u0131\u015f&#8217;\u0131n, AB&#8217;ye pembe g\u00f6zl\u00fckl\u00fcklere bakt\u0131\u011f\u0131n\u0131 savunarak, &#8220;2011 AB \u0130lerleme Raporu pembe de\u011fil, mosmor bir rapor&#8221; dedi.<\/p>\n<p style=\"text-align: justify;\">Oran, TBMM&#8217;de d\u00fczenledi\u011fi bas\u0131n toplant\u0131s\u0131nda, 2011 AB \u0130lerleme Raporu&#8217;nu de\u011ferlendirdi. Ba\u015fbakan Recep Tayyip Erdo\u011fan&#8217;\u0131n &#8220;Bizim i\u00e7in AB&#8217;nin alternatifi yok&#8221; derken, \u015fimdi &#8220;Ask\u0131ya <\/p>\n","protected":false},"author":1,"featured_media":0,"comment_status":"open","ping_status":"open","sticky":false,"template":"","format":"standard","meta":{"footnotes":""},"categories":[105],"tags":[],"class_list":["post-41105","post","type-post","status-publish","format-standard","hentry","category-gundem","odd"],"_links":{"self":[{"href":"http:\/\/www.korhanyilmaz.com\/index.php?rest_route=\/wp\/v2\/posts\/41105","targetHints":{"allow":["GET"]}}],"collection":[{"href":"http:\/\/www.korhanyilmaz.com\/index.php?rest_route=\/wp\/v2\/posts"}],"about":[{"href":"http:\/\/www.korhanyilmaz.com\/index.php?rest_route=\/wp\/v2\/types\/post"}],"author":[{"embeddable":true,"href":"http:\/\/www.korhanyilmaz.com\/index.php?rest_route=\/wp\/v2\/users\/1"}],"replies":[{"embeddable":true,"href":"http:\/\/www.korhanyilmaz.com\/index.php?rest_route=%2Fwp%2Fv2%2Fcomments&post=41105"}],"version-history":[{"count":0,"href":"http:\/\/www.korhanyilmaz.com\/index.php?rest_route=\/wp\/v2\/posts\/41105\/revisions"}],"wp:attachment":[{"href":"http:\/\/www.korhanyilmaz.com\/index.php?rest_route=%2Fwp%2Fv2%2Fmedia&parent=41105"}],"wp:term":[{"taxonomy":"category","embeddable":true,"href":"http:\/\/www.korhanyilmaz.com\/index.php?rest_route=%2Fwp%2Fv2%2Fcategories&post=41105"},{"taxonomy":"post_tag","embeddable":true,"href":"http:\/\/www.korhanyilmaz.com\/index.php?rest_route=%2Fwp%2Fv2%2Ftags&post=41105"}],"curies":[{"name":"wp","href":"https:\/\/api.w.org\/{rel}","templated":true}]}}