{"id":4110,"date":"2009-02-27T17:43:15","date_gmt":"2009-02-27T15:43:15","guid":{"rendered":"http:\/\/www.korhanyilmaz.com\/?p=4110"},"modified":"2009-02-27T17:43:15","modified_gmt":"2009-02-27T15:43:15","slug":"ankara-boyle-sanatsal-eylem-gormedi","status":"publish","type":"post","link":"http:\/\/www.korhanyilmaz.com\/?p=4110","title":{"rendered":"Ankara b\u00f6yle sanatsal eylem g\u00f6rmedi:"},"content":{"rendered":"<p style=\"text-align: center;\"><img loading=\"lazy\" decoding=\"async\" class=\"aligncenter size-full wp-image-4111\" title=\"Ankara b\u00f6yle sanatsal eylem g\u00f6rmedi:\" src=\"http:\/\/www.korhanyilmaz.com\/wp-content\/uploads\/2009\/02\/fft5_mf127729.jpeg\" alt=\"Ankara b\u00f6yle sanatsal eylem g\u00f6rmedi:\" width=\"360\" height=\"239\" \/><\/p>\n<p style=\"text-align: justify;\">\n<p style=\"text-align: justify;\"><strong>Abdi \u0130pek\u00e7i Park\u0131&#8217;nda toplanan &#8216;eylemciler&#8217; resim yaparken \u00e7evredekiler de ilgiyle izledi<\/strong><\/p>\n<p style=\"text-align: justify;\">Ressamlar, 27 \u015eubat&#8217;\u0131n &#8220;D\u00fcnya Ressamlar G\u00fcn\u00fc&#8221; olarak kutlanmas\u0131 i\u00e7in ya\u011fmur alt\u0131nda resim yapt\u0131.<br \/>\nAbdi \u0130pek\u00e7i Park\u0131&#8217;ndaki etkinlikte konu\u015fan &#8220;\u00c7oban Ressam&#8221; S\u00fcleyman \u015eahin, 4 y\u0131ld\u0131r 27 \u015eubat&#8217;\u0131 &#8220;D\u00fcnya Ressamlar G\u00fcn\u00fc&#8221; olarak kutlad\u0131klar\u0131n\u0131 ve bug\u00fcn\u00fcn sonsuza kadar ya\u015fayaca\u011f\u0131na inand\u0131klar\u0131n\u0131 s\u00f6yledi.<br \/>\n&#8220;D\u00fcnya Ressamlar G\u00fcn\u00fc&#8221;n\u00fcn &#8220;ge\u00e7 kal\u0131nm\u0131\u015f ve unutulmu\u015f bir g\u00fcn&#8221; oldu\u011funu ifade eden \u015eahin, bu g\u00fcn\u00fcn d\u00fcnya genelinde kutlanmas\u0131 i\u00e7in m\u00fccadelelerini s\u00fcrd\u00fcreceklerini belirtti. <!--more-->\u015eahin, T\u00fcrkiye&#8217;deki ressamlar\u0131n bu konunun \u00f6nc\u00fcl\u00fc\u011f\u00fcn\u00fc yapt\u0131\u011f\u0131n\u0131 da anlatarak, Ankara&#8217;daki bir soka\u011f\u0131n isminin &#8220;27 \u015eubat D\u00fcnya Ressamlar G\u00fcn\u00fc Soka\u011f\u0131&#8221; olarak de\u011fi\u015ftirilmesi i\u00e7in ba\u015fvuruda bulunacaklar\u0131n\u0131 kaydetti.<br \/>\nDaha sonra \u015eahin ve beraberindeki ressamlar tuvallerini kurarak, ya\u011fmur alt\u0131nda resim yapmaya ba\u015flad\u0131. Baz\u0131 ressamlar ya\u011fmurdan etkilenmemek i\u00e7in tuvallerinin \u00fczerine \u015femsiye ba\u011flad\u0131.<br \/>\nBu arada, Abdi \u0130pek\u00e7i Park\u0131&#8217;na eylem i\u00e7in gelen postac\u0131lardan baz\u0131lar\u0131 bir s\u00fcre eylemi b\u0131rakarak, ressamlar\u0131n \u00e7al\u0131\u015fmas\u0131n\u0131 izledi. Etkinlik \u00e7evredeki vatanda\u015flardan da ilgi g\u00f6rd\u00fc.\n<\/p>\n<p style=\"text-align: justify;\"><span style=\"color: #888888;\">AA<\/span><span style=\"color: #888888;\"><\/span><\/p>\n","protected":false},"excerpt":{"rendered":"<p style=\"text-align: center;\">\n<p style=\"text-align: justify;\">\n<p style=\"text-align: justify;\">Abdi \u0130pek\u00e7i Park\u0131&#8217;nda toplanan &#8216;eylemciler&#8217; resim yaparken \u00e7evredekiler de ilgiyle izledi<\/p>\n<p style=\"text-align: justify;\">Ressamlar, 27 \u015eubat&#8217;\u0131n &#8220;D\u00fcnya Ressamlar G\u00fcn\u00fc&#8221; olarak kutlanmas\u0131 i\u00e7in ya\u011fmur alt\u0131nda resim yapt\u0131. Abdi \u0130pek\u00e7i Park\u0131&#8217;ndaki etkinlikte konu\u015fan &#8220;\u00c7oban Ressam&#8221; S\u00fcleyman \u015eahin, 4 y\u0131ld\u0131r 27 \u015eubat&#8217;\u0131 &#8220;D\u00fcnya Ressamlar G\u00fcn\u00fc&#8221; olarak kutlad\u0131klar\u0131n\u0131 ve bug\u00fcn\u00fcn sonsuza <\/p>\n","protected":false},"author":1,"featured_media":0,"comment_status":"open","ping_status":"closed","sticky":false,"template":"","format":"standard","meta":{"footnotes":""},"categories":[8],"tags":[],"class_list":["post-4110","post","type-post","status-publish","format-standard","hentry","category-kultur-sanat","odd"],"_links":{"self":[{"href":"http:\/\/www.korhanyilmaz.com\/index.php?rest_route=\/wp\/v2\/posts\/4110","targetHints":{"allow":["GET"]}}],"collection":[{"href":"http:\/\/www.korhanyilmaz.com\/index.php?rest_route=\/wp\/v2\/posts"}],"about":[{"href":"http:\/\/www.korhanyilmaz.com\/index.php?rest_route=\/wp\/v2\/types\/post"}],"author":[{"embeddable":true,"href":"http:\/\/www.korhanyilmaz.com\/index.php?rest_route=\/wp\/v2\/users\/1"}],"replies":[{"embeddable":true,"href":"http:\/\/www.korhanyilmaz.com\/index.php?rest_route=%2Fwp%2Fv2%2Fcomments&post=4110"}],"version-history":[{"count":0,"href":"http:\/\/www.korhanyilmaz.com\/index.php?rest_route=\/wp\/v2\/posts\/4110\/revisions"}],"wp:attachment":[{"href":"http:\/\/www.korhanyilmaz.com\/index.php?rest_route=%2Fwp%2Fv2%2Fmedia&parent=4110"}],"wp:term":[{"taxonomy":"category","embeddable":true,"href":"http:\/\/www.korhanyilmaz.com\/index.php?rest_route=%2Fwp%2Fv2%2Fcategories&post=4110"},{"taxonomy":"post_tag","embeddable":true,"href":"http:\/\/www.korhanyilmaz.com\/index.php?rest_route=%2Fwp%2Fv2%2Ftags&post=4110"}],"curies":[{"name":"wp","href":"https:\/\/api.w.org\/{rel}","templated":true}]}}