{"id":41079,"date":"2011-10-12T19:11:45","date_gmt":"2011-10-12T16:11:45","guid":{"rendered":"http:\/\/www.korhanyilmaz.com\/?p=41079"},"modified":"2011-10-13T10:19:58","modified_gmt":"2011-10-13T07:19:58","slug":"sgkdan-memurlari-ilgilendiren-aciklama","status":"publish","type":"post","link":"http:\/\/www.korhanyilmaz.com\/?p=41079","title":{"rendered":"SGK&#8217;dan memurlar\u0131 ilgilendiren a\u00e7\u0131klama"},"content":{"rendered":"<p style=\"text-align: center;\"><a href=\"http:\/\/www.korhanyilmaz.com\/wp-content\/uploads\/2011\/10\/8058.jpg\"  class=\"lightview\"><img loading=\"lazy\" decoding=\"async\" class=\"aligncenter  wp-image-41080\" src=\"http:\/\/www.korhanyilmaz.com\/wp-content\/uploads\/2011\/10\/8058.jpg\" alt=\"\" width=\"319\" height=\"194\" \/><\/a><\/p>\n<p style=\"text-align: justify;\">Sosyal G\u00fcvenlik Kurumu Ba\u015fkanl\u0131\u011f\u0131&#8217;ndan yap\u0131lan a\u00e7\u0131klamada, &#8220;gerek 5434 say\u0131l\u0131 gerekse 5510 say\u0131l\u0131 kanun kapsam\u0131nda yer alan memurlar aras\u0131nda emekli ikramiyesi konusunda herhangi bir farkl\u0131l\u0131k bulunmad\u0131\u011f\u0131 bildirildi.\u00a0<!--more--><\/p>\n<p style=\"text-align: justify;\">Sosyal G\u00fcvenlik Kurumu bug\u00fcn baz\u0131 bas\u0131n yay\u0131n organlar\u0131nda yer alan &#8220;1 Ekim 2008&#8217;de y\u00fcr\u00fcrl\u00fc\u011fe giren Sosyal G\u00fcvenlik Reformu ile birlikte, kamu \u00e7al\u0131\u015fanlar\u0131 a\u00e7\u0131s\u0131ndan eski memur- yeni memur ayr\u0131m\u0131n\u0131n ba\u015flad\u0131\u011f\u0131, 5510 say\u0131l\u0131 Kanun&#8217;un y\u00fcr\u00fcrl\u00fc\u011fe girdi\u011fi Ekim 2008 tarihinden sonra ilk defa memur olarak g\u00f6reve ba\u015flayanlara emekli olduklar\u0131nda emekli ikramiyesi \u00f6denece\u011fine dair herhangi bir yasal d\u00fczenleme yap\u0131lmad\u0131\u011f\u0131&#8221; y\u00f6n\u00fcndeki iddialar \u00fczerine yaz\u0131l\u0131 bir a\u00e7\u0131klama yapt\u0131.<\/p>\n<p style=\"text-align: justify;\">Gerek 5434 say\u0131l\u0131 gerekse 5510 say\u0131l\u0131 Kanun kapsam\u0131nda yer alan memurlar aras\u0131nda emekli ikramiyesi konusunda herhangi bir farkl\u0131l\u0131k bulunmad\u0131\u011f\u0131n\u0131n belirtildi\u011fi a\u00e7\u0131klamada, \u015funlar kaydedildi: &#8220;5510 say\u0131l\u0131 Kanunun y\u00fcr\u00fcrl\u00fck tarihinden \u00f6nce i\u015ftirak\u00e7i olan memurlar hakk\u0131nda 5434 say\u0131l\u0131 Kanunun 89&#8217;uncu maddesine g\u00f6re emeklilik ikramiye tutarlar\u0131 \u00f6denmektedir. 5510 say\u0131l\u0131 Kanunun y\u00fcr\u00fcrl\u00fck tarihinden sonra ilk defa bu Kanunun 4&#8217;\u00fcnc\u00fc maddesinin birinci f\u0131kras\u0131n\u0131n (c) bendi kapsam\u0131nda sigortal\u0131 olan memurlar hakk\u0131nda ise, 5754 say\u0131l\u0131 Kanunla 5434 say\u0131l\u0131 Kanuna eklenen ek 82&#8217;nci maddesine g\u00f6re emeklilik ikramiye tutarlar\u0131 \u00f6denmektedir.<\/p>\n<p style=\"text-align: justify;\">Bu d\u00fczenlemeler nedeniyle 5510 say\u0131l\u0131 Kanunun 4&#8217;\u00fcnc\u00fc ve ge\u00e7ici 4&#8217;\u00fcnc\u00fc maddelerine g\u00f6re ayl\u0131\u011fa veya toptan \u00f6demeye hak kazanan sigortal\u0131lar\u0131n emeklilik ikramiyesine ili\u015fkin azami s\u00fcre, hesap y\u00f6ntemi, emekli ikramiyesinin hesab\u0131nda kullan\u0131lan \u00f6deme unsurlar\u0131 ile bu \u00f6deme unsurlar\u0131na hak kazanma \u015fartlar\u0131na ili\u015fkin esas ve usuller, \u00f6deme unsurlar\u0131n\u0131n ikramiye hesab\u0131na esas al\u0131nan oran ve\/veya miktarlar\u0131 aras\u0131nda herhangi bir farkl\u0131l\u0131k bulunmamaktad\u0131r.&#8221;<\/p>\n<p style=\"text-align: justify;\"><a href=\"http:\/\/www.cnnturk.com\/2011\/guncel\/10\/12\/sgkdan.memurlari.ilgilendiren.aciklama\/632925.0\/index.html\" target=\"_blank\">Kaynak : CNN T\u00dcRK<\/a><\/p>\n","protected":false},"excerpt":{"rendered":"<p style=\"text-align: center;\">\n<p style=\"text-align: justify;\">Sosyal G\u00fcvenlik Kurumu Ba\u015fkanl\u0131\u011f\u0131&#8217;ndan yap\u0131lan a\u00e7\u0131klamada, &#8220;gerek 5434 say\u0131l\u0131 gerekse 5510 say\u0131l\u0131 kanun kapsam\u0131nda yer alan memurlar aras\u0131nda emekli ikramiyesi konusunda herhangi bir farkl\u0131l\u0131k bulunmad\u0131\u011f\u0131 bildirildi. <\/p>\n","protected":false},"author":1,"featured_media":0,"comment_status":"open","ping_status":"open","sticky":false,"template":"","format":"standard","meta":{"footnotes":""},"categories":[7,105],"tags":[],"class_list":["post-41079","post","type-post","status-publish","format-standard","hentry","category-ekonomi","category-gundem","odd"],"_links":{"self":[{"href":"http:\/\/www.korhanyilmaz.com\/index.php?rest_route=\/wp\/v2\/posts\/41079","targetHints":{"allow":["GET"]}}],"collection":[{"href":"http:\/\/www.korhanyilmaz.com\/index.php?rest_route=\/wp\/v2\/posts"}],"about":[{"href":"http:\/\/www.korhanyilmaz.com\/index.php?rest_route=\/wp\/v2\/types\/post"}],"author":[{"embeddable":true,"href":"http:\/\/www.korhanyilmaz.com\/index.php?rest_route=\/wp\/v2\/users\/1"}],"replies":[{"embeddable":true,"href":"http:\/\/www.korhanyilmaz.com\/index.php?rest_route=%2Fwp%2Fv2%2Fcomments&post=41079"}],"version-history":[{"count":0,"href":"http:\/\/www.korhanyilmaz.com\/index.php?rest_route=\/wp\/v2\/posts\/41079\/revisions"}],"wp:attachment":[{"href":"http:\/\/www.korhanyilmaz.com\/index.php?rest_route=%2Fwp%2Fv2%2Fmedia&parent=41079"}],"wp:term":[{"taxonomy":"category","embeddable":true,"href":"http:\/\/www.korhanyilmaz.com\/index.php?rest_route=%2Fwp%2Fv2%2Fcategories&post=41079"},{"taxonomy":"post_tag","embeddable":true,"href":"http:\/\/www.korhanyilmaz.com\/index.php?rest_route=%2Fwp%2Fv2%2Ftags&post=41079"}],"curies":[{"name":"wp","href":"https:\/\/api.w.org\/{rel}","templated":true}]}}