{"id":41065,"date":"2011-10-12T15:41:40","date_gmt":"2011-10-12T12:41:40","guid":{"rendered":"http:\/\/www.korhanyilmaz.com\/?p=41065"},"modified":"2011-10-13T08:05:11","modified_gmt":"2011-10-13T05:05:11","slug":"ab-ankarayi-ovdu-ama-elestirdi-de","status":"publish","type":"post","link":"http:\/\/www.korhanyilmaz.com\/?p=41065","title":{"rendered":"AB Ankara&#8217;y\u0131 \u00f6vd\u00fc ama ele\u015ftirdi de&#8230;"},"content":{"rendered":"<p style=\"text-align: center;\"><a href=\"http:\/\/www.korhanyilmaz.com\/wp-content\/uploads\/2011\/10\/8054.jpg\"  class=\"lightview\"><img loading=\"lazy\" decoding=\"async\" class=\"aligncenter  wp-image-41066\" src=\"http:\/\/www.korhanyilmaz.com\/wp-content\/uploads\/2011\/10\/8054.jpg\" alt=\"\" width=\"348\" height=\"240\" \/><\/a><\/p>\n<p style=\"text-align: justify;\">2011 \u0130lerleme Raporu&#8217;nu yay\u0131mlayan AB Komisyonu, T\u00fcrkiye&#8217;nin, sivillerin ordu \u00fczerindeki kontrol\u00fc ve yarg\u0131 reformu konusunda olumlu ad\u0131mlar att\u0131\u011f\u0131n\u0131 ancak ifade ve bas\u0131n \u00f6zg\u00fcrl\u00fc\u011f\u00fc konusundaki s\u0131k\u0131nt\u0131lar\u0131n s\u00fcrd\u00fc\u011f\u00fcn\u00fc belirtti.<\/p>\n<p style=\"text-align: justify;\">AB \u00fcyelik s\u00fcrecinde T\u00fcrkiye&#8217;nin bir y\u0131ll\u0131k foto\u011fraf\u0131n\u0131 \u00e7eken raporda, \u00f6nceki Genelkurmay Ba\u015fkan\u0131 Orgeneral I\u015f\u0131k Ko\u015faner ve kuvvet komutanlar\u0131n\u0131n emekliliklerini istemeleri \u00fczerine yeni atamalar\u0131n h\u0131zla yap\u0131lmas\u0131 \u00f6vg\u00fc ald\u0131.\u00a0<!--more--><\/p>\n<p style=\"text-align: justify;\">Raporda, \u201cA\u011fustos 2011&#8217;deki YA\u015e toplant\u0131s\u0131 \u00f6ncesinde Genelkurmay Ba\u015fkan\u0131, kuvvet komutanlar\u0131yla birlikte emeklili\u011fini istedi. YA\u015e toplant\u0131s\u0131nda yeni komutanlar\u0131n\u0131n geciktirilmeden atanmalar\u0131, h\u00fck\u00fcmetin \u00fcst d\u00fczey komutanlar\u0131n atanmas\u0131n\u0131 kontrol etti\u011fini do\u011frulad\u0131\u201d ifadesi kullan\u0131ld\u0131.<\/p>\n<p style=\"text-align: justify;\">AB raporunda, sivillerin ordu \u00fczerindeki kontrol\u00fcnde m\u00fcspet ilerlemeler s\u0131ralan\u0131rken, \u201cGenel olarak g\u00fcvenlik g\u00fc\u00e7leri \u00fczerindeki sivil denetim prensibinin g\u00fc\u00e7lendirilmesinde iyi ilerleme sa\u011fland\u0131. A\u011fustos 2011 YA\u015e toplant\u0131s\u0131, silahl\u0131 kuvvetler \u00fczerinde daha g\u00fc\u00e7l\u00fc sivil denetim y\u00f6n\u00fcnde at\u0131lm\u0131\u015f bir ad\u0131md\u0131r. Askeri harcamalar \u00fczerinde sivil g\u00f6zetim g\u00fc\u00e7lendirildi ve Milli G\u00fcvenlik Stratejisi g\u00f6zden ge\u00e7irildi. Buna ilaveten YA\u015e kararlar\u0131 sivil yarg\u0131n\u0131n incelemesine a\u00e7\u0131ld\u0131\u201d denildi.<\/p>\n<p style=\"text-align: justify;\">\u0130lerleme raporunda, T\u00fcrk Silahl\u0131 Kuvvetleri&#8217;nin yetkilerini a\u015fan siyasi konulara do\u011frudan ya da dolayl\u0131 m\u00fcdahale giri\u015fimi vakalar\u0131n\u0131n azald\u0131\u011f\u0131 da ifade edildi.<\/p>\n<p style=\"text-align: justify;\"><strong>&#8220;YA\u015e kararlar\u0131 yarg\u0131 denetimine yeterince a\u00e7\u0131k de\u011fil&#8221;\u00a0<\/strong><\/p>\n<p style=\"text-align: justify;\">Raporda ordunun sivil kontrol kapsam\u0131nda T\u00fcrkiye&#8217;ye y\u00f6nelik ele\u015ftiriler aras\u0131nda ise YA\u015e&#8217;\u0131n yap\u0131s\u0131 ve yetkilerinin de\u011fi\u015ftirilmemesi, terfi ve atamalarda sivil kontrol\u00fcn s\u0131n\u0131rl\u0131 kalmas\u0131, \u0130\u00e7i\u015fleri ve Milli Savunma bakanl\u0131klar\u0131n\u0131n jandarma \u00fczerindeki yetkisinin s\u0131n\u0131rl\u0131 kalmas\u0131, askeri yarg\u0131n\u0131n yap\u0131s\u0131 ve g\u00f6rev alan\u0131n\u0131n g\u00f6zden ge\u00e7irilmemesi, YA\u015e kararlar\u0131n\u0131n ve di\u011fer askeri makamlar\u0131n kariyer y\u00f6netimiyle ilgili kararlar\u0131n\u0131n yarg\u0131 denetimine yeterince a\u00e7\u0131lmamas\u0131, TSK G\u00fc\u00e7lendirme Vakf\u0131&#8217;n\u0131n Say\u0131\u015ftay denetimine a\u00e7\u0131lmamas\u0131, orduya siyasete m\u00fcdahale alan\u0131 b\u0131rakan TSK \u0130\u00e7 Hizmet Kanunu&#8217;nun de\u011fi\u015ftirilmemesi, Genelkurmay&#8217;\u0131n Milli Savunma Bakanl\u0131\u011f\u0131&#8217;na ba\u011flanmamas\u0131, orta \u00f6\u011frenimde milli g\u00fcvenlik derslerinin subaylar taraf\u0131ndan verilmesi ve TSK&#8217;n\u0131n medya kurulu\u015flar\u0131na se\u00e7ici akreditasyon uygulamas\u0131n\u0131 s\u00fcrd\u00fcrmesi s\u0131raland\u0131.<\/p>\n<p style=\"text-align: justify;\">\u0130lerleme raporunda, 12 Eyl\u00fcl referandumuyla kabul edilen anayasa paketinin \u00f6zellikle yarg\u0131da standartlar\u0131 y\u00fckseltti\u011fi belirtilerek, \u201cYeni anayasa, demokrasi, hukukun \u00fcst\u00fcnl\u00fc\u011f\u00fc, insan haklar\u0131 ve az\u0131nl\u0131k haklar\u0131na sayg\u0131y\u0131 g\u00fcvence alt\u0131na alan kurumlar\u0131n istikrar\u0131n\u0131 g\u00fc\u00e7lendirecek ve aralar\u0131nda K\u00fcrt meselesinin de bulundu\u011fu k\u00f6kl\u00fc sorunlar\u0131n \u00e7\u00f6z\u00fclmesini sa\u011flayacakt\u0131r. H\u00fck\u00fcmet ve muhalefet, \u00f6zg\u00fcrl\u00fckleri merkezine alan yeni anayasa i\u00e7in \u00e7al\u0131\u015fma konusunda taahh\u00fctte bulundular. Anayasan\u0131n haz\u0131rlanmas\u0131 s\u00fcrecinde t\u00fcm siyasi partiler ve sivil toplum dahil en geni\u015f isti\u015farelerin ger\u00e7ekle\u015ftirilmesinin g\u00fcvence alt\u0131na al\u0131nmas\u0131na azami dikkat edilmelidir\u201d ifadesi kullan\u0131ld\u0131.<\/p>\n<p style=\"text-align: justify;\"><strong>&#8220;HSYK daha ba\u011f\u0131ms\u0131z&#8221;\u00a0<\/strong><\/p>\n<p style=\"text-align: justify;\">Raporda, T\u00fcrkiye&#8217;nin yarg\u0131 alan\u0131nda \u00f6zellikle ge\u00e7en y\u0131lki Anayasa paketinin uygulanmas\u0131yla ilerleme sa\u011flamaya devam etti\u011fi belirtilerek Adalet Bakanl\u0131\u011f\u0131&#8217;n\u0131n HSYK \u00fczerindeki etkisinin azald\u0131\u011f\u0131 kaydedildi.<\/p>\n<p style=\"text-align: justify;\">Raporda, daha \u00f6nce sadece toplant\u0131lara kat\u0131lmayarak karar al\u0131nmas\u0131n\u0131 engelleyebilen Adalet Bakan\u0131 ve m\u00fcste\u015far\u0131n\u0131n HSYK&#8217;daki yeni yap\u0131lanman\u0131n ard\u0131ndan art\u0131k bu g\u00fcc\u00fcn\u00fc yitirdi\u011fi dile getirildi.<\/p>\n<p style=\"text-align: justify;\"><strong>Ergenekon soru\u015fturmas\u0131nda &#8220;me\u015fruiyet&#8221; endi\u015fesi\u00a0<\/strong><\/p>\n<p style=\"text-align: justify;\">Raporda, Ergenekon davas\u0131 ve darbe planlar\u0131na y\u00f6nelik di\u011fer soru\u015fturmalar\u0131n \u201cT\u00fcrkiye a\u00e7\u0131s\u0131ndan demokrasiye kar\u015f\u0131 i\u015flendi\u011fi iddia edilen su\u00e7lara \u0131\u015f\u0131k tutmak ve hukukun \u00fcst\u00fcnl\u00fc\u011f\u00fcyle demokratik kurumlar\u0131n uygun i\u015fleyi\u015fine g\u00fcveni art\u0131rmak i\u00e7in f\u0131rsat kalmaya devam etti\u011fi\u201d kaydedildi.<\/p>\n<p style=\"text-align: justify;\">Bununla birlikte raporda s\u00f6zkonusu soru\u015fturmalar\u0131n y\u00fcr\u00fct\u00fclmesiyle ilgili endi\u015felerin bulundu\u011fu, savunma hakk\u0131n\u0131n riske edildi\u011fi, savc\u0131lar\u0131n ve mahkemelerin kamuoyunu bilgilendirme mekanizmalar\u0131na sahip olmad\u0131\u011f\u0131 gibi sorunlar nedeniyle kamoyunda s\u00fcren davalar\u0131n me\u015fruiyetiyle ilgili endi\u015felere neden oldu\u011fu dile getirildi.<\/p>\n<p style=\"text-align: justify;\"><strong>\u0130fade ve bas\u0131n \u00f6zg\u00fcrl\u00fc\u011f\u00fc ele\u015ftirisi\u00a0<\/strong><\/p>\n<p style=\"text-align: justify;\">Raporda, hassas olarak nitelendirilen meselelerin kamuoyunda a\u00e7\u0131k\u00e7a tart\u0131\u015f\u0131labilmesine ra\u011fmen y\u00fcksek say\u0131da ifade \u00f6zg\u00fcrl\u00fc\u011f\u00fc ihlallerinin ve bas\u0131n \u00f6zg\u00fcrl\u00fc\u011f\u00fcn\u00fcn pratikte k\u0131s\u0131tlanmas\u0131n\u0131n endi\u015fe do\u011furdu\u011fu bildirildi.<\/p>\n<p style=\"text-align: justify;\">Gazetecilerin hapse at\u0131lmas\u0131n\u0131n ve Ergenekon soru\u015fturmas\u0131 kapsam\u0131nda yay\u0131mlanmam\u0131\u015f bir kitap tasla\u011f\u0131na el konulmas\u0131n\u0131n bu endi\u015feleri g\u00fc\u00e7lendirdi\u011fi savunulan raporda, T\u00fcrkiye&#8217;nin ifade ve bas\u0131n \u00f6zg\u00fcrl\u00fc\u011f\u00fcnde Avrupa \u0130nsan Haklar\u0131 Mahkemesi kararlar\u0131yla uyum sa\u011flayabilmek i\u00e7in yasal d\u00fczenlemeler yapmas\u0131 gerekti\u011fi belirtildi.<\/p>\n<p style=\"text-align: justify;\">\u0130lerleme raporunda \u201cT\u00fcrkiye&#8217;de ceza yasalar\u0131 b\u00fcy\u00fck \u00f6l\u00e7\u00fcde sorunlu ve ifade \u00f6zg\u00fcrl\u00fc\u011f\u00fcn\u00fc orant\u0131s\u0131z \u015fekilde k\u0131s\u0131tlamaya a\u00e7\u0131k. Bas\u0131n kanunu ve Atat\u00fcrk&#8217;\u00fc koruma kanunu da ifade \u00f6zg\u00fcrl\u00fc\u011f\u00fcn\u00fc k\u0131s\u0131tlamada kullan\u0131l\u0131yor\u201d denilerek, T\u00fcrk Ceza Kanunu&#8217;nun 125, 214, 215, 216, 220, 226, 285, 288, 314 ve 318&#8217;inci maddeleriyle Ter\u00f6rle M\u00fccadele Kanunu&#8217;nun 6&#8217;nc\u0131 ve 7&#8217;nci maddelerinin de\u011fi\u015ftirilmesi talep edildi.<\/p>\n<p style=\"text-align: justify;\">AB ilerleme raporunda ayr\u0131ca, medya kurulu\u015flar\u0131na bir\u00e7ok kez y\u00fcksek para cezas\u0131 uygulanmas\u0131 ele\u015ftirildi.<\/p>\n<p style=\"text-align: justify;\"><strong>Cumhurba\u015fkan\u0131 G\u00fcl&#8217;e \u00f6vg\u00fc\u00a0<\/strong><\/p>\n<p style=\"text-align: justify;\">AB Komisyonu&#8217;nca haz\u0131rlanan raporda Cumhurba\u015fkan\u0131 Abdullah G\u00fcl, \u00fclkedeki belirgin kutupla\u015fma atmosferinde \u201cuzla\u015ft\u0131r\u0131c\u0131 rol\u00fcn\u00fc s\u00fcrd\u00fcrmesi\u201d nedeniyle \u00f6vg\u00fc ald\u0131.<\/p>\n<p style=\"text-align: justify;\">Raporda G\u00fcl&#8217;\u00fcn T\u00fcrkiye&#8217;nin g\u00fcndemindeki baz\u0131 kilit meseleleri \u201cyap\u0131c\u0131 a\u00e7\u0131klamalar ve m\u00fcdahalelerde \u00e7\u00f6zd\u00fc\u011f\u00fc\u201d kayda ge\u00e7irildi.<\/p>\n<p style=\"text-align: justify;\">AB raporunda Cumhurba\u015fkan\u0131 G\u00fcl&#8217;\u00fcn g\u00f6rev s\u00fcresinin gelecek y\u0131l m\u0131 yoksa 2014 y\u0131l\u0131nda m\u0131 sona erece\u011finin hala m\u00fcphem oldu\u011fu ifade edildi.<\/p>\n<p style=\"text-align: justify;\">12 Haziran se\u00e7imlerinin ard\u0131ndan ilk kez m\u00fcstakil yap\u0131da AB Bakanl\u0131\u011f\u0131 olu\u015fturulmas\u0131 ve h\u00fck\u00fcmetten gelen AB kat\u0131l\u0131m s\u00fcrecine ba\u011fl\u0131l\u0131k y\u00f6n\u00fcndeki a\u00e7\u0131klamalar\u0131n T\u00fcrkiye&#8217;nin AB kararl\u0131l\u0131\u011f\u0131n\u0131 teyit etti\u011fi kaydedilen raporda, AB Bakan\u0131 ve Ba\u015fm\u00fczakereci Egemen Ba\u011f\u0131\u015f da \u201cbakanl\u0131klar aras\u0131 \u00e7al\u0131\u015fmalar\u0131 daha etkin hale getirmek ve sivil toplumu s\u00fcrece dahil etmek i\u00e7in \u00e7aba g\u00f6stermesi\u201d nedeniyle \u00f6v\u00fcld\u00fc.<\/p>\n<p style=\"text-align: justify;\"><a href=\"http:\/\/www.cnnturk.com\/2011\/dunya\/10\/12\/ab.ankarayi.ovdu.ama.elestirdi.de\/632889.0\/index.html\" target=\"_blank\">Kaynak : CNN T\u00dcRK<\/a><\/p>\n","protected":false},"excerpt":{"rendered":"<p style=\"text-align: center;\">\n<p style=\"text-align: justify;\">2011 \u0130lerleme Raporu&#8217;nu yay\u0131mlayan AB Komisyonu, T\u00fcrkiye&#8217;nin, sivillerin ordu \u00fczerindeki kontrol\u00fc ve yarg\u0131 reformu konusunda olumlu ad\u0131mlar att\u0131\u011f\u0131n\u0131 ancak ifade ve bas\u0131n \u00f6zg\u00fcrl\u00fc\u011f\u00fc konusundaki s\u0131k\u0131nt\u0131lar\u0131n s\u00fcrd\u00fc\u011f\u00fcn\u00fc belirtti.<\/p>\n<p style=\"text-align: justify;\">AB \u00fcyelik s\u00fcrecinde T\u00fcrkiye&#8217;nin bir y\u0131ll\u0131k foto\u011fraf\u0131n\u0131 \u00e7eken raporda, \u00f6nceki Genelkurmay Ba\u015fkan\u0131 Orgeneral I\u015f\u0131k Ko\u015faner ve kuvvet komutanlar\u0131n\u0131n emekliliklerini istemeleri \u00fczerine <\/p>\n","protected":false},"author":1,"featured_media":0,"comment_status":"open","ping_status":"open","sticky":false,"template":"","format":"standard","meta":{"footnotes":""},"categories":[105],"tags":[],"class_list":["post-41065","post","type-post","status-publish","format-standard","hentry","category-gundem","odd"],"_links":{"self":[{"href":"http:\/\/www.korhanyilmaz.com\/index.php?rest_route=\/wp\/v2\/posts\/41065","targetHints":{"allow":["GET"]}}],"collection":[{"href":"http:\/\/www.korhanyilmaz.com\/index.php?rest_route=\/wp\/v2\/posts"}],"about":[{"href":"http:\/\/www.korhanyilmaz.com\/index.php?rest_route=\/wp\/v2\/types\/post"}],"author":[{"embeddable":true,"href":"http:\/\/www.korhanyilmaz.com\/index.php?rest_route=\/wp\/v2\/users\/1"}],"replies":[{"embeddable":true,"href":"http:\/\/www.korhanyilmaz.com\/index.php?rest_route=%2Fwp%2Fv2%2Fcomments&post=41065"}],"version-history":[{"count":0,"href":"http:\/\/www.korhanyilmaz.com\/index.php?rest_route=\/wp\/v2\/posts\/41065\/revisions"}],"wp:attachment":[{"href":"http:\/\/www.korhanyilmaz.com\/index.php?rest_route=%2Fwp%2Fv2%2Fmedia&parent=41065"}],"wp:term":[{"taxonomy":"category","embeddable":true,"href":"http:\/\/www.korhanyilmaz.com\/index.php?rest_route=%2Fwp%2Fv2%2Fcategories&post=41065"},{"taxonomy":"post_tag","embeddable":true,"href":"http:\/\/www.korhanyilmaz.com\/index.php?rest_route=%2Fwp%2Fv2%2Ftags&post=41065"}],"curies":[{"name":"wp","href":"https:\/\/api.w.org\/{rel}","templated":true}]}}