{"id":4106,"date":"2009-02-27T17:39:35","date_gmt":"2009-02-27T15:39:35","guid":{"rendered":"http:\/\/www.korhanyilmaz.com\/?p=4106"},"modified":"2009-02-27T17:39:35","modified_gmt":"2009-02-27T15:39:35","slug":"tunceli%e2%80%99de-yardimlara-yonelik-vahim-iddia","status":"publish","type":"post","link":"http:\/\/www.korhanyilmaz.com\/?p=4106","title":{"rendered":"Tunceli\u2019de yard\u0131mlara y\u00f6nelik vahim iddia:"},"content":{"rendered":"<p><img loading=\"lazy\" decoding=\"async\" class=\"aligncenter size-full wp-image-4107\" title=\"Tunceli\u2019de yard\u0131mlara y\u00f6nelik vahim iddia:\" src=\"http:\/\/www.korhanyilmaz.com\/wp-content\/uploads\/2009\/02\/fft5_mf127747.jpeg\" alt=\"Tunceli\u2019de yard\u0131mlara y\u00f6nelik vahim iddia:\" width=\"324\" height=\"216\" \/><\/p>\n<p style=\"text-align: justify;\">Tunceli&#8217;de t\u00fcm ele\u015ftirilere kar\u015f\u0131n valili\u011fin beyaz e\u015fya ve mobilya yard\u0131mlar\u0131 s\u00fcr\u00fcyor. Derman ve Yeter Balca: AKP&#8217;ye oy vermeyece\u011fimizi s\u00f6yleyince ihtiyac\u0131m\u0131z oldu\u011fu halde yard\u0131m alamad\u0131k.<\/p>\n<p style=\"text-align: justify;\">TUNCEL\u0130 Valili\u011fi&#8217;nin paras\u0131n\u0131 Sosyal Yard\u0131mla\u015fma ve Dayan\u0131\u015fma Vakf\u0131&#8217;ndan kar\u015f\u0131lay\u0131p da\u011f\u0131tt\u0131\u011f\u0131 beyaz e\u015fya ve mobilya yard\u0131mlar\u0131 h\u0131z kesmeden s\u00fcr\u00fcyor. Merkez Aktuluk K\u00f6y\u00fc&#8217;ndeki da\u011f\u0131t\u0131m\u0131 s\u0131ras\u0131nda kamyonetlerin \u00f6n\u00fcne kesen Derman Balca ile Yeter Balca, ara\u00e7lar\u0131 ta\u015flay\u0131p, kendilerine yard\u0131m verilmemesine tepki g\u00f6sterdi. Derman Balca, &#8220;AKP&#8217;ye oy vermeyece\u011fimi s\u00f6yledi\u011fim i\u00e7in bana yard\u0131m yapmad\u0131lar. Bana, \u2018sen o partiye oy vermiyorsun. Biz de sana yard\u0131m vermiyoruz&#8217; dediler&#8221; iddias\u0131nda bulundu.<!--more--><br \/>\nTunceli Valili\u011fi&#8217;nin \u2018Her eve bir beyaz e\u015fya&#8217; kampanyas\u0131 \u00e7er\u00e7evesinde beyaz e\u015fya ve mobil yard\u0131mlar\u0131, tart\u0131\u015fmalara ra\u011fmen t\u00fcm h\u0131z\u0131yla s\u00fcr\u00fcyor. Tunceli merkeze 5 kilometre mesafede bulunan Aktuluk K\u00f6y\u00fc Meytan Mezras\u0131&#8217;nda kanepe yard\u0131m\u0131 da\u011f\u0131tan valilik g\u00f6revlileri, K\u00f6y muhtar\u0131 H\u00fcseyin T\u00fclek ile da\u011f\u0131t\u0131m ekibi bug\u00fcn k\u00f6yl\u00fc kad\u0131nlar\u0131n sert tepkisiyle kar\u015f\u0131la\u015ft\u0131. Mezrada baz\u0131 ailelere kanepe verdikten sonra ayr\u0131lan kamyonetin ge\u00e7i\u015f yoluna ta\u015f dizen ve arac\u0131 ta\u015flayan Derman Balca, &#8220;Neden haks\u0131zl\u0131k yap\u0131yorsunuz. Bizim de yard\u0131ma ihtiyac\u0131m\u0131z var, yard\u0131mlar\u0131 zenginlere veriyorsunuz&#8221; diye tepki g\u00f6sterdi. Ancak Balca&#8217;n\u0131n tepkisine kar\u015f\u0131n ekipler durmayarak mezradan ayr\u0131ld\u0131.<br \/>\nDa\u011f\u0131t\u0131m\u0131n ekibini ayr\u0131lmas\u0131ndan sonra gazetecilere a\u00e7\u0131klamalarda bulunan Derman Balca, kendisinin AKP&#8217;ye oy vermeyece\u011fini s\u00f6ylemesi \u00fczerine yard\u0131m verilmedi\u011fini \u00f6ne s\u00fcrd\u00fc. Balca, \u015f\u00f6yle konu\u015ftu:<br \/>\n&#8220;Ben dulum ve 5 \u00e7ocu\u011fum var, bir \u00e7ocu\u011fum da \u00fcniversitede okuyor. Benim bu \u00e7ocuklara bakacak g\u00fcc\u00fcm yok. Yard\u0131m yap\u0131lan evlere bak\u0131n hepsi zengin. Benim evim ise y\u0131k\u0131k durumda buluyor. Valili\u011fie gidip dilek\u00e7e ile ba\u015fvurdum. AKP&#8217;ye oy vermeyece\u011fimi s\u00f6yledi\u011fim i\u00e7in bana yard\u0131m yapmad\u0131lar. Bana, \u2018sen o partiye oy vermiyorsun. Biz de sana yard\u0131m vermiyoruz&#8217; dediler. Bu mant\u0131\u011f\u0131 kabul kesinlikle kabul etmiyorum. Oy vermiyorsan\u0131z, yard\u0131m vermiyoruz demeleri \u00e7ok yanl\u0131\u015f. Bu insanlar aras\u0131nda ayr\u0131mc\u0131l\u0131kt\u0131r. Ne e\u015fya versinler, ne de oy istesinler. Biz oyumuzu hakk\u0131m\u0131za veririz.&#8221;<br \/>\nYard\u0131mlar\u0131n zenginlere verildi\u011fini \u00f6ne s\u00fcren Yeter Balca, kendisinin televizyon, buzdolab\u0131 ve f\u0131r\u0131na ihtiyac\u0131 oldu\u011funu s\u00f6yledi. Durumunu k\u00f6t\u00fc oldu\u011funu ve e\u015fyas\u0131 bulunmad\u0131\u011f\u0131n\u0131 belirten Yeter Balca, &#8220;Muhtardan gelip evime bakmas\u0131n\u0131 istedim ama gelmedi. Bu yard\u0131mlar kesinlikle oy i\u00e7in yap\u0131l\u0131yor. Bana da \u2018sen o partiye oy vermiyorsun, biz de sana e\u015fya vermiyoruz&#8217; dediler. Ben de bu durum kar\u015f\u0131s\u0131nda ber\u015fey diyemedim&#8221; dedi.\n<\/p>\n<p style=\"text-align: justify;\"><span style=\"color: #888888;\">Kaynak : Radikal Gazetesi<\/span><\/p>\n","protected":false},"excerpt":{"rendered":"<\/p>\n<p style=\"text-align: justify;\">Tunceli&#8217;de t\u00fcm ele\u015ftirilere kar\u015f\u0131n valili\u011fin beyaz e\u015fya ve mobilya yard\u0131mlar\u0131 s\u00fcr\u00fcyor. Derman ve Yeter Balca: AKP&#8217;ye oy vermeyece\u011fimizi s\u00f6yleyince ihtiyac\u0131m\u0131z oldu\u011fu halde yard\u0131m alamad\u0131k.<\/p>\n<p style=\"text-align: justify;\">TUNCEL\u0130 Valili\u011fi&#8217;nin paras\u0131n\u0131 Sosyal Yard\u0131mla\u015fma ve Dayan\u0131\u015fma Vakf\u0131&#8217;ndan kar\u015f\u0131lay\u0131p da\u011f\u0131tt\u0131\u011f\u0131 beyaz e\u015fya ve mobilya yard\u0131mlar\u0131 h\u0131z kesmeden s\u00fcr\u00fcyor. Merkez Aktuluk K\u00f6y\u00fc&#8217;ndeki da\u011f\u0131t\u0131m\u0131 s\u0131ras\u0131nda kamyonetlerin \u00f6n\u00fcne kesen <\/p>\n","protected":false},"author":1,"featured_media":0,"comment_status":"open","ping_status":"closed","sticky":false,"template":"","format":"standard","meta":{"footnotes":""},"categories":[105],"tags":[],"class_list":["post-4106","post","type-post","status-publish","format-standard","hentry","category-gundem","odd"],"_links":{"self":[{"href":"http:\/\/www.korhanyilmaz.com\/index.php?rest_route=\/wp\/v2\/posts\/4106","targetHints":{"allow":["GET"]}}],"collection":[{"href":"http:\/\/www.korhanyilmaz.com\/index.php?rest_route=\/wp\/v2\/posts"}],"about":[{"href":"http:\/\/www.korhanyilmaz.com\/index.php?rest_route=\/wp\/v2\/types\/post"}],"author":[{"embeddable":true,"href":"http:\/\/www.korhanyilmaz.com\/index.php?rest_route=\/wp\/v2\/users\/1"}],"replies":[{"embeddable":true,"href":"http:\/\/www.korhanyilmaz.com\/index.php?rest_route=%2Fwp%2Fv2%2Fcomments&post=4106"}],"version-history":[{"count":0,"href":"http:\/\/www.korhanyilmaz.com\/index.php?rest_route=\/wp\/v2\/posts\/4106\/revisions"}],"wp:attachment":[{"href":"http:\/\/www.korhanyilmaz.com\/index.php?rest_route=%2Fwp%2Fv2%2Fmedia&parent=4106"}],"wp:term":[{"taxonomy":"category","embeddable":true,"href":"http:\/\/www.korhanyilmaz.com\/index.php?rest_route=%2Fwp%2Fv2%2Fcategories&post=4106"},{"taxonomy":"post_tag","embeddable":true,"href":"http:\/\/www.korhanyilmaz.com\/index.php?rest_route=%2Fwp%2Fv2%2Ftags&post=4106"}],"curies":[{"name":"wp","href":"https:\/\/api.w.org\/{rel}","templated":true}]}}