{"id":41059,"date":"2011-10-12T20:43:29","date_gmt":"2011-10-12T17:43:29","guid":{"rendered":"http:\/\/www.korhanyilmaz.com\/?p=41059"},"modified":"2011-10-13T07:57:53","modified_gmt":"2011-10-13T04:57:53","slug":"hopa-iddianamesine-kabul","status":"publish","type":"post","link":"http:\/\/www.korhanyilmaz.com\/?p=41059","title":{"rendered":"Hopa iddianamesine kabul"},"content":{"rendered":"<p style=\"text-align: center;\"><a href=\"http:\/\/www.korhanyilmaz.com\/wp-content\/uploads\/2011\/10\/8053.jpg\"  class=\"lightview\"><img loading=\"lazy\" decoding=\"async\" class=\"aligncenter  wp-image-41060\" src=\"http:\/\/www.korhanyilmaz.com\/wp-content\/uploads\/2011\/10\/8053.jpg\" alt=\"\" width=\"346\" height=\"266\" \/><\/a><\/p>\n<p style=\"text-align: justify;\">Hopa&#8217;da \u00e7\u0131kan olaylarla ilgili Ankara&#8217;da d\u00fczenlenen g\u00f6sterilere dair ba\u015flat\u0131lan soru\u015fturma kapsam\u0131nda, \u00f6zel yetkili Ankara Cumhuriyet Ba\u015fsavc\u0131vekilli\u011fi&#8217;nin 28 ki\u015fi hakk\u0131nda haz\u0131rlad\u0131\u011f\u0131 iddianame, Ankara 11. A\u011f\u0131r Ceza Mahkemesi taraf\u0131ndan kabul edildi.<!--more--><\/p>\n<p style=\"text-align: justify;\">\u0130ddianamede Ozan S\u00fcrer, \u00d6zg\u00fcr Atmaca, \u00c7a\u011fr\u0131 Y\u0131lmaz, U\u011fur Uzunp\u0131nar, Tayfun Y\u0131ld\u0131r\u0131m, Can Kaya, Can T\u00fcrky\u0131lmaz, U\u011fur Tuna, Nuri \u00d6z\u00e7elik, Zafer Alg\u00fcl, Hamza Doruk Y\u0131ld\u0131r\u0131m, Hikmet Tan\u0131l, Kadir Aydo\u011fan, Mahir Mansuro\u011flu, C\u00fcneyt \u00c7ak\u0131r, Ozan G\u00fcndo\u011fdu, Soner Torlak, G\u00f6ksel Ilg\u0131n, \u00d6m\u00fcr \u00c7a\u011fda\u015f Ersoy, Demet Y\u0131lan, Eda Di\u015fkaya, Ferat Konukcu, Sevgi S\u00f6nmez, Mehmet Cem \u00c7\u0131plak, Pelin Bayram, Hazal Kangal, Ba\u015fak Eyl\u00fcl \u015ean ve \u00d6zge Ayd\u0131n, &#8220;san\u0131k&#8221; olarak yer ald\u0131.<\/p>\n<p style=\"text-align: justify;\">San\u0131klara, &#8220;silahl\u0131 ter\u00f6r \u00f6rg\u00fct\u00fcne \u00fcye olmak, ter\u00f6r \u00f6rg\u00fct\u00fcn\u00fcn propagandas\u0131n\u0131 yapmak, g\u00f6revli memuru kasten yaralama, kamu mal\u0131na zarar verme, Toplant\u0131 ve G\u00f6steri Y\u00fcr\u00fcy\u00fc\u015fleri Kanununa muhalefet, kamu g\u00f6revlisine kar\u015f\u0131 g\u00f6revini yapt\u0131rmamak i\u00e7in direnme ve 6136 say\u0131l\u0131 yasaya muhalefet&#8221; etmek gibi bir dizi su\u00e7 y\u00f6neltilen iddianamede, b\u00fcy\u00fck \u00e7o\u011funlu\u011fu Ankara Emniyet M\u00fcd\u00fcrl\u00fc\u011f\u00fc \u00c7evik Kuvvet \u015eube M\u00fcd\u00fcrl\u00fc\u011f\u00fcnde g\u00f6rev yapan 65 polis de &#8220;m\u00fc\u015fteki&#8221; olarak g\u00f6sterildi.<\/p>\n<p style=\"text-align: justify;\"><strong>Ankara&#8217;daki Hopa protestosu\u00a0<\/strong><\/p>\n<p style=\"text-align: justify;\">\u0130ddianamede, 31 May\u0131s 2011&#8217;de Artvin&#8217;in Hopa il\u00e7esinde AK Parti se\u00e7im otob\u00fcs\u00fcne sol g\u00f6r\u00fc\u015fl\u00fc ki\u015filerin sald\u0131rmas\u0131 sonucunda bir polis memurunun a\u011f\u0131r yaraland\u0131\u011f\u0131, olaylara m\u00fcdahale s\u0131ras\u0131nda Metin Lokumcu&#8217;nun da kalp krizi neticesinde vefat etti\u011fi kaydedildi.<\/p>\n<p style=\"text-align: justify;\">Bu olay sonras\u0131nda, \u00e7e\u015fitli ter\u00f6r \u00f6rg\u00fctlerince, ayn\u0131 g\u00fcn Sakarya Caddesi&#8217;nde ba\u015flayacak ve AK Parti \u0130l Ba\u015fkanl\u0131\u011f\u0131 \u00f6n\u00fcne kadar devam edecek y\u00fcr\u00fcy\u00fc\u015f ve bas\u0131n a\u00e7\u0131klamas\u0131na kat\u0131l\u0131m \u00e7a\u011fr\u0131lar\u0131 yap\u0131ld\u0131\u011f\u0131 anlat\u0131lan iddianamede, ayn\u0131 ak\u015fam Hopa&#8217;daki olaylar\u0131 protesto ama\u00e7l\u0131 olarak, \u00e7e\u015fitli marjinal sol gruplar ile ter\u00f6r \u00f6rg\u00fctleri ad\u0131na faaliyette bulunan olu\u015fumlar\u0131n i\u00e7erisinde olan ki\u015filerin de kat\u0131ld\u0131\u011f\u0131, baz\u0131 sivil toplum kurulu\u015flar\u0131, sendikalar ve siyasi partilerin de destek verdi\u011fi y\u00fcr\u00fcy\u00fc\u015f ve bas\u0131n a\u00e7\u0131klamas\u0131 ger\u00e7ekle\u015ftirildi\u011fi belirtildi.<\/p>\n<p style=\"text-align: justify;\">Y\u00fcr\u00fcy\u00fc\u015f ve bas\u0131n a\u00e7\u0131klamas\u0131na, &#8220;MLKP ter\u00f6r \u00f6rg\u00fct\u00fcn\u00fcn a\u00e7\u0131k alan yap\u0131lanmas\u0131 olan Sosyalist Kad\u0131n Meclisleri (SKM) ve Ezilenlerin Sosyalist Partisi (ESP)&#8221;, &#8220;TKP\/ML ter\u00f6r \u00f6rg\u00fct\u00fcn\u00fcn a\u00e7\u0131k alan yap\u0131lanmas\u0131 olan Partizan&#8221;, &#8220;THKP\/C Direni\u015f Hareketi ter\u00f6r \u00f6rg\u00fct\u00fcn\u00fcn a\u00e7\u0131k alan yap\u0131lanmas\u0131 olan ODAK&#8221;, &#8220;Devrimci Sosyalist \u0130\u015f\u00e7i Hareketi (DS\u0130H) ter\u00f6r \u00f6rg\u00fct\u00fcn\u00fcn a\u00e7\u0131k alan yap\u0131lanmas\u0131 olan Kald\u0131ra\u00e7&#8221;, &#8220;\u00d6DP Gen\u00e7lik Muhalefeti&#8221;, &#8220;Halkevleri ve \u00d6\u011frenci Kolektifleri&#8221;, &#8220;T\u00fcrkiye Kom\u00fcnist Partisi (TKP)&#8221;, &#8220;Emek\u00e7i Hareket Partisi (EHP)&#8221;, &#8220;Sosyalist Demokrasi Partisi (SDP)&#8221;, &#8220;Sosyalist Parti (SP)&#8221; ve &#8220;Toplumsal \u00d6zg\u00fcrl\u00fck Platformu (T\u00d6P)&#8221; flamalar\u0131n\u0131 ta\u015f\u0131yan yakla\u015f\u0131k 800 ki\u015finin kat\u0131ld\u0131\u011f\u0131na yer verildi.<\/p>\n<p style=\"text-align: justify;\"><strong>&#8220;Katil AKP&#8221;\u00a0<\/strong><\/p>\n<p style=\"text-align: justify;\">Y\u00fcr\u00fcy\u00fc\u015fe ge\u00e7en grubun &#8220;Katil AKP&#8221; ibaresi yaz\u0131l\u0131 siyah \u00e7elenk ve ayr\u0131ca pankart a\u00e7arak, Dr. Mediha Eldem Sokak&#8217;taki AK Parti Ankara \u0130l Ba\u015fkanl\u0131\u011f\u0131 \u00f6n\u00fcne kadar kanunsuz olarak y\u00fcr\u00fcy\u00fc\u015fe ge\u00e7tikleri bildirilen iddianamede, sloganlar atan topluluktan baz\u0131 ki\u015filerin kald\u0131r\u0131m ta\u015flar\u0131n\u0131 k\u0131rarak, ta\u015f toplad\u0131\u011f\u0131 belirtildi.<\/p>\n<p style=\"text-align: justify;\">Grup i\u00e7inden baz\u0131 ki\u015filerin, y\u00fczlerini kapamak suretiyle, slogan att\u0131\u011f\u0131, herhangi bir bas\u0131n a\u00e7\u0131klamas\u0131 yapmadan, tedbir alan g\u00fcvenlik g\u00fc\u00e7lerine ve ara\u00e7lar\u0131na ta\u015f ve sopalarla sald\u0131rd\u0131\u011f\u0131na yer verilen iddianamede, t\u00fcm ikaz ve uyar\u0131lara ra\u011fmen, grubun g\u00fcvenlik g\u00fc\u00e7lerine ta\u015f ve sopalarla sald\u0131rmaya devam etmesi \u00fczerine, kolluk g\u00f6revlilerinin gaz kullanarak, olaya m\u00fcdahale etti\u011fi, ard\u0131ndan gruptan baz\u0131 ki\u015filerin \u00e7e\u015fitli yerlere do\u011fru ka\u00e7t\u0131\u011f\u0131 kaydedildi.<\/p>\n<p style=\"text-align: justify;\">Bir s\u00fcre sonra Ziya G\u00f6kalp Caddesi, K\u0131z\u0131lay kav\u015fa\u011f\u0131 ve YKM \u00f6n\u00fcnde toplanmaya ba\u015flayan \u015fah\u0131slardan, y\u00fczleri kapal\u0131, ta\u015f ve sopalar\u0131 bulunan yakla\u015f\u0131k 200 ki\u015finin, cadde ve kav\u015fa\u011f\u0131 trafi\u011fe kapatarak, buralardaki resmi polis ara\u00e7lar\u0131na ve \u00e7evredeki binalara zarar verdi\u011fi, baz\u0131 polis memurlar\u0131n\u0131 yaralad\u0131klar\u0131 bildirildi.<\/p>\n<p style=\"text-align: justify;\">Kolluk g\u00f6revlilerinin m\u00fcdahalesi sonucunda, grup i\u00e7indeki baz\u0131 ki\u015filerin \u00d6DP binas\u0131na girdi\u011fi, baz\u0131lar\u0131n\u0131n Kumrular Caddesi&#8217;ne do\u011fru ka\u00e7t\u0131\u011f\u0131, baz\u0131 eylemcilerin ise G\u00fcvenpark&#8217;ta toplanarak slogan att\u0131\u011f\u0131 ifade edilen iddianamede, &#8220;\u015f\u00fcphelilerin g\u00f6zalt\u0131na al\u0131nmalar\u0131 \u00fczerine, \u00e7e\u015fitli ter\u00f6r \u00f6rg\u00fctleri ad\u0131na yay\u0131n yapan internet sitelerinde&#8221; yer alan haberlerin \u00e7\u0131kt\u0131lar\u0131n\u0131n da soru\u015fturma dosyas\u0131na konuldu\u011fu belirtildi.<\/p>\n<p style=\"text-align: justify;\"><strong>Halkevleri ve \u00d6\u011frenci Kolektifleri\u00a0<\/strong><\/p>\n<p style=\"text-align: justify;\">\u0130ddianamede baz\u0131 san\u0131klar\u0131n \u00fcye ve y\u00f6netici olarak g\u00f6rev yapt\u0131\u011f\u0131 Halkevleri ile \u00d6\u011frenci Kolektiflerinin, \u00fclke g\u00fcndemine ili\u015fkin konular ile THKP\/C ter\u00f6r \u00f6rg\u00fct\u00fc kurucusu Mahir \u00c7ayan ba\u015fta olmak \u00fczere, sol ter\u00f6r \u00f6rg\u00fct\u00fc kurucular\u0131n\u0131n ve THKP\/C i\u00e7inde faaliyet g\u00f6sterirken \u00f6len \u00f6rg\u00fct mensuplar\u0131n\u0131n \u00f6l\u00fcm y\u0131l d\u00f6n\u00fcmlerinde bas\u0131n a\u00e7\u0131klamas\u0131, y\u00fcr\u00fcy\u00fc\u015f, a\u00e7\u0131k hava toplant\u0131s\u0131, mezar anmas\u0131 vb. eylem ve etkinlik ger\u00e7ekle\u015ftirdi\u011fi kaydedilerek, &#8220;Bahse konu olu\u015fumlar\u0131n, legal g\u00f6r\u00fcn\u00fcm alt\u0131nda ger\u00e7ekle\u015ftirmi\u015f olduklar\u0131 bas\u0131n a\u00e7\u0131klamas\u0131, y\u00fcr\u00fcy\u00fc\u015f, a\u00e7\u0131k hava toplant\u0131s\u0131 gibi eylem ve etkinliklerde \u015fiddete ba\u015fvurarak, kamu mal\u0131na zarar verdikleri, i\u015fgal eylemi yapt\u0131klar\u0131 ve g\u00fcvenlik g\u00fc\u00e7lerine sald\u0131rmak suretiyle kamuoyunda korku, endi\u015fe veya panik yaratarak, Devrimci Gen\u00e7lik ter\u00f6r \u00f6rg\u00fct\u00fcn\u00fcn amac\u0131, ideolojisi ve stratejisi do\u011frultusunda faaliyet g\u00f6sterdikleri anla\u015f\u0131lmaktad\u0131r&#8221; denildi.<\/p>\n<p style=\"text-align: justify;\">&#8220;THKP\/C Devrimci Yol Devrimci Gen\u00e7lik&#8221; \u00f6rg\u00fct\u00fcn\u00fcn ter\u00f6r \u00f6rg\u00fct\u00fc oldu\u011fu konusunda \u015f\u00fcphe bulunmad\u0131\u011f\u0131 ifade edilen iddianamede, san\u0131klar\u0131n, &#8220;ter\u00f6r \u00f6rg\u00fctlerinin ideolojileri do\u011frultusunda, ter\u00f6r\u00fcn tan\u0131m\u0131nda yer alan \u015fiddet eylemleri i\u00e7erisinde yer ald\u0131klar\u0131, eylemlerinin s\u00fcreklilik ve \u00e7e\u015fitlilik arz etti\u011fi&#8221; belirtildi.<\/p>\n<p style=\"text-align: justify;\">\u0130ddianamede, &#8220;san\u0131klar\u0131n, yasa d\u0131\u015f\u0131 THKP\/C Devrimci Yol Devrimci Gen\u00e7lik isimli silahl\u0131 ter\u00f6r \u00f6rg\u00fct\u00fcn\u00fcn bilgi ve istemi i\u00e7inde, \u00f6rg\u00fct ad\u0131na su\u00e7 i\u015fleyerek, \u00f6rg\u00fct \u00fcyesi olduklar\u0131 kanaatine var\u0131ld\u0131\u011f\u0131&#8221; bildirildi.<\/p>\n<p style=\"text-align: justify;\">San\u0131klar\u0131n yarg\u0131lanmas\u0131na gelecek g\u00fcnlerde ba\u015flanacak.<\/p>\n<p style=\"text-align: justify;\"><a href=\"http:\/\/www.cnnturk.com\/2011\/turkiye\/10\/12\/hopa.iddianamesine.kabul\/632928.0\/index.html\" target=\"_blank\">Kaynak : CNN T\u00dcRK<\/a><\/p>\n","protected":false},"excerpt":{"rendered":"<p style=\"text-align: center;\">\n<p style=\"text-align: justify;\">Hopa&#8217;da \u00e7\u0131kan olaylarla ilgili Ankara&#8217;da d\u00fczenlenen g\u00f6sterilere dair ba\u015flat\u0131lan soru\u015fturma kapsam\u0131nda, \u00f6zel yetkili Ankara Cumhuriyet Ba\u015fsavc\u0131vekilli\u011fi&#8217;nin 28 ki\u015fi hakk\u0131nda haz\u0131rlad\u0131\u011f\u0131 iddianame, Ankara 11. A\u011f\u0131r Ceza Mahkemesi taraf\u0131ndan kabul edildi.<\/p>\n","protected":false},"author":1,"featured_media":0,"comment_status":"open","ping_status":"open","sticky":false,"template":"","format":"standard","meta":{"footnotes":""},"categories":[105],"tags":[],"class_list":["post-41059","post","type-post","status-publish","format-standard","hentry","category-gundem","odd"],"_links":{"self":[{"href":"http:\/\/www.korhanyilmaz.com\/index.php?rest_route=\/wp\/v2\/posts\/41059","targetHints":{"allow":["GET"]}}],"collection":[{"href":"http:\/\/www.korhanyilmaz.com\/index.php?rest_route=\/wp\/v2\/posts"}],"about":[{"href":"http:\/\/www.korhanyilmaz.com\/index.php?rest_route=\/wp\/v2\/types\/post"}],"author":[{"embeddable":true,"href":"http:\/\/www.korhanyilmaz.com\/index.php?rest_route=\/wp\/v2\/users\/1"}],"replies":[{"embeddable":true,"href":"http:\/\/www.korhanyilmaz.com\/index.php?rest_route=%2Fwp%2Fv2%2Fcomments&post=41059"}],"version-history":[{"count":0,"href":"http:\/\/www.korhanyilmaz.com\/index.php?rest_route=\/wp\/v2\/posts\/41059\/revisions"}],"wp:attachment":[{"href":"http:\/\/www.korhanyilmaz.com\/index.php?rest_route=%2Fwp%2Fv2%2Fmedia&parent=41059"}],"wp:term":[{"taxonomy":"category","embeddable":true,"href":"http:\/\/www.korhanyilmaz.com\/index.php?rest_route=%2Fwp%2Fv2%2Fcategories&post=41059"},{"taxonomy":"post_tag","embeddable":true,"href":"http:\/\/www.korhanyilmaz.com\/index.php?rest_route=%2Fwp%2Fv2%2Ftags&post=41059"}],"curies":[{"name":"wp","href":"https:\/\/api.w.org\/{rel}","templated":true}]}}