{"id":41051,"date":"2011-10-12T20:57:40","date_gmt":"2011-10-12T17:57:40","guid":{"rendered":"http:\/\/www.korhanyilmaz.com\/?p=41051"},"modified":"2011-10-12T23:01:54","modified_gmt":"2011-10-12T20:01:54","slug":"serefsiz-terorist-gerginligi","status":"publish","type":"post","link":"http:\/\/www.korhanyilmaz.com\/?p=41051","title":{"rendered":"&#8216;\u015eerefsiz, ter\u00f6rist&#8217; gerginli\u011fi"},"content":{"rendered":"<p style=\"text-align: center;\"><a href=\"http:\/\/www.korhanyilmaz.com\/wp-content\/uploads\/2011\/10\/8051.jpg\"  class=\"lightview\"><img loading=\"lazy\" decoding=\"async\" class=\"aligncenter  wp-image-41052\" src=\"http:\/\/www.korhanyilmaz.com\/wp-content\/uploads\/2011\/10\/8051.jpg\" alt=\"\" width=\"321\" height=\"200\" \/><\/a><\/p>\n<p style=\"text-align: justify;\">Meclis Genel Kurulu&#8217;nda BDP Grup Ba\u015fkanvekili Hasip Kaplan&#8217;\u0131n konu\u015fmas\u0131, &#8220;ter\u00f6rist-\u015ferefsiz&#8221; tart\u0131\u015fmas\u0131na neden oldu. Kaplan, KCK&#8217;dan tutuklanan belediye ba\u015fkanlar\u0131yla ilgili, &#8220;E\u011fer onlar ter\u00f6ristse ben de ter\u00f6ristim&#8221; dedi. AKP s\u0131ralar\u0131ndan &#8220;Zaten ter\u00f6ristsin&#8221; kar\u015f\u0131l\u0131\u011f\u0131 geldi. Kaplan bunun \u00fczerine, &#8220;\u015eerefsizlik etmeyin&#8221; dedi. AKP&#8217;liler Kaplan&#8217;\u0131 \u00f6z\u00fcr dilemeye \u00e7a\u011f\u0131rd\u0131, Kaplan, &#8220;Her g\u00fcn &#8216;\u015ferefsiz&#8217; kelimesini en bolca sizin Ba\u015fbakan kullan\u0131yor. Hi\u00e7 kimse bana \u00f6z\u00fcr dilettiremez, hele hele AK Parti&#8221; dedi.\u00a0<!--more--><\/p>\n<p style=\"text-align: justify;\">Ankara- BDP Grup Ba\u015fkanvekili Hasip Kaplan Meclis Genel Kurulu&#8217;nda s\u00f6z ald\u0131. Kendisinden \u00f6nce konu\u015fan TBMM D\u0131\u015fi\u015fleri Komisyonu Ba\u015fkan\u0131 Volkan Bozk\u0131r&#8217;\u0131 ele\u015ftirerek konu\u015fmas\u0131na ba\u015flayan Kaplan, &#8220;Art\u0131k komisyon Ba\u015fkan\u0131 olmu\u015fsun, Ba\u015fbakan&#8217;a ya\u011fc\u0131l\u0131k yapmana gerek yok&#8221; dedi. Bu t\u00fcr konu\u015fmalara izin vermeyeceklerini s\u00f6yleyen Kaplan&#8217;a AKP&#8217;li milletvekilleri sata\u015fmada bulundu. Bir \u00f6nceki g\u00fcn Anayasa Komisyonu&#8217;nun getirdi\u011fi teklifin geri \u00e7ekilmesini hat\u0131rlatan Kaplan, &#8220;Siz bir teklifinizin arkas\u0131nda bir saat duram\u0131yorsunuz&#8221; diye kar\u015f\u0131l\u0131k verdi. Kaplan bir sata\u015fmaya da &#8220;Sus be sayg\u0131s\u0131zl\u0131k etme otur&#8221; yan\u0131t\u0131 verdi.<\/p>\n<p style=\"text-align: justify;\"><strong>&#8220;Karay\u0131lan y\u0131lan hikayesi oldu&#8221;\u00a0<\/strong><\/p>\n<p style=\"text-align: justify;\">Karay\u0131lan&#8217;\u0131n yakalanmas\u0131yla ilgili haberleri de\u011ferlendiren Kaplan, &#8220;Karay\u0131lan hikayesi, y\u0131lan hikayesine d\u00f6nd\u00fc. 3 tane bakan &#8216;Karay\u0131lan&#8217;\u0131 paketliyoruz, getiriyoruz&#8217; dedi. \u0130ran&#8217;da hangi yetkili ile temas kurdunuz? \u0130ran D\u0131\u015fi\u015fleri Bakan\u0131 ya da Genelkurmay Ba\u015fkan\u0131 ile mi yoksa 4. derecede bir bas\u0131n mensubu ile mi g\u00f6r\u00fc\u015ft\u00fcn\u00fcz? B\u00f6yle asparagas haberlerin \u00fczerine atlarsan\u0131z, sazan gibi olursunuz. Karay\u0131lan&#8217;\u0131n yakalanmas\u0131 haberleri sazanl\u0131k \u00f6rne\u011fidir&#8221; dedi.<\/p>\n<p style=\"text-align: justify;\"><strong>KCK tart\u0131\u015fmas\u0131 kavga \u00e7\u0131kard\u0131\u00a0<\/strong><\/p>\n<p style=\"text-align: justify;\">Kaplan konu\u015fmas\u0131na KCK uttuklamalar\u0131n\u0131 ele\u015ftirerek devam etti. Tutuklanan belediye ba\u015fkanlar\u0131, meclis \u00fcyelerinin isimlerini ve bulunduklar\u0131 yerlerdeki oy oranlar\u0131n\u0131 veren Kaplan, &#8220;Bunlar\u0131n hepsi sand\u0131ktan se\u00e7ilerek geldiler, milletin iradesini temsil ediyorlar. E\u011fer kay\u0131ts\u0131z \u015farts\u0131z egemenlik milletinse o sand\u0131\u011f\u0131n iradesine sayg\u0131 g\u00f6sterilecek. Ba\u015fbakan geldi, orada y\u00fcz g\u00f6rmedi, oy alamad\u0131, oylar\u0131 yar\u0131 yar\u0131ya indi diye bu kadar intikam, nefret, kin, sald\u0131rganl\u0131k, bask\u0131, zul\u00fcm nedir bu, ne?&#8221; dedi.<\/p>\n<p style=\"text-align: justify;\"><strong>&#8220;K\u00fcrt halk\u0131 iktidar\u0131n\u0131z\u0131 ala\u015fa\u011f\u0131 edebilir&#8221;\u00a0<\/strong><\/p>\n<p style=\"text-align: justify;\">Kaplan&#8217;\u0131n s\u00f6zlerine Ad\u0131yaman Milletvekili Ahmet Ayd\u0131n &#8220;Ne alakas\u0131 var!&#8221; diye tepki g\u00f6sterdi. Kaplan, &#8220;\u0130ster K\u00fcrt ister \u00c7erkez ister Laz ister Hem\u015finli Hem\u015fince konu\u015fsun, ama kendi k\u00fclt\u00fcr\u00fcn\u00fc ve kimli\u011fini ya\u015fatmak isteyen bir halka, ona bu taleplerinden dolay\u0131 ter\u00f6rist muamelesi yapmak, bu ter\u00f6rizm bahanesiyle muhalefeti bast\u0131rmaya kalkmak ve hele hele y\u00fczde 10 oy alamad\u0131\u011f\u0131 bir \u015e\u0131rnak&#8217;ta bir Botan halk\u0131n\u0131 susturaca\u011f\u0131n\u0131 sanmak gafletin ve dalaletin en b\u00fcy\u00fc\u011f\u00fcd\u00fcr&#8221; diye devam etti. &#8220;Orta Do\u011fu&#8217;da kazan\u0131mlar\u0131n\u0131z sizi bir g\u00fcnde yok edebilir, bir g\u00fcnde dibe d\u00fc\u015f\u00fcrebilir. En b\u00fcy\u00fck hatan\u0131z K\u00fcrt halk\u0131n\u0131 kar\u015f\u0131 hedefe al\u0131p d\u00fc\u015fman bellemenizdir. K\u00fcrt halk\u0131 kazan\u0131mlar\u0131n\u0131z\u0131 bir g\u00fcnde yere indirebilir ve sizin iktidar\u0131n\u0131z\u0131 al a\u015fa\u011f\u0131 edebilir&#8221; diyen Kaplan&#8217;a bu kez AKP Grup Ba\u015fkanvekili Mahir \u00dcnal, &#8220;Onlar bizim vatanda\u015f\u0131m\u0131z, ayr\u0131mc\u0131l\u0131k yapma!&#8221; diye seslendi.<\/p>\n<p style=\"text-align: justify;\">&#8220;Kendinizi, akl\u0131n\u0131z\u0131 ba\u015f\u0131n\u0131za toplay\u0131n. \u015e\u0131rnakl\u0131lar ad\u0131na, onlar\u0131n oylar\u0131 ad\u0131na, milletin ad\u0131na, b\u00fct\u00fcn T\u00fcrkiye ad\u0131na s\u00f6yl\u00fcyorum, kendinize gelin. Bu t\u00fcr siyasetle muharebe anlay\u0131\u015f\u0131n\u0131z\u0131 terk edin&#8221; s\u00f6zlerinden sonra Kaplan&#8217;\u0131n mikrofonu otomatik cihaz taarf\u0131ndan kapat\u0131ld\u0131. &#8220;Siyasetle muharebe olunmaz. Bu Meclise biz muharebe i\u00e7in gelmedik&#8221; diyen Kaplan&#8217;a \u00dcnal &#8220;Onlar bizim vatanda\u015flar\u0131m\u0131z&#8221; diye kar\u015f\u0131l\u0131k verdi.<\/p>\n<p style=\"text-align: justify;\"><strong>AKP s\u0131ralar\u0131ndan zaten ter\u00f6ristsin s\u00f6zleri\u00a0<\/strong><\/p>\n<p style=\"text-align: justify;\">Bu arada TBMM Grup Ba\u015fkanvekili Sa\u011flam, Kaplan&#8217;\u0131 uyard\u0131, ancak Kaplan, &#8220;Akl\u0131n\u0131z\u0131 ba\u015f\u0131n\u0131za toplay\u0131n. E\u011fer onlar ter\u00f6ristse ben de ter\u00f6ristim&#8221; diye konu\u015fmaya devam etti. Kaplan&#8217;\u0131n s\u00f6zleri \u00fczerine AKP s\u0131ralar\u0131ndan &#8220;Zaten ter\u00f6ristsin&#8221; sesleri geldi.<\/p>\n<p style=\"text-align: justify;\"><strong>Kaplan: \u015eerefsizlik etmeyin\u00a0<\/strong><\/p>\n<p style=\"text-align: justify;\">Bu s\u00f6zler \u00fczerine Kaplan da, &#8220;\u015eerefsizlik etmeyin! Do\u011fru d\u00fcr\u00fcst konu\u015fun, herkes do\u011fru d\u00fcr\u00fcst konu\u015fsun! \u00d6yle ikide bir sata\u015farak, k\u00fcfrederek burada olmaz&#8221; kar\u015f\u0131l\u0131\u011f\u0131 verdi. Kaplan kendisini uyaran Meclis Ba\u015fkanvekili&#8217;ne seslenerek, &#8220;Zaten ter\u00f6ristsin&#8221; diyenlere &#8220;suskunlu\u011funu boz&#8221; diye \u00e7\u0131k\u0131\u015ft\u0131.<\/p>\n<p style=\"text-align: justify;\">Tart\u0131\u015fma Kaplan k\u00fcrs\u00fcden indikten sonra da devam etti. AKP \u0130stanbul Milletvekili Metin K\u00fcl\u00fcnk &#8220;Say\u0131n Ba\u015fkan, &#8220;\u015eerefsizlik etme&#8221; tabirini geri alacak&#8221; diye seslendi. Kaplan ise, &#8220;Konu\u015fma, git otur yerine! Her g\u00fcn &#8220;\u015ferefsiz&#8221; kelimesini en bolca sizin Ba\u015fbakan kullan\u0131yor&#8221; kar\u015f\u0131l\u0131\u011f\u0131n\u0131 verdi.<\/p>\n<p style=\"text-align: justify;\">Kaplan&#8217;\u0131n bu yan\u0131t\u0131 \u00fczerine tepkiler artt\u0131. Kaplan \u00f6z\u00fcr dile \u00e7a\u011fr\u0131lar\u0131na, &#8220;Hi\u00e7 kimse bana \u00f6z\u00fcr dilettiremez, hele hele AK Parti&#8221; yan\u0131t\u0131n\u0131 verdi. Kaplan k\u00fcrs\u00fcden indikten sonra AKP&#8217;li baz\u0131 milletvekilleri BDP Grubuna do\u011fru giderek Kaplan&#8217;a tepkisini s\u00fcrd\u00fcrd\u00fc.<\/p>\n<p style=\"text-align: justify;\"><a href=\"http:\/\/www.cumhuriyet.com.tr\/?im=galeri&amp;kid=1037&amp;sn=4#sd\" target=\"_blank\">Kaynak : Cumhuriyet Haber Portal\u0131<\/a><\/p>\n","protected":false},"excerpt":{"rendered":"<p style=\"text-align: center;\">\n<p style=\"text-align: justify;\">Meclis Genel Kurulu&#8217;nda BDP Grup Ba\u015fkanvekili Hasip Kaplan&#8217;\u0131n konu\u015fmas\u0131, &#8220;ter\u00f6rist-\u015ferefsiz&#8221; tart\u0131\u015fmas\u0131na neden oldu. Kaplan, KCK&#8217;dan tutuklanan belediye ba\u015fkanlar\u0131yla ilgili, &#8220;E\u011fer onlar ter\u00f6ristse ben de ter\u00f6ristim&#8221; dedi. AKP s\u0131ralar\u0131ndan &#8220;Zaten ter\u00f6ristsin&#8221; kar\u015f\u0131l\u0131\u011f\u0131 geldi. Kaplan bunun \u00fczerine, &#8220;\u015eerefsizlik etmeyin&#8221; dedi. AKP&#8217;liler Kaplan&#8217;\u0131 \u00f6z\u00fcr dilemeye \u00e7a\u011f\u0131rd\u0131, Kaplan, &#8220;Her g\u00fcn &#8216;\u015ferefsiz&#8217; kelimesini en bolca <\/p>\n","protected":false},"author":1,"featured_media":0,"comment_status":"open","ping_status":"open","sticky":false,"template":"","format":"standard","meta":{"footnotes":""},"categories":[105],"tags":[],"class_list":["post-41051","post","type-post","status-publish","format-standard","hentry","category-gundem","odd"],"_links":{"self":[{"href":"http:\/\/www.korhanyilmaz.com\/index.php?rest_route=\/wp\/v2\/posts\/41051","targetHints":{"allow":["GET"]}}],"collection":[{"href":"http:\/\/www.korhanyilmaz.com\/index.php?rest_route=\/wp\/v2\/posts"}],"about":[{"href":"http:\/\/www.korhanyilmaz.com\/index.php?rest_route=\/wp\/v2\/types\/post"}],"author":[{"embeddable":true,"href":"http:\/\/www.korhanyilmaz.com\/index.php?rest_route=\/wp\/v2\/users\/1"}],"replies":[{"embeddable":true,"href":"http:\/\/www.korhanyilmaz.com\/index.php?rest_route=%2Fwp%2Fv2%2Fcomments&post=41051"}],"version-history":[{"count":0,"href":"http:\/\/www.korhanyilmaz.com\/index.php?rest_route=\/wp\/v2\/posts\/41051\/revisions"}],"wp:attachment":[{"href":"http:\/\/www.korhanyilmaz.com\/index.php?rest_route=%2Fwp%2Fv2%2Fmedia&parent=41051"}],"wp:term":[{"taxonomy":"category","embeddable":true,"href":"http:\/\/www.korhanyilmaz.com\/index.php?rest_route=%2Fwp%2Fv2%2Fcategories&post=41051"},{"taxonomy":"post_tag","embeddable":true,"href":"http:\/\/www.korhanyilmaz.com\/index.php?rest_route=%2Fwp%2Fv2%2Ftags&post=41051"}],"curies":[{"name":"wp","href":"https:\/\/api.w.org\/{rel}","templated":true}]}}