{"id":41039,"date":"2011-10-12T19:35:47","date_gmt":"2011-10-12T16:35:47","guid":{"rendered":"http:\/\/www.korhanyilmaz.com\/?p=41039"},"modified":"2011-10-12T20:44:38","modified_gmt":"2011-10-12T17:44:38","slug":"erdoganin-konusmasi-sirasinda-37-ogrenci-gozaltina-alindi","status":"publish","type":"post","link":"http:\/\/www.korhanyilmaz.com\/?p=41039","title":{"rendered":"Erdo\u011fan&#8217;\u0131n konu\u015fmas\u0131 s\u0131ras\u0131nda 37 \u00f6\u011frenci g\u00f6zalt\u0131na al\u0131nd\u0131"},"content":{"rendered":"<p style=\"text-align: center;\"><a href=\"http:\/\/www.korhanyilmaz.com\/wp-content\/uploads\/2011\/10\/8046.jpg\"  class=\"lightview\"><img loading=\"lazy\" decoding=\"async\" class=\"aligncenter  wp-image-41040\" src=\"http:\/\/www.korhanyilmaz.com\/wp-content\/uploads\/2011\/10\/8046.jpg\" alt=\"\" width=\"356\" height=\"240\" \/><\/a><\/p>\n<p style=\"text-align: justify;\">\u0130stanbul \u00dcniversitesinin akademik a\u00e7\u0131l\u0131\u015f y\u0131l\u0131 t\u00f6renine kat\u0131lan Erdo\u011fan, &#8221;&#8230;Millet iradesinin \u00f6n\u00fcn\u00fc kesen b\u00fct\u00fcn bask\u0131c\u0131 giri\u015fimler, g\u00f6lgeli alanlar \u00fclkemizin g\u00fcndeminden kalkt\u0131, kalk\u0131yor&#8221; dedi. Ancak Ba\u015fbakan&#8217;\u0131n konu\u015fma yapt\u0131\u011f\u0131 s\u0131rada \u00f6\u011frenciler s\u0131n\u0131flara sokulmad\u0131. Roman \u00c7al\u0131\u015ftay\u0131&#8217;nda &#8221;paras\u0131z e\u011fitim&#8221; pankart\u0131 a\u00e7t\u0131klar\u0131 i\u00e7in &#8220;ter\u00f6r \u00f6rg\u00fct\u00fc&#8221; su\u00e7lamas\u0131yla 19 ay cezaevinde kalan Ferhat T\u00fczel ve Berna Y\u0131lmaz da \u00fcniversite \u00e7evresindeki &#8216;paras\u0131z e\u011fitim&#8217; protestosuna kat\u0131larak \u201cParas\u0131z e\u011fitim istiyoruz\u201d slogan\u0131 att\u0131. Bas\u0131n a\u00e7\u0131klamas\u0131ndan sonra eylemine son verip okullar\u0131na girmek isteyen \u00f6\u011frenciler polisin sert m\u00fcdahalesi ile kar\u015f\u0131la\u015ft\u0131. \u00dcniversite \u00e7evresinde ya\u015fanan olaylar sonras\u0131nda 37 \u00f6\u011frenci g\u00f6zalt\u0131na al\u0131nd\u0131.\u00a0<!--more--><\/p>\n<p style=\"text-align: justify;\"><strong><a href=\"http:\/\/www.korhanyilmaz.com\/wp-content\/uploads\/2011\/10\/8047.jpg\"  class=\"lightview\"><img loading=\"lazy\" decoding=\"async\" class=\"alignleft  wp-image-41041\" style=\"margin-left: 10px; margin-right: 10px;\" src=\"http:\/\/www.korhanyilmaz.com\/wp-content\/uploads\/2011\/10\/8047.jpg\" alt=\"\" width=\"282\" height=\"169\" \/><\/a>Erdo\u011fan: Bask\u0131c\u0131 giri\u015fimler ortadan kalkt\u0131\u00a0<\/strong><\/p>\n<p style=\"text-align: justify;\">Erdo\u011fan, &#8221;Demokrasimiz art\u0131k tart\u0131\u015f\u0131lmaz olmaktan \u00e7\u0131kt\u0131, millet iradesinin \u00f6n\u00fcn\u00fc kesen b\u00fct\u00fcn bask\u0131c\u0131 giri\u015fimler, g\u00f6lgeli alanlar \u00fclkemizin g\u00fcndeminden kalkt\u0131, kalk\u0131yor&#8221; dedi.<\/p>\n<p style=\"text-align: justify;\">Ba\u015fbakan Erdo\u011fan, konu\u015fmas\u0131nda yeni d\u00fcnya d\u00fczeninden, haks\u0131z ve adaletsiz gidi\u015fata yeter demenin gereklili\u011finden de bahsetti.<\/p>\n<p style=\"text-align: justify;\">\u0130\u015fte o s\u00f6zler:<\/p>\n<p style=\"text-align: justify;\">&#8221;Yeni d\u00fcnya, insanl\u0131\u011f\u0131n bu haks\u0131z ve adaletsiz gidi\u015fata &#8216;art\u0131k yeter&#8217; diyece\u011fi, b\u00fct\u00fcn hesaplar\u0131n zorunlu olarak yeni ba\u015ftan yap\u0131laca\u011f\u0131 bir d\u00fcnya olacak&#8221;<\/p>\n<p style=\"text-align: justify;\">&#8221;T\u00fcrkiye, d\u00fcnyan\u0131n insan odakl\u0131, bar\u0131\u015f ve adalet \u00f6ncelikli bu yeni \u00e7a\u011f\u0131na bir \u00f6nc\u00fc \u00fclke olarak en \u00f6n saflarda girmelidir&#8221;<\/p>\n<p style=\"text-align: justify;\">&#8221;\u015eu Somali feryad\u0131na kulak veren milletimi kutluyorum. 300 milyon dolar \u015fu anda nakit olarak sivil toplum kurulu\u015flar\u0131 ve Ba\u015fbakanl\u0131\u011f\u0131n hesaplar\u0131nda milletimin yat\u0131rd\u0131\u011f\u0131 para var&#8221;<\/p>\n<p style=\"text-align: justify;\">&#8221;D\u00fcnyada \u015fu anda 193 BM \u00fcyesi var, bunun 5 tanesini bir tarafa koydu\u011funuz zaman 188 \u00fcye, 5 \u00fcyenin a\u011fz\u0131na bak\u0131yor. B\u00fct\u00fcn kaderler onlar\u0131n elinde. BM, b\u00f6yle adalet da\u011f\u0131tabilir mi?&#8221;<\/p>\n<p style=\"text-align: justify;\">&#8221;G\u00fcney Afrika&#8217;da, Somali&#8217;de orada hali g\u00f6r\u00fcyoruz. Sefalet&#8230; \u0130nan\u0131n pantolonlar\u0131n\u0131n duble pa\u00e7as\u0131 i\u00e7indeki k\u0131r\u0131nt\u0131lar\u0131 versen aya\u011fa kalkar Afrika&#8230;&#8221;<\/p>\n<p style=\"text-align: justify;\">&#8221;Ama onlar\u0131n oralar\u0131 g\u00f6rd\u00fc\u011f\u00fc filan yok. G\u00f6r\u00fcn oralar\u0131 ne var, nedir, bu sefalet neyin nesi? Sonra tabii ki kendileri obezite oluyor, ne olacak ba\u015fka? Ba\u015fka bir \u015fey olmaz&#8221;<\/p>\n<p style=\"text-align: justify;\">&#8221;O insanlara art\u0131k elimizin ula\u015fmas\u0131 laz\u0131m.&#8221;<\/p>\n<p style=\"text-align: justify;\"><strong>Polis \u00f6\u011frencileri tartaklad\u0131\u00a0<\/strong><\/p>\n<p style=\"text-align: justify;\">Ba\u015fbakan Recep Tayyip Erdo\u011fan\u2019\u0131n da kat\u0131ld\u0131\u011f\u0131 \u0130stanbul \u00dcniversitesi Akademik Y\u0131l A\u00e7\u0131l\u0131\u015f t\u00f6reninin yap\u0131ld\u0131\u011f\u0131 Fen Fak\u00fcltesi\u2019ndeki Cemil Birsel Konferans Salonu\u2019na girmek isteyen bir grup \u00f6\u011frenci ile polis aras\u0131nda arbede ya\u015fand\u0131. Polis, eylemci grubu karga tulumda g\u00f6zalt\u0131na ald\u0131.<\/p>\n<p style=\"text-align: justify;\">T\u00f6ren \u00f6ncesi Fen Fak\u00fcltesi \u00f6n\u00fcnde \u00e7evresinde geni\u015f g\u00fcvenlik \u00f6nlemleri al\u0131nd\u0131. Saat 11.00\u2019de ba\u015flayacak t\u00f6ren \u00f6ncesi i\u00e7eri girmek i\u00e7in u\u011fra\u015fan \u0130stanbul \u00dcniversitesi \u00d6\u011frenci Konseyi Genel Sekreteri ve Lojistik B\u00f6l\u00fcm\u00fc 3. S\u0131n\u0131f \u00f6\u011frencisi Adnan Tetik g\u00f6zalt\u0131na al\u0131nd\u0131. \u0130\u00e7eri girmek isterken Fen Fak\u00fcltesi \u00f6n\u00fcnde bekleyen sivil polisle tart\u0131\u015fan Adnan Tetik, g\u00f6zalt\u0131na al\u0131nd\u0131. G\u00f6zalt\u0131na al\u0131nan Tetik, &#8220;\u0130\u015fte g\u00f6r\u00fcn \u00fcniversite \u00f6\u011frecilerini b\u00f6yle i\u00e7eri alm\u0131yorlar&#8221; diye ba\u011f\u0131rd\u0131. Tetik\u2019i apar topar g\u00f6zalt\u0131na al\u0131narak sivil polis arac\u0131na bindirildi. Tetik daha sonra sivil polis arac\u0131yla Fen Fak\u00fcltesi \u00f6n\u00fcnden uzakla\u015ft\u0131r\u0131ld\u0131.<\/p>\n<p style=\"text-align: center;\"><a href=\"http:\/\/www.korhanyilmaz.com\/wp-content\/uploads\/2011\/10\/8048.jpg\"  class=\"lightview\"><img loading=\"lazy\" decoding=\"async\" class=\"aligncenter  wp-image-41042\" src=\"http:\/\/www.korhanyilmaz.com\/wp-content\/uploads\/2011\/10\/8048.jpg\" alt=\"\" width=\"380\" height=\"204\" \/><\/a><\/p>\n<p style=\"text-align: justify;\"><strong>Berna ile Ferhat&#8217;da oradayd\u0131\u00a0<\/strong><\/p>\n<p style=\"text-align: justify;\">Ba\u015fbakan Erdo\u011fan, salonda bulundu\u011fu s\u0131rada Fen Fak\u00fcltesi yak\u0131n\u0131nda toplanan Gen\u00e7lik Federasyonu \u00fcyesi yakla\u015f\u0131k 10 ki\u015fi pankart a\u00e7arak paras\u0131z e\u011fitim ve f\u00fcze kalkan\u0131 protestosu yapt\u0131. Grup i\u00e7erisinde Roman \u00c7al\u0131\u015ftay\u0131\u2019nda paras\u0131z e\u011fitim pankart\u0131 a\u00e7arak g\u00f6zalt\u0131na al\u0131nan ve daha sonra tutuklanan Ferhat T\u00fczel ile Berna Y\u0131lmaz da vard\u0131. Bas\u0131n a\u00e7\u0131klamas\u0131 yapan grup, &#8220;Bbiz \u00f6\u011frencilere ve hocalar\u0131m\u0131za yer yok bizler \u0130stanbul \u00dcniversitesi \u00f6\u011frencileri olmam\u0131za ra\u011fmen, kendi okulumuzdan i\u00e7eri giremiyoruz. Ba\u015fbakan ger\u00e7ekleri y\u00fcz\u00fcne hayk\u0131rmam\u0131zdan korkuyor. Paras\u0131z e\u011fitim istiyoruz. Alaca\u011f\u0131z diyen Ferhat ve Berna\u2019dan korkuyor. Biz bug\u00fcn Ferhat ve Berna ile yine Tayyip\u2019in kar\u015f\u0131s\u0131nday\u0131z &#8221; dedi.<\/p>\n<p style=\"text-align: center;\"><a href=\"http:\/\/www.korhanyilmaz.com\/wp-content\/uploads\/2011\/10\/8049.jpg\"  class=\"lightview\"><img loading=\"lazy\" decoding=\"async\" class=\"aligncenter  wp-image-41043\" src=\"http:\/\/www.korhanyilmaz.com\/wp-content\/uploads\/2011\/10\/8049.jpg\" alt=\"\" width=\"335\" height=\"233\" \/><\/a><\/p>\n<p style=\"text-align: justify;\"><strong>&#8216;Bu \u00fclkede paras\u0131z e\u011fitim ko\u015fullar\u0131 vard\u0131r&#8217;\u00a0<\/strong><\/p>\n<p style=\"text-align: justify;\">Bas\u0131n a\u00e7\u0131klamas\u0131n\u0131n ard\u0131ndan Gen\u00e7lik Federasyonu \u00dcyesi Berna Y\u0131lmaz da bir konu\u015fma yapt\u0131. Y\u0131lmaz, &#8221; Okula giri\u015fimiz yasakland\u0131. G\u00f6r\u00fclm\u00fc\u015ft\u00fcr ki Tayyip Erdo\u011fan, gen\u00e7likten \u00e7ok korkuyor.Bu korkular\u0131n\u0131n bir tezah\u00fcr\u00fc olarak da, 20 ay tutuklu kald\u0131 hapishanede. Ancak hi\u00e7bir\u015fey de\u011fi\u015fmedi. \u00c7\u0131kt\u0131\u011f\u0131m\u0131zda bas\u0131n toplant\u0131s\u0131nda \u015funu sormu\u015ftunuz: \u2019 Yine olsayd\u0131n\u0131z yine yapar m\u0131yd\u0131n\u0131z ? \u2019 Evet yapard\u0131k. \u00c7\u00fcnk\u00fc hakl\u0131 olan biziz. Bu \u00fclkede paras\u0131z e\u011fitimin ko\u015fullar\u0131 vard\u0131r. F\u00fcze kalkan\u0131 i\u00e7in para bulunabiliyorsa, e\u011fitim de paral\u0131 de\u011fil de, paras\u0131z bir \u015fekilde verilebilir &#8221; dedi.<\/p>\n<p style=\"text-align: justify;\">Gen\u00e7lik Federasyonu \u00dcyesi Ferhat T\u00fczel de &#8220;Bizler paras\u0131z e\u011fitim istedik. Bundan kaynakl\u0131 olarak 19 ay tutuklu kald\u0131k. E\u011fitim hakk\u0131m\u0131z resmen gasp edildi bu tutuklamayla. \u00c7\u0131kt\u0131\u011f\u0131m\u0131zda bu i\u015fin pe\u015fini b\u0131rakmayaca\u011f\u0131m\u0131z\u0131 s\u00f6ylemi\u015ftik. \u00c7\u00fcnk\u00fc bu kadar hakl\u0131 ve me\u015fru talebi dile getirmenin hakl\u0131l\u0131\u011f\u0131 zaten vard\u0131r.Bizler de bunu hissediyoruz. Bu hakl\u0131 bir taleptir&#8221; diye konu\u015ftu.<\/p>\n<p style=\"text-align: justify;\">Grup, a\u00e7\u0131klaman\u0131n ard\u0131ndan \u00c7evik Kuvvet ekiplerini ge\u00e7erek okullar\u0131na gitmek istedi. Bu s\u0131rada Ferhat T\u00fczel ile Berna Y\u0131lmaz gruptan ayr\u0131ld\u0131.<\/p>\n<p style=\"text-align: justify;\"><strong>37 \u00f6\u011frenci g\u00f6zalt\u0131na al\u0131nd\u0131\u00a0<\/strong><\/p>\n<p style=\"text-align: justify;\">Ancak \u00e7evik kuvvet polisleri buna izin vermeyince polislerle \u00f6\u011frenciler aras\u0131nda arbede ya\u015fand\u0131. \u2019Paras\u0131z e\u011fitim istiyoruz \u2019 slogan\u0131 atan \u00f6\u011frenciler, karga tulumba g\u00f6zalt\u0131na al\u0131nd\u0131. \u00d6\u011frenciler g\u00f6zalt\u0131n\u0131n ard\u0131ndan polis minib\u00fcs\u00fcne bindirilerek olay yerinden g\u00f6t\u00fcr\u00fcld\u00fc.<\/p>\n<p style=\"text-align: justify;\">Bu arada bug\u00fcnk\u00fc a\u00e7\u0131l\u0131\u015f s\u0131ras\u0131nda protesto g\u00f6sterisi yapan toplam 37 ki\u015finin g\u00f6zalt\u0131na al\u0131nd\u0131\u011f\u0131 \u00f6\u011frenildi.<\/p>\n<p style=\"text-align: justify;\"><a href=\"http:\/\/www.t24.com.tr\/okul-disinda-eylem-yapan-37-ogrenci-gozaltina-alindi\/haber\/174537.aspx\" target=\"_blank\">Kaynak : T24<\/a><\/p>\n","protected":false},"excerpt":{"rendered":"<p style=\"text-align: center;\">\n<p style=\"text-align: justify;\">\u0130stanbul \u00dcniversitesinin akademik a\u00e7\u0131l\u0131\u015f y\u0131l\u0131 t\u00f6renine kat\u0131lan Erdo\u011fan, &#8221;&#8230;Millet iradesinin \u00f6n\u00fcn\u00fc kesen b\u00fct\u00fcn bask\u0131c\u0131 giri\u015fimler, g\u00f6lgeli alanlar \u00fclkemizin g\u00fcndeminden kalkt\u0131, kalk\u0131yor&#8221; dedi. Ancak Ba\u015fbakan&#8217;\u0131n konu\u015fma yapt\u0131\u011f\u0131 s\u0131rada \u00f6\u011frenciler s\u0131n\u0131flara sokulmad\u0131. Roman \u00c7al\u0131\u015ftay\u0131&#8217;nda &#8221;paras\u0131z e\u011fitim&#8221; pankart\u0131 a\u00e7t\u0131klar\u0131 i\u00e7in &#8220;ter\u00f6r \u00f6rg\u00fct\u00fc&#8221; su\u00e7lamas\u0131yla 19 ay cezaevinde kalan Ferhat T\u00fczel ve Berna Y\u0131lmaz da <\/p>\n","protected":false},"author":1,"featured_media":0,"comment_status":"open","ping_status":"open","sticky":false,"template":"","format":"standard","meta":{"footnotes":""},"categories":[105],"tags":[],"class_list":["post-41039","post","type-post","status-publish","format-standard","hentry","category-gundem","odd"],"_links":{"self":[{"href":"http:\/\/www.korhanyilmaz.com\/index.php?rest_route=\/wp\/v2\/posts\/41039","targetHints":{"allow":["GET"]}}],"collection":[{"href":"http:\/\/www.korhanyilmaz.com\/index.php?rest_route=\/wp\/v2\/posts"}],"about":[{"href":"http:\/\/www.korhanyilmaz.com\/index.php?rest_route=\/wp\/v2\/types\/post"}],"author":[{"embeddable":true,"href":"http:\/\/www.korhanyilmaz.com\/index.php?rest_route=\/wp\/v2\/users\/1"}],"replies":[{"embeddable":true,"href":"http:\/\/www.korhanyilmaz.com\/index.php?rest_route=%2Fwp%2Fv2%2Fcomments&post=41039"}],"version-history":[{"count":0,"href":"http:\/\/www.korhanyilmaz.com\/index.php?rest_route=\/wp\/v2\/posts\/41039\/revisions"}],"wp:attachment":[{"href":"http:\/\/www.korhanyilmaz.com\/index.php?rest_route=%2Fwp%2Fv2%2Fmedia&parent=41039"}],"wp:term":[{"taxonomy":"category","embeddable":true,"href":"http:\/\/www.korhanyilmaz.com\/index.php?rest_route=%2Fwp%2Fv2%2Fcategories&post=41039"},{"taxonomy":"post_tag","embeddable":true,"href":"http:\/\/www.korhanyilmaz.com\/index.php?rest_route=%2Fwp%2Fv2%2Ftags&post=41039"}],"curies":[{"name":"wp","href":"https:\/\/api.w.org\/{rel}","templated":true}]}}