{"id":41035,"date":"2011-10-12T18:02:51","date_gmt":"2011-10-12T15:02:51","guid":{"rendered":"http:\/\/www.korhanyilmaz.com\/?p=41035"},"modified":"2011-10-12T20:18:53","modified_gmt":"2011-10-12T17:18:53","slug":"turbana-karsi-olan-30-hoca-kaldi","status":"publish","type":"post","link":"http:\/\/www.korhanyilmaz.com\/?p=41035","title":{"rendered":"&#8216;T\u00fcrbana kar\u015f\u0131 olan 30 hoca kald\u0131&#8217;"},"content":{"rendered":"<p style=\"text-align: center;\"><a href=\"http:\/\/www.korhanyilmaz.com\/wp-content\/uploads\/2011\/10\/8045.jpg\"  class=\"lightview\"><img loading=\"lazy\" decoding=\"async\" class=\"aligncenter  wp-image-41036\" src=\"http:\/\/www.korhanyilmaz.com\/wp-content\/uploads\/2011\/10\/8045.jpg\" alt=\"\" width=\"390\" height=\"199\" \/><\/a><\/p>\n<p style=\"text-align: justify;\">Y\u00d6K Ba\u015fkan\u0131 Prof. Dr. Yusuf Ziya \u00d6zcan, Meclise, katsay\u0131n\u0131n hi\u00e7 olmamas\u0131n\u0131 sa\u011flayacak bir tasar\u0131 sunduklar\u0131n\u0131 belirterek, \u201cKatsay\u0131y\u0131 tamamen kald\u0131rmay\u0131 ve \u00f6\u011frenciler aras\u0131nda tam bir e\u015fitlik sa\u011flamay\u0131 ama\u00e7l\u0131yoruz\u201d dedi. \u00dcniversitelerde t\u00fcrban ve k\u0131l\u0131k k\u0131yafet serbestisine de de\u011finen \u00d6zcan, &#8221;\u015eimdi \u00fcniversitelerimizin neredeyse tamam\u0131nda mesele halledilmi\u015ftir. 30-35 civar\u0131nda hocam\u0131z\u0131n hala buna kar\u015f\u0131 duru\u015fu var, onlar\u0131 yak\u0131ndan takip ediyoruz. Yak\u0131nda bu meselede hallolmu\u015f olacak&#8221; diye konu\u015ftu.\u00a0<!--more--><\/p>\n<p style=\"text-align: justify;\">\u00d6zcan, \u0130stanbul Sabahattin Zaim \u00dcniversitesi akademik y\u0131l\u0131 ile Uluslararas\u0131 Mehmet Akif Milli Birlik ve B\u00fct\u00fcnl\u00fck Sempozyumunun a\u00e7\u0131l\u0131\u015f t\u00f6reninde yapt\u0131\u011f\u0131 konu\u015fmada, yeni akademik y\u0131l\u0131n bu \u00fcniversite ve T\u00fcrkiye&#8217;deki di\u011fer \u00fcniversiteler i\u00e7in hay\u0131rl\u0131 olmas\u0131n\u0131 diledi.<\/p>\n<p style=\"text-align: justify;\">G\u00f6revleri s\u00fcresince yapt\u0131klar\u0131 \u00e7al\u0131\u015fmalara i\u015faret eden \u00d6zcan, \u201c\u0130craata ba\u015flad\u0131\u011f\u0131m\u0131z ilk zamanlarda y\u00fcksek\u00f6\u011fretimin en acil problemi kontenjanlar ve \u00fcniversite say\u0131lar\u0131yd\u0131. Kontenjanlar\u0131m\u0131z, liseden mezun olan \u00f6\u011frencilerimizin \u00fcniversiteye girmesine maalesef el vermiyordu. \u0130lk olarak kontenjanlar\u0131 art\u0131rd\u0131k. D\u00f6rt ki\u015fiden biri girerken \u00fcniversiteye d\u00f6rt y\u0131l \u00f6nce, iki \u00f6\u011frenciden birinin girmesine zemin haz\u0131rlad\u0131k\u201d diye konu\u015ftu.<\/p>\n<p style=\"text-align: justify;\"><strong>\u00dcN\u0130VERS\u0130TE SAYISI 70&#8217;DEN 165&#8217;E \u00c7IKTI\u00a0<\/strong><\/p>\n<p style=\"text-align: justify;\">\u00d6zcan, Ba\u015fbakan Recep Tayyip Erdo\u011fan ve h\u00fck\u00fcmetin katk\u0131lar\u0131yla \u00fcniversite say\u0131lar\u0131n\u0131n art\u0131r\u0131ld\u0131\u011f\u0131n\u0131 vurgulayarak, d\u00f6rt y\u0131l \u00f6nce yakla\u015f\u0131k 70 olan \u00fcniversite say\u0131s\u0131n\u0131n bug\u00fcn 165&#8217;e ula\u015ft\u0131\u011f\u0131n\u0131 aktard\u0131.<\/p>\n<p style=\"text-align: justify;\">\u00dcniversite say\u0131s\u0131n\u0131n artmas\u0131yla kontenjan konusunun halledildi\u011fini ifade eden \u00d6zcan, \u201cAncak hala \u00fcniversite \u00f6\u011fretim \u00fcyesi bulmak gibi ciddi bir sorunumuz var\u201d dedi.<\/p>\n<p style=\"text-align: justify;\"><strong>&#8217;30-35 HOCA KALDI&#8217;\u00a0<\/strong><\/p>\n<p style=\"text-align: justify;\">\u00d6zcan, kendilerinden \u00f6nce katsay\u0131 konusunda \u00f6\u011frenciler aras\u0131nda korkun\u00e7 bir e\u015fitsizlik oldu\u011funu dile getirerek, \u015funlar\u0131 kaydetti:<\/p>\n<p style=\"text-align: justify;\">\u201cYapt\u0131\u011f\u0131m\u0131z \u00e7al\u0131\u015fmalarla herkesin kolayl\u0131kla ge\u00e7ebilece\u011fi bir katsay\u0131 fark\u0131 \u00fczerinde anla\u015ft\u0131k. Meclise, katsay\u0131n\u0131n hi\u00e7 olmamas\u0131n\u0131 sa\u011flayacak bir tasar\u0131 sunduk. Katsay\u0131y\u0131 tamamen kald\u0131rmay\u0131 ve \u00f6\u011frenciler aras\u0131nda tam bir e\u015fitlik sa\u011flamay\u0131 ama\u00e7l\u0131yoruz. Kamuoyunda takdir toplayan bir ba\u015fka icraat\u0131m\u0131z, ba\u015f\u00f6rt\u00fcs\u00fc ve k\u0131l\u0131k-k\u0131yafet serbestisiyle alakal\u0131yd\u0131. Bunu, \u00fcniversite \u00f6zerkli\u011finin bir \u015fart\u0131 olarak g\u00f6rd\u00fck ve yap\u0131lan uygulamay\u0131 hi\u00e7bir zaman tasvip etmedik. \u015eimdi \u00fcniversitelerimizin neredeyse tamam\u0131nda mesele halledilmi\u015ftir. 30-35 civar\u0131nda hocam\u0131z\u0131n hala buna kar\u015f\u0131 duru\u015fu var, onlar\u0131 yak\u0131ndan takip ediyoruz. Yak\u0131nda bu mesele de hallolmu\u015f olacak.\u201d<\/p>\n<p style=\"text-align: justify;\"><strong>&#8216;SON 4 YILDA YABANCI \u00d6\u011eRENC\u0130 SAYISI ARTTI&#8217;\u00a0<\/strong><\/p>\n<p style=\"text-align: justify;\">T\u00fcrkiye&#8217;ye daha fazla yabanc\u0131 \u00f6\u011frenci \u00e7ekmek istediklerini dile getiren \u00d6zcan, \u201cSon 4 y\u0131lda yabanc\u0131 \u00f6\u011frenci say\u0131s\u0131 16 binden 26 bine \u00e7\u0131km\u0131\u015ft\u0131r. Ancak bunu yeterli g\u00f6rm\u00fcyoruz, \u00e7\u00fcnk\u00fc bizim d\u0131\u015far\u0131 yollad\u0131\u011f\u0131m\u0131z \u00f6\u011frenci say\u0131s\u0131 50 bindir. Hi\u00e7 olmazsa gidenle gelen \u00f6\u011frenci say\u0131s\u0131n\u0131 e\u015fitlemeyi, daha sonra da bunu katlayarak devam ettirmeyi d\u00fc\u015f\u00fcn\u00fcyoruz. Bu, vak\u0131f \u00fcniversiteleri i\u00e7in hayati \u00f6neme sahiptir\u201d diye konu\u015ftu.<\/p>\n<p style=\"text-align: justify;\">\u00d6zcan, bunun, Y\u00d6K&#8217;\u00fcn rekabete a\u00e7\u0131lmas\u0131 ve ne kadar iyi olduklar\u0131n\u0131n g\u00f6r\u00fclmesi i\u00e7in de son derece gerekli oldu\u011funu vurgulayarak, \u201cBunu yapabilmek i\u00e7in ciddi bir yap\u0131sal de\u011fi\u015fiklik yapt\u0131k, Y\u00d6S&#8217;\u00fc kald\u0131rd\u0131k. Bu s\u0131nav, yabanc\u0131 \u00f6\u011frencilere sanki &#8216;gelmeyin&#8217; demekle e\u015fit bir uygulamayd\u0131\u201d ifadesini kulland\u0131.<\/p>\n<p style=\"text-align: justify;\">T\u00fcrk \u00fcniversitelerinin yabanc\u0131 \u00fcniversitelere entegrasyonunu daha iyi yapabilmek i\u00e7in \u201cMevlana\u201d isimli bir de\u011fi\u015fim program\u0131 ortaya koyduklar\u0131n\u0131 anlatan \u00d6zcan, \u201cSay\u0131n Ba\u015fbakan\u0131m\u0131zdan ricam\u0131z, ziyaret ettikleri yabanc\u0131 \u00fclkelerde bundan bahsedip, oradaki \u00fcniversitelerin T\u00fcrk \u00fcniversiteleriyle anla\u015fma yapmalar\u0131n\u0131 sa\u011flamak ve bu sayede \u00f6\u011frenci ve \u00f6\u011fretim \u00fcyesi de\u011fi\u015fimini ba\u015flatmakt\u0131r. Bunun b\u00fct\u00fcn mali k\u00fclfeti Y\u00d6K&#8217;\u00fcn \u00fczerindedir\u201d \u015feklinde konu\u015ftu.<\/p>\n<p style=\"text-align: justify;\">\u00d6zcan, \u00d6\u011fretim \u00dcyesi Yeti\u015ftirme Program\u0131ndan (\u00d6YP) da bahsederek, \u201cSay\u0131n Ba\u015fbakan\u0131m\u0131z, bize verdikleri 5 bin kadronun yan\u0131nda bu ama\u00e7 i\u00e7in ilave 3 bin 500 kadro vermektedirler. \u00dclkemizin ihtiya\u00e7lar\u0131 g\u00f6z \u00f6n\u00fcne al\u0131nd\u0131\u011f\u0131nda, ki 20 bin \u00f6\u011fretim \u00fcyesine ihtiyac\u0131m\u0131z var bug\u00fcn itibariyle, \u00d6YP projemiz can simidi niteli\u011findedir\u201d \u015feklinde konu\u015ftu.<\/p>\n<p style=\"text-align: justify;\">Yabanc\u0131 dil konusunda T\u00fcrkiye&#8217;de millet\u00e7e fazla bir bilgi ve birikimin olmad\u0131\u011f\u0131ndan duydu\u011fu \u00fcz\u00fcnt\u00fcy\u00fc dile getiren \u00d6zcan, bu konuda yapt\u0131klar\u0131 \u00e7al\u0131\u015fmalar\u0131 anlatt\u0131.<\/p>\n<p style=\"text-align: justify;\">\u00d6zcan, ulusal \u00f6\u011frenci konseylerine \u00f6nem verdiklerini aktararak, \u015f\u00f6yle devam etti:<\/p>\n<p style=\"text-align: justify;\">\u201c\u00d6\u011frencilerimizle olan ili\u015fkilerimizi onlar\u0131n kanal\u0131yla yapmak istiyoruz. Bu anlamda kendilerine Y\u00d6K&#8217;te bir oda ve b\u00fcy\u00fck bir salon tahsis ettik. O salonda bizimle daha yak\u0131ndan \u00e7al\u0131\u015fma imkan\u0131 buluyorlar. B\u00f6ylece, \u00f6\u011frencileri temsil etti\u011fini iddia eden marjinal gruplar\u0131n biraz daha etkisini azaltmak niyetindeyiz.\u201d<\/p>\n<p style=\"text-align: justify;\">T\u00fcm \u00f6\u011fretim elemanlar\u0131n\u0131, yabanc\u0131 lisanlar\u0131n\u0131 cilalamak ve d\u0131\u015far\u0131daki bilim adamlar\u0131yla network kurmak amac\u0131yla yurt d\u0131\u015f\u0131na yollad\u0131klar\u0131n\u0131 anlatan \u00d6zcan, \u201cBaz\u0131 \u00fcniversitelerin bundan haberi yok. Y\u00d6K&#8217;te b\u00f6yle bir imkan var, l\u00fctfen herkes bundan yararlans\u0131n. Bu program\u0131n b\u00fct\u00fcn finansman\u0131 Y\u00d6K taraf\u0131ndan kar\u015f\u0131lanmaktad\u0131r\u201d diye konu\u015ftu.<\/p>\n<p style=\"text-align: justify;\">\u00d6zcan, bilimsel yay\u0131nlar konusuna da i\u015faret ederek, \u201cBilimsel yay\u0131nlar, bizi memnun eden ama hen\u00fcz \u00fclkemize \u00e7ok yarar sa\u011flamayan bir noktada olan bir mesele. Bilimsel yay\u0131nlarda Avrupa&#8217;da yedinciyiz, bilimsel yay\u0131n art\u0131\u015f h\u0131z\u0131nda da d\u00fcnyada \u00fc\u00e7\u00fcnc\u00fcy\u00fcz. Ancak bu yay\u0131nlardan patent \u00e7\u0131karmada \u00e7ok geri kal\u0131yoruz. \u00dcniversitelerin bu konuda biraz yard\u0131ma ihtiyac\u0131 var\u201d \u015feklinde konu\u015ftu.<\/p>\n<p style=\"text-align: justify;\">Kendilerinden \u00f6nceki idarenin vak\u0131f \u00fcniversiteleriyle ilgili bir icraat\u0131 yasaklad\u0131\u011f\u0131n\u0131 ifade eden \u00d6zcan, vak\u0131f \u00fcniversitelerinin \u00f6n\u00fcn\u00fc a\u00e7t\u0131klar\u0131n\u0131 kaydetti.<\/p>\n<p style=\"text-align: justify;\">\u00d6zcan, Ba\u015fbakan Erdo\u011fan&#8217;a, genel b\u00fct\u00e7e i\u00e7erisinde milli e\u011fitime ayr\u0131lan pay\u0131n her sene giderek artmas\u0131ndan dolay\u0131 te\u015fekk\u00fcr etti.<\/p>\n<p style=\"text-align: justify;\"><a href=\"http:\/\/www.hurriyet.com.tr\/gundem\/18968506.asp\" target=\"_blank\">Kaynak : H\u00fcrriyet.com.tr<\/a><\/p>\n","protected":false},"excerpt":{"rendered":"<p style=\"text-align: center;\">\n<p style=\"text-align: justify;\">Y\u00d6K Ba\u015fkan\u0131 Prof. Dr. Yusuf Ziya \u00d6zcan, Meclise, katsay\u0131n\u0131n hi\u00e7 olmamas\u0131n\u0131 sa\u011flayacak bir tasar\u0131 sunduklar\u0131n\u0131 belirterek, \u201cKatsay\u0131y\u0131 tamamen kald\u0131rmay\u0131 ve \u00f6\u011frenciler aras\u0131nda tam bir e\u015fitlik sa\u011flamay\u0131 ama\u00e7l\u0131yoruz\u201d dedi. \u00dcniversitelerde t\u00fcrban ve k\u0131l\u0131k k\u0131yafet serbestisine de de\u011finen \u00d6zcan, &#8221;\u015eimdi \u00fcniversitelerimizin neredeyse tamam\u0131nda mesele halledilmi\u015ftir. 30-35 civar\u0131nda hocam\u0131z\u0131n hala buna kar\u015f\u0131 duru\u015fu <\/p>\n","protected":false},"author":1,"featured_media":0,"comment_status":"open","ping_status":"open","sticky":false,"template":"","format":"standard","meta":{"footnotes":""},"categories":[105],"tags":[],"class_list":["post-41035","post","type-post","status-publish","format-standard","hentry","category-gundem","odd"],"_links":{"self":[{"href":"http:\/\/www.korhanyilmaz.com\/index.php?rest_route=\/wp\/v2\/posts\/41035","targetHints":{"allow":["GET"]}}],"collection":[{"href":"http:\/\/www.korhanyilmaz.com\/index.php?rest_route=\/wp\/v2\/posts"}],"about":[{"href":"http:\/\/www.korhanyilmaz.com\/index.php?rest_route=\/wp\/v2\/types\/post"}],"author":[{"embeddable":true,"href":"http:\/\/www.korhanyilmaz.com\/index.php?rest_route=\/wp\/v2\/users\/1"}],"replies":[{"embeddable":true,"href":"http:\/\/www.korhanyilmaz.com\/index.php?rest_route=%2Fwp%2Fv2%2Fcomments&post=41035"}],"version-history":[{"count":0,"href":"http:\/\/www.korhanyilmaz.com\/index.php?rest_route=\/wp\/v2\/posts\/41035\/revisions"}],"wp:attachment":[{"href":"http:\/\/www.korhanyilmaz.com\/index.php?rest_route=%2Fwp%2Fv2%2Fmedia&parent=41035"}],"wp:term":[{"taxonomy":"category","embeddable":true,"href":"http:\/\/www.korhanyilmaz.com\/index.php?rest_route=%2Fwp%2Fv2%2Fcategories&post=41035"},{"taxonomy":"post_tag","embeddable":true,"href":"http:\/\/www.korhanyilmaz.com\/index.php?rest_route=%2Fwp%2Fv2%2Ftags&post=41035"}],"curies":[{"name":"wp","href":"https:\/\/api.w.org\/{rel}","templated":true}]}}