{"id":41030,"date":"2011-06-22T13:56:42","date_gmt":"2011-06-22T10:56:42","guid":{"rendered":"http:\/\/www.korhanyilmaz.com\/?p=41030"},"modified":"2012-02-12T01:01:09","modified_gmt":"2012-02-11T23:01:09","slug":"aydiner-son-derece-memnun-ayriliyorum","status":"publish","type":"post","link":"http:\/\/www.korhanyilmaz.com\/?p=41030","title":{"rendered":"Ayd\u0131ner : Son derece memnun ayr\u0131l\u0131yorum"},"content":{"rendered":"<p style=\"text-align: center;\"><a href=\"http:\/\/www.korhanyilmaz.com\/wp-content\/uploads\/2011\/10\/80441.jpg\"  class=\"lightview\"><img loading=\"lazy\" decoding=\"async\" class=\"aligncenter  wp-image-41032\" src=\"http:\/\/www.korhanyilmaz.com\/wp-content\/uploads\/2011\/10\/80441.jpg\" alt=\"\" width=\"360\" height=\"235\" \/><\/a><\/p>\n<p style=\"text-align: justify;\">Eski\u015fehir Cumhuriyet Ba\u015fsavc\u0131s\u0131 Ekrem Ayd\u0131ner \u0130stanbul Kad\u0131k\u00f6y Ba\u015fsavc\u0131l\u0131\u011f\u0131&#8217;na, Ayd\u0131ner&#8217;in yerine ise Ad\u0131yaman Cumhuriyet Ba\u015fsavc\u0131s\u0131 Orhan \u00c7eting\u00fcl atand\u0131.<\/p>\n<p style=\"text-align: justify;\">Adliye Saray\u0131&#8217;ndaki makam\u0131nda bas\u0131n mensuplar\u0131yla vedala\u015fan Ba\u015fsavc\u0131 Ayd\u0131ner, Eski\u015fehir&#8217;in T\u00fcrkiye&#8217;nin parlayan y\u0131ld\u0131z\u0131 oldu\u011funu belirterek, &#8221;Eski\u015fehir&#8217;e isteyerek de\u011fil, ama severek gelmi\u015ftim. Burada umdu\u011fumdan daha k\u0131sa bir s\u00fcre g\u00f6rev yapt\u0131m.<!--more--><\/p>\n<p style=\"text-align: justify;\">Eski\u015fehir&#8217;in g\u00fczel bir \u015fehir oldu\u011funu herkes biliyor. Buradan nereye gidersem gideyim, kesinlikle buray\u0131 arayaca\u011f\u0131m. Tabi ki bize nerde g\u00f6rev verilirse orada g\u00f6revimizi en iyi \u015fekilde yerine getirmeye \u00e7al\u0131\u015faca\u011f\u0131z. Eski\u015fehir&#8217;den giderken g\u00f6nl\u00fcm rahat bir \u015fekilde gidiyorum. \u00c7\u00fcnk\u00fc kimse diyemez ki bana yanl\u0131 davrand\u0131n. Kimseye yak\u0131n olmad\u0131m. Yakla\u015f\u0131k iki y\u0131l g\u00f6rev yapt\u0131m. \u0130steyerek buraya gelmemi\u015ftim. Ancak \u015fimdi giderken zorluk \u00e7ekiyorum&#8221; diye konu\u015ftu.<\/p>\n<p style=\"text-align: justify;\"><strong>&#8220;ESK\u0130\u015eEH\u0130R YARGIDA SORUNSUZ B\u0130R \u015eEH\u0130R&#8221;<\/strong><\/p>\n<p style=\"text-align: justify;\">Eski\u015fehir&#8217;in yarg\u0131da sorunsuz bir \u015fehir oldu\u011funu vurgulayan Ayd\u0131ner, &#8221;\u00c7ok g\u00fczel bir Adliye Saray\u0131 var. \u00c7al\u0131\u015fan personel gelen i\u015fleri rahatl\u0131kla kald\u0131rabilecek durumda. Burada yarg\u0131 sorunsuz devam ediyor. T\u00fcrkiye&#8217;de bulunan di\u011fer \u015fehirlerde Eski\u015fehir&#8217;in \u015fimdiki konuma geldiklerinde, T\u00fcrkiye&#8217;de yarg\u0131da sorun kalmayaca\u011f\u0131n\u0131 d\u00fc\u015f\u00fcn\u00fcyorum&#8221;dedi.<\/p>\n<p style=\"text-align: justify;\"><a href=\"http:\/\/www.porsukekspres.com\/TR\/ana-sayfa\/7821_aydiner-son-derece-memnun-ayriliyorum.aspx\" target=\"_blank\">Kaynak : porsukekspres.com<\/a><\/p>\n","protected":false},"excerpt":{"rendered":"<p style=\"text-align: center;\">\n<p style=\"text-align: justify;\">Eski\u015fehir Cumhuriyet Ba\u015fsavc\u0131s\u0131 Ekrem Ayd\u0131ner \u0130stanbul Kad\u0131k\u00f6y Ba\u015fsavc\u0131l\u0131\u011f\u0131&#8217;na, Ayd\u0131ner&#8217;in yerine ise Ad\u0131yaman Cumhuriyet Ba\u015fsavc\u0131s\u0131 Orhan \u00c7eting\u00fcl atand\u0131.<\/p>\n<p style=\"text-align: justify;\">Adliye Saray\u0131&#8217;ndaki makam\u0131nda bas\u0131n mensuplar\u0131yla vedala\u015fan Ba\u015fsavc\u0131 Ayd\u0131ner, Eski\u015fehir&#8217;in T\u00fcrkiye&#8217;nin parlayan y\u0131ld\u0131z\u0131 oldu\u011funu belirterek, &#8221;Eski\u015fehir&#8217;e isteyerek de\u011fil, ama severek gelmi\u015ftim. Burada umdu\u011fumdan daha k\u0131sa bir s\u00fcre g\u00f6rev yapt\u0131m.<\/p>\n","protected":false},"author":1,"featured_media":0,"comment_status":"open","ping_status":"open","sticky":false,"template":"","format":"standard","meta":{"footnotes":""},"categories":[105],"tags":[935],"class_list":["post-41030","post","type-post","status-publish","format-standard","hentry","category-gundem","tag-ekrem-aydiner","odd"],"_links":{"self":[{"href":"http:\/\/www.korhanyilmaz.com\/index.php?rest_route=\/wp\/v2\/posts\/41030","targetHints":{"allow":["GET"]}}],"collection":[{"href":"http:\/\/www.korhanyilmaz.com\/index.php?rest_route=\/wp\/v2\/posts"}],"about":[{"href":"http:\/\/www.korhanyilmaz.com\/index.php?rest_route=\/wp\/v2\/types\/post"}],"author":[{"embeddable":true,"href":"http:\/\/www.korhanyilmaz.com\/index.php?rest_route=\/wp\/v2\/users\/1"}],"replies":[{"embeddable":true,"href":"http:\/\/www.korhanyilmaz.com\/index.php?rest_route=%2Fwp%2Fv2%2Fcomments&post=41030"}],"version-history":[{"count":0,"href":"http:\/\/www.korhanyilmaz.com\/index.php?rest_route=\/wp\/v2\/posts\/41030\/revisions"}],"wp:attachment":[{"href":"http:\/\/www.korhanyilmaz.com\/index.php?rest_route=%2Fwp%2Fv2%2Fmedia&parent=41030"}],"wp:term":[{"taxonomy":"category","embeddable":true,"href":"http:\/\/www.korhanyilmaz.com\/index.php?rest_route=%2Fwp%2Fv2%2Fcategories&post=41030"},{"taxonomy":"post_tag","embeddable":true,"href":"http:\/\/www.korhanyilmaz.com\/index.php?rest_route=%2Fwp%2Fv2%2Ftags&post=41030"}],"curies":[{"name":"wp","href":"https:\/\/api.w.org\/{rel}","templated":true}]}}